{"id":644943,"date":"2023-10-13T15:53:40","date_gmt":"2023-10-13T11:53:40","guid":{"rendered":"https:\/\/arantv.az\/?p=644943"},"modified":"2023-10-13T15:53:40","modified_gmt":"2023-10-13T11:53:40","slug":"fransada-m%c9%99kt%c9%99b%c9%99-bicaqli-hucum-ol%c9%99n-v%c9%99-yaralananlar-var-video","status":"publish","type":"post","link":"https:\/\/arantv.az\/?p=644943","title":{"rendered":"Fransada m\u0259kt\u0259b\u0259 b\u0131\u00e7aql\u0131 h\u00fccum: \u00d6l\u0259n v\u0259 yaralananlar var &#8211; V\u0130DEO"},"content":{"rendered":"<p>Fransan\u0131n Arras \u015f\u0259h\u0259rind\u0259 m\u0259kt\u0259b\u0259 b\u0131\u00e7aql\u0131 h\u00fccum olub.<\/p>\n<p>Bu bar\u0259d\u0259 polisd\u0259ki m\u0259nb\u0259d\u0259n x\u0259b\u0259r verilib.<\/p>\n<p>Bildirilir ki, h\u00fccum n\u0259tic\u0259sind\u0259 bir m\u00fc\u0259llim h\u0259lak olub, bir ne\u00e7\u0259 n\u0259f\u0259r yaralan\u0131b. Yaral\u0131lardan ikisinin v\u0259ziyy\u0259ti a\u011f\u0131rd\u0131r.<\/p>\n<p>Fransan\u0131n daxili i\u015fl\u0259r naziri Jerald Darmanin m\u0259kt\u0259bd\u0259 ba\u015f ver\u0259n insidenti t\u0259sdiql\u0259yib. Onun s\u00f6zl\u0259rin\u0259 g\u00f6r\u0259, orada polis \u0259m\u0259liyyat ke\u00e7irib v\u0259 cinay\u0259tkar saxlan\u0131l\u0131b. \u0130ddialara g\u00f6r\u0259, h\u00fccum ed\u0259n \u015f\u0259xs \u0259r\u0259bc\u0259 dini \u015f\u00fcar s\u0259sl\u0259ndirib.<\/p>\n<p>Bundan ba\u015fqa, h\u00fccum\u00e7unun qarda\u015f\u0131n\u0131n da saxlan\u0131ld\u0131\u011f\u0131 bildirilib.<\/p>\n<p>Hadis\u0259d\u0259n sonra \u015f\u0259h\u0259rd\u0259ki b\u00fct\u00fcn t\u0259hsil m\u00fc\u0259ssis\u0259l\u0259ri ba\u011flan\u0131b.<\/p>\n<p>Bir g\u00fcn \u0259vv\u0259l \u0130srail hakimiyy\u0259ti d\u00fcnyadak\u0131 h\u0259mv\u0259t\u0259nl\u0259rin\u0259 v\u0259 y\u0259hudil\u0259r\u0259 H\u018fMAS-\u0131n 13 oktyabr c\u00fcm\u0259 g\u00fcn\u00fc elan etdiyi \u201cq\u0259z\u0259b g\u00fcn\u00fc\u201d (v\u0259 ya \u201ccihad g\u00fcn\u00fc\u201d) il\u0259 ba\u011fl\u0131 x\u0259b\u0259rdarl\u0131q edib.<\/p>\n<div><iframe loading=\"lazy\" src=\"https:\/\/baku.tv\/embed\/102626\" width=\"560\" height=\"315\" frameborder=\"0\" allowfullscreen=\"allowfullscreen\" data-mce-fragment=\"1\"><\/iframe><\/div>\n<p>M\u0259nb\u0259: BFMTV<\/p>\n","protected":false},"excerpt":{"rendered":"<p>Fransan\u0131n Arras \u015f\u0259h\u0259rind\u0259 m\u0259kt\u0259b\u0259 b\u0131\u00e7aql\u0131 h\u00fccum olub. Bu bar\u0259d\u0259 polisd\u0259ki m\u0259nb\u0259d\u0259n x\u0259b\u0259r verilib. Bildirilir ki, h\u00fccum n\u0259tic\u0259sind\u0259 bir m\u00fc\u0259llim h\u0259lak olub, bir ne\u00e7\u0259 n\u0259f\u0259r yaralan\u0131b. Yaral\u0131lardan ikisinin v\u0259ziyy\u0259ti a\u011f\u0131rd\u0131r. Fransan\u0131n daxili i\u015fl\u0259r naziri Jerald Darmanin m\u0259kt\u0259bd\u0259 ba\u015f ver\u0259n insidenti t\u0259sdiql\u0259yib. Onun s\u00f6zl\u0259rin\u0259 g\u00f6r\u0259, orada polis \u0259m\u0259liyyat ke\u00e7irib v\u0259 cinay\u0259tkar saxlan\u0131l\u0131b. \u0130ddialara g\u00f6r\u0259, h\u00fccum ed\u0259n \u015f\u0259xs \u0259r\u0259bc\u0259 dini \u015f\u00fcar s\u0259sl\u0259ndirib. Bundan ba\u015fqa, h\u00fccum\u00e7unun qarda\u015f\u0131n\u0131n da saxlan\u0131ld\u0131\u011f\u0131 bildirilib. Hadis\u0259d\u0259n sonra \u015f\u0259h\u0259rd\u0259ki b\u00fct\u00fcn t\u0259hsil m\u00fc\u0259ssis\u0259l\u0259ri ba\u011flan\u0131b. Bir g\u00fcn \u0259vv\u0259l \u0130srail hakimiyy\u0259ti d\u00fcnyadak\u0131 h\u0259mv\u0259t\u0259nl\u0259rin\u0259 v\u0259 y\u0259hudil\u0259r\u0259 H\u018fMAS-\u0131n 13 oktyabr c\u00fcm\u0259 g\u00fcn\u00fc elan etdiyi \u201cq\u0259z\u0259b&hellip;<\/p>\n","protected":false},"author":2,"featured_media":644946,"comment_status":"closed","ping_status":"closed","sticky":false,"template":"","format":"standard","meta":{"om_disable_all_campaigns":false,"_monsterinsights_skip_tracking":false,"_monsterinsights_sitenote_active":false,"_monsterinsights_sitenote_note":"","_monsterinsights_sitenote_category":0},"categories":[7],"tags":[],"aioseo_notices":[],"gutentor_comment":0,"rttpg_featured_image_url":{"full":["https:\/\/arantv.az\/wp-content\/uploads\/2023\/10\/2289_multi_3lpms_mr8qm0-H.jpg",620,413,false],"landscape":["https:\/\/arantv.az\/wp-content\/uploads\/2023\/10\/2289_multi_3lpms_mr8qm0-H.jpg",620,413,false],"portraits":["https:\/\/arantv.az\/wp-content\/uploads\/2023\/10\/2289_multi_3lpms_mr8qm0-H.jpg",620,413,false],"thumbnail":["https:\/\/arantv.az\/wp-content\/uploads\/2023\/10\/2289_multi_3lpms_mr8qm0-H-500x280.jpg",500,280,true],"medium":["https:\/\/arantv.az\/wp-content\/uploads\/2023\/10\/2289_multi_3lpms_mr8qm0-H-548x365.jpg",548,365,true],"large":["https:\/\/arantv.az\/wp-content\/uploads\/2023\/10\/2289_multi_3lpms_mr8qm0-H.jpg",620,413,false],"1536x1536":["https:\/\/arantv.az\/wp-content\/uploads\/2023\/10\/2289_multi_3lpms_mr8qm0-H.jpg",620,413,false],"2048x2048":["https:\/\/arantv.az\/wp-content\/uploads\/2023\/10\/2289_multi_3lpms_mr8qm0-H.jpg",620,413,false],"post-thumbnail":["https:\/\/arantv.az\/wp-content\/uploads\/2023\/10\/2289_multi_3lpms_mr8qm0-H-240x172.jpg",240,172,true],"advps-thumb-one":["https:\/\/arantv.az\/wp-content\/uploads\/2023\/10\/2289_multi_3lpms_mr8qm0-H.jpg",620,413,false]},"rttpg_author":{"display_name":"V\u00fcsal Rafiqo\u011flu","author_link":"https:\/\/arantv.az\/?author=2"},"rttpg_comment":0,"rttpg_category":"<a href=\"https:\/\/arantv.az\/?cat=7\" rel=\"category\">D\u00fcnya<\/a>","rttpg_excerpt":"Fransan\u0131n Arras \u015f\u0259h\u0259rind\u0259 m\u0259kt\u0259b\u0259 b\u0131\u00e7aql\u0131 h\u00fccum olub. Bu bar\u0259d\u0259 polisd\u0259ki m\u0259nb\u0259d\u0259n x\u0259b\u0259r verilib. Bildirilir ki, h\u00fccum n\u0259tic\u0259sind\u0259 bir m\u00fc\u0259llim h\u0259lak olub, bir ne\u00e7\u0259 n\u0259f\u0259r yaralan\u0131b. Yaral\u0131lardan ikisinin v\u0259ziyy\u0259ti a\u011f\u0131rd\u0131r. Fransan\u0131n daxili i\u015fl\u0259r naziri Jerald Darmanin m\u0259kt\u0259bd\u0259 ba\u015f ver\u0259n insidenti t\u0259sdiql\u0259yib. Onun s\u00f6zl\u0259rin\u0259 g\u00f6r\u0259, orada polis \u0259m\u0259liyyat ke\u00e7irib v\u0259 cinay\u0259tkar saxlan\u0131l\u0131b. \u0130ddialara g\u00f6r\u0259, h\u00fccum ed\u0259n \u015f\u0259xs&hellip;","_links":{"self":[{"href":"https:\/\/arantv.az\/index.php?rest_route=\/wp\/v2\/posts\/644943"}],"collection":[{"href":"https:\/\/arantv.az\/index.php?rest_route=\/wp\/v2\/posts"}],"about":[{"href":"https:\/\/arantv.az\/index.php?rest_route=\/wp\/v2\/types\/post"}],"author":[{"embeddable":true,"href":"https:\/\/arantv.az\/index.php?rest_route=\/wp\/v2\/users\/2"}],"replies":[{"embeddable":true,"href":"https:\/\/arantv.az\/index.php?rest_route=%2Fwp%2Fv2%2Fcomments&post=644943"}],"version-history":[{"count":0,"href":"https:\/\/arantv.az\/index.php?rest_route=\/wp\/v2\/posts\/644943\/revisions"}],"wp:featuredmedia":[{"embeddable":true,"href":"https:\/\/arantv.az\/index.php?rest_route=\/wp\/v2\/media\/644946"}],"wp:attachment":[{"href":"https:\/\/arantv.az\/index.php?rest_route=%2Fwp%2Fv2%2Fmedia&parent=644943"}],"wp:term":[{"taxonomy":"category","embeddable":true,"href":"https:\/\/arantv.az\/index.php?rest_route=%2Fwp%2Fv2%2Fcategories&post=644943"},{"taxonomy":"post_tag","embeddable":true,"href":"https:\/\/arantv.az\/index.php?rest_route=%2Fwp%2Fv2%2Ftags&post=644943"}],"curies":[{"name":"wp","href":"https:\/\/api.w.org\/{rel}","templated":true}]}}