{"id":644949,"date":"2023-10-13T15:55:13","date_gmt":"2023-10-13T11:55:13","guid":{"rendered":"https:\/\/arantv.az\/?p=644949"},"modified":"2023-10-13T15:55:13","modified_gmt":"2023-10-13T11:55:13","slug":"xin-fuzulid%c9%99-bas-vermis-mina-hadis%c9%99si-il%c9%99-bagli-m%c9%99lumat-yayib-foto","status":"publish","type":"post","link":"https:\/\/arantv.az\/?p=644949","title":{"rendered":"X\u0130N F\u00fczulid\u0259 ba\u015f vermi\u015f mina hadis\u0259si il\u0259 ba\u011fl\u0131 m\u0259lumat yay\u0131b &#8211; FOTO"},"content":{"rendered":"<p>Mina qurbanlar\u0131n\u0131n say\u0131 333 n\u0259f\u0259r\u0259 \u00e7at\u0131b.<\/p>\n<p>Bu bar\u0259d\u0259 Xarici \u0130\u015fl\u0259r Nazirliyi \u201cX\u201d hesab\u0131nda payla\u015f\u0131m edib.<\/p>\n<p>\u201cErm\u0259nistan\u0131n yerl\u0259\u015fdirdiyi minalar az\u0259rbaycanl\u0131lar\u0131 \u00f6ld\u00fcrm\u0259kd\u0259 v\u0259 \u015fik\u0259st etm\u0259kd\u0259 davam edir. Bu g\u00fcn bir m\u00fclki \u015f\u0259xs h\u0259lak olub, bir n\u0259f\u0259r yaralan\u0131b, qurbanlar\u0131n say\u0131 333-\u0259 \u00e7at\u0131b.<\/p>\n<p>Beyn\u0259lxalq ictimaiyy\u0259t bu t\u0259hl\u00fck\u0259y\u0259 g\u00f6z yummamal\u0131 v\u0259 Erm\u0259nistan\u0131 mina sah\u0259l\u0259rinin d\u0259qiq x\u0259rit\u0259l\u0259rini verm\u0259y\u0259 \u00e7a\u011f\u0131rmal\u0131d\u0131r\u201d,- payla\u015f\u0131mda qeyd olunub.<\/p>\n<div>\n<div class=\"twitter-tweet twitter-tweet-rendered\"><iframe id=\"twitter-widget-0\" class=\"\" title=\"Twitter Tweet\" src=\"https:\/\/platform.twitter.com\/embed\/Tweet.html?creatorScreenName=oxuaz&amp;dnt=false&amp;embedId=twitter-widget-0&amp;features=eyJ0ZndfdGltZWxpbmVfbGlzdCI6eyJidWNrZXQiOltdLCJ2ZXJzaW9uIjpudWxsfSwidGZ3X2ZvbGxvd2VyX2NvdW50X3N1bnNldCI6eyJidWNrZXQiOnRydWUsInZlcnNpb24iOm51bGx9LCJ0ZndfdHdlZXRfZWRpdF9iYWNrZW5kIjp7ImJ1Y2tldCI6Im9uIiwidmVyc2lvbiI6bnVsbH0sInRmd19yZWZzcmNfc2Vzc2lvbiI6eyJidWNrZXQiOiJvbiIsInZlcnNpb24iOm51bGx9LCJ0ZndfZm9zbnJfc29mdF9pbnRlcnZlbnRpb25zX2VuYWJsZWQiOnsiYnVja2V0Ijoib24iLCJ2ZXJzaW9uIjpudWxsfSwidGZ3X21peGVkX21lZGlhXzE1ODk3Ijp7ImJ1Y2tldCI6InRyZWF0bWVudCIsInZlcnNpb24iOm51bGx9LCJ0ZndfZXhwZXJpbWVudHNfY29va2llX2V4cGlyYXRpb24iOnsiYnVja2V0IjoxMjA5NjAwLCJ2ZXJzaW9uIjpudWxsfSwidGZ3X3Nob3dfYmlyZHdhdGNoX3Bpdm90c19lbmFibGVkIjp7ImJ1Y2tldCI6Im9uIiwidmVyc2lvbiI6bnVsbH0sInRmd19kdXBsaWNhdGVfc2NyaWJlc190b19zZXR0aW5ncyI6eyJidWNrZXQiOiJvbiIsInZlcnNpb24iOm51bGx9LCJ0ZndfdXNlX3Byb2ZpbGVfaW1hZ2Vfc2hhcGVfZW5hYmxlZCI6eyJidWNrZXQiOiJvbiIsInZlcnNpb24iOm51bGx9LCJ0ZndfdmlkZW9faGxzX2R5bmFtaWNfbWFuaWZlc3RzXzE1MDgyIjp7ImJ1Y2tldCI6InRydWVfYml0cmF0ZSIsInZlcnNpb24iOm51bGx9LCJ0ZndfbGVnYWN5X3RpbWVsaW5lX3N1bnNldCI6eyJidWNrZXQiOnRydWUsInZlcnNpb24iOm51bGx9LCJ0ZndfdHdlZXRfZWRpdF9mcm9udGVuZCI6eyJidWNrZXQiOiJvbiIsInZlcnNpb24iOm51bGx9fQ%3D%3D&amp;frame=false&amp;hideCard=false&amp;hideThread=false&amp;id=1712790360991121541&amp;lang=en&amp;origin=https%3A%2F%2Foxu.az%2Fpolitics%2F789723&amp;sessionId=d9bcec30179ac1093f374c4553a171ff0a80a781&amp;siteScreenName=oxuaz&amp;theme=light&amp;widgetsVersion=01917f4d1d4cb%3A1696883169554&amp;width=550px\" frameborder=\"0\" scrolling=\"no\" allowfullscreen=\"allowfullscreen\" data-tweet-id=\"1712790360991121541\" data-mce-fragment=\"1\"><\/iframe><\/div>\n<\/div>\n<p>&nbsp;<\/p>\n","protected":false},"excerpt":{"rendered":"<p>Mina qurbanlar\u0131n\u0131n say\u0131 333 n\u0259f\u0259r\u0259 \u00e7at\u0131b. Bu bar\u0259d\u0259 Xarici \u0130\u015fl\u0259r Nazirliyi \u201cX\u201d hesab\u0131nda payla\u015f\u0131m edib. \u201cErm\u0259nistan\u0131n yerl\u0259\u015fdirdiyi minalar az\u0259rbaycanl\u0131lar\u0131 \u00f6ld\u00fcrm\u0259kd\u0259 v\u0259 \u015fik\u0259st etm\u0259kd\u0259 davam edir. Bu g\u00fcn bir m\u00fclki \u015f\u0259xs h\u0259lak olub, bir n\u0259f\u0259r yaralan\u0131b, qurbanlar\u0131n say\u0131 333-\u0259 \u00e7at\u0131b. Beyn\u0259lxalq ictimaiyy\u0259t bu t\u0259hl\u00fck\u0259y\u0259 g\u00f6z yummamal\u0131 v\u0259 Erm\u0259nistan\u0131 mina sah\u0259l\u0259rinin d\u0259qiq x\u0259rit\u0259l\u0259rini verm\u0259y\u0259 \u00e7a\u011f\u0131rmal\u0131d\u0131r\u201d,- payla\u015f\u0131mda qeyd olunub. &nbsp;<\/p>\n","protected":false},"author":2,"featured_media":557829,"comment_status":"closed","ping_status":"closed","sticky":false,"template":"","format":"standard","meta":{"om_disable_all_campaigns":false,"_monsterinsights_skip_tracking":false,"_monsterinsights_sitenote_active":false,"_monsterinsights_sitenote_note":"","_monsterinsights_sitenote_category":0},"categories":[4],"tags":[],"aioseo_notices":[],"gutentor_comment":0,"rttpg_featured_image_url":{"full":["https:\/\/arantv.az\/wp-content\/uploads\/2023\/01\/XIN.jpg",975,540,false],"landscape":["https:\/\/arantv.az\/wp-content\/uploads\/2023\/01\/XIN.jpg",975,540,false],"portraits":["https:\/\/arantv.az\/wp-content\/uploads\/2023\/01\/XIN.jpg",975,540,false],"thumbnail":["https:\/\/arantv.az\/wp-content\/uploads\/2023\/01\/XIN-500x280.jpg",500,280,true],"medium":["https:\/\/arantv.az\/wp-content\/uploads\/2023\/01\/XIN-660x365.jpg",660,365,true],"large":["https:\/\/arantv.az\/wp-content\/uploads\/2023\/01\/XIN-840x465.jpg",640,354,true],"1536x1536":["https:\/\/arantv.az\/wp-content\/uploads\/2023\/01\/XIN.jpg",975,540,false],"2048x2048":["https:\/\/arantv.az\/wp-content\/uploads\/2023\/01\/XIN.jpg",975,540,false],"post-thumbnail":["https:\/\/arantv.az\/wp-content\/uploads\/2023\/01\/XIN-240x172.jpg",240,172,true],"advps-thumb-one":["https:\/\/arantv.az\/wp-content\/uploads\/2023\/01\/XIN.jpg",975,540,false]},"rttpg_author":{"display_name":"V\u00fcsal Rafiqo\u011flu","author_link":"https:\/\/arantv.az\/?author=2"},"rttpg_comment":0,"rttpg_category":"<a href=\"https:\/\/arantv.az\/?cat=4\" rel=\"category\">Siyas\u0259t<\/a>","rttpg_excerpt":"Mina qurbanlar\u0131n\u0131n say\u0131 333 n\u0259f\u0259r\u0259 \u00e7at\u0131b. Bu bar\u0259d\u0259 Xarici \u0130\u015fl\u0259r Nazirliyi \u201cX\u201d hesab\u0131nda payla\u015f\u0131m edib. \u201cErm\u0259nistan\u0131n yerl\u0259\u015fdirdiyi minalar az\u0259rbaycanl\u0131lar\u0131 \u00f6ld\u00fcrm\u0259kd\u0259 v\u0259 \u015fik\u0259st etm\u0259kd\u0259 davam edir. Bu g\u00fcn bir m\u00fclki \u015f\u0259xs h\u0259lak olub, bir n\u0259f\u0259r yaralan\u0131b, qurbanlar\u0131n say\u0131 333-\u0259 \u00e7at\u0131b. Beyn\u0259lxalq ictimaiyy\u0259t bu t\u0259hl\u00fck\u0259y\u0259 g\u00f6z yummamal\u0131 v\u0259 Erm\u0259nistan\u0131 mina sah\u0259l\u0259rinin d\u0259qiq x\u0259rit\u0259l\u0259rini verm\u0259y\u0259 \u00e7a\u011f\u0131rmal\u0131d\u0131r\u201d,- payla\u015f\u0131mda qeyd&hellip;","_links":{"self":[{"href":"https:\/\/arantv.az\/index.php?rest_route=\/wp\/v2\/posts\/644949"}],"collection":[{"href":"https:\/\/arantv.az\/index.php?rest_route=\/wp\/v2\/posts"}],"about":[{"href":"https:\/\/arantv.az\/index.php?rest_route=\/wp\/v2\/types\/post"}],"author":[{"embeddable":true,"href":"https:\/\/arantv.az\/index.php?rest_route=\/wp\/v2\/users\/2"}],"replies":[{"embeddable":true,"href":"https:\/\/arantv.az\/index.php?rest_route=%2Fwp%2Fv2%2Fcomments&post=644949"}],"version-history":[{"count":0,"href":"https:\/\/arantv.az\/index.php?rest_route=\/wp\/v2\/posts\/644949\/revisions"}],"wp:featuredmedia":[{"embeddable":true,"href":"https:\/\/arantv.az\/index.php?rest_route=\/wp\/v2\/media\/557829"}],"wp:attachment":[{"href":"https:\/\/arantv.az\/index.php?rest_route=%2Fwp%2Fv2%2Fmedia&parent=644949"}],"wp:term":[{"taxonomy":"category","embeddable":true,"href":"https:\/\/arantv.az\/index.php?rest_route=%2Fwp%2Fv2%2Fcategories&post=644949"},{"taxonomy":"post_tag","embeddable":true,"href":"https:\/\/arantv.az\/index.php?rest_route=%2Fwp%2Fv2%2Ftags&post=644949"}],"curies":[{"name":"wp","href":"https:\/\/api.w.org\/{rel}","templated":true}]}}