{"id":64496,"date":"2019-06-05T15:27:38","date_gmt":"2019-06-05T12:27:38","guid":{"rendered":"http:\/\/arantv.az\/?p=64496"},"modified":"2019-06-05T15:27:38","modified_gmt":"2019-06-05T12:27:38","slug":"zakir-h%c9%99s%c9%99nov-mdb-mudafi%c9%99-nazirl%c9%99ri-surasinin-iclasinda-istirak-edib","status":"publish","type":"post","link":"https:\/\/arantv.az\/?p=64496","title":{"rendered":"Zakir H\u0259s\u0259nov MDB M\u00fcdafi\u0259 Nazirl\u0259ri \u015euras\u0131n\u0131n iclas\u0131nda i\u015ftirak edib"},"content":{"rendered":"<p>Bug\u00fcn\u00a0<a class=\"kw-link\" title=\"Rusiya x\u0259b\u0259rl\u0259ri\" href=\"https:\/\/metbuat.az\/news\/search?q=rusiya\" target=\"_blank\" rel=\"noopener\">Rusiya<\/a>\u00a0Federasiyas\u0131n\u0131n MDB i\u015ftirak\u00e7\u0131 d\u00f6vl\u0259tl\u0259rinin M\u00fcdafi\u0259 Nazirl\u0259ri \u015euras\u0131n\u0131n iclas\u0131 ke\u00e7irilib.<\/p>\n<p><strong>ARANTV.AZ<\/strong>\u00a0 x\u0259b\u0259r verir ki,\u00a0<a class=\"kw-link\" title=\"Az\u0259rbaycan x\u0259b\u0259rl\u0259ri\" href=\"https:\/\/metbuat.az\/news\/search?q=az%C9%99rbaycan\" target=\"_blank\" rel=\"noopener\">Az\u0259rbaycan<\/a>respublikas\u0131n\u0131n M\u00fcdafi\u0259 naziri general-polkovnik Zakir H\u0259s\u0259nov da iclasda i\u015ftirak edib.<\/p>\n<p>\u0130clasdan \u0259vv\u0259l B\u00f6y\u00fck V\u0259t\u0259n M\u00fcharib\u0259sind\u0259 h\u0259lak olanlar\u0131n xatir\u0259sin\u0259 ucald\u0131lm\u0131\u015f memorial ziyar\u0259t edilib, q\u0259hr\u0259manlar\u0131n xatir\u0259si ehtiramla yad edilib. \u0130clasda MDB \u00e7\u0259r\u00e7iv\u0259sind\u0259 h\u0259rbi \u0259m\u0259kda\u015fl\u0131q m\u0259s\u0259l\u0259l\u0259rinin m\u00fcxt\u0259lif aspektl\u0259ri v\u0259 qar\u015f\u0131da duran m\u0259s\u0259l\u0259l\u0259r m\u00fczakir\u0259 olunub.Metbuat.az<\/p>\n","protected":false},"excerpt":{"rendered":"<p>Bug\u00fcn\u00a0Rusiya\u00a0Federasiyas\u0131n\u0131n MDB i\u015ftirak\u00e7\u0131 d\u00f6vl\u0259tl\u0259rinin M\u00fcdafi\u0259 Nazirl\u0259ri \u015euras\u0131n\u0131n iclas\u0131 ke\u00e7irilib. ARANTV.AZ\u00a0 x\u0259b\u0259r verir ki,\u00a0Az\u0259rbaycanrespublikas\u0131n\u0131n M\u00fcdafi\u0259 naziri general-polkovnik Zakir H\u0259s\u0259nov da iclasda i\u015ftirak edib. \u0130clasdan \u0259vv\u0259l B\u00f6y\u00fck V\u0259t\u0259n M\u00fcharib\u0259sind\u0259 h\u0259lak olanlar\u0131n xatir\u0259sin\u0259 ucald\u0131lm\u0131\u015f memorial ziyar\u0259t edilib, q\u0259hr\u0259manlar\u0131n xatir\u0259si ehtiramla yad edilib. \u0130clasda MDB \u00e7\u0259r\u00e7iv\u0259sind\u0259 h\u0259rbi \u0259m\u0259kda\u015fl\u0131q m\u0259s\u0259l\u0259l\u0259rinin m\u00fcxt\u0259lif aspektl\u0259ri v\u0259 qar\u015f\u0131da duran m\u0259s\u0259l\u0259l\u0259r m\u00fczakir\u0259 olunub.Metbuat.az<\/p>\n","protected":false},"author":2,"featured_media":64497,"comment_status":"closed","ping_status":"closed","sticky":false,"template":"","format":"standard","meta":{"om_disable_all_campaigns":false,"_monsterinsights_skip_tracking":false,"_monsterinsights_sitenote_active":false,"_monsterinsights_sitenote_note":"","_monsterinsights_sitenote_category":0},"categories":[19],"tags":[],"aioseo_notices":[],"gutentor_comment":0,"rttpg_featured_image_url":{"full":["https:\/\/arantv.az\/wp-content\/uploads\/2019\/06\/1202604.jpg",734,519,false],"landscape":["https:\/\/arantv.az\/wp-content\/uploads\/2019\/06\/1202604.jpg",734,519,false],"portraits":["https:\/\/arantv.az\/wp-content\/uploads\/2019\/06\/1202604.jpg",734,519,false],"thumbnail":["https:\/\/arantv.az\/wp-content\/uploads\/2019\/06\/1202604-150x150.jpg",150,150,true],"medium":["https:\/\/arantv.az\/wp-content\/uploads\/2019\/06\/1202604-300x212.jpg",300,212,true],"large":["https:\/\/arantv.az\/wp-content\/uploads\/2019\/06\/1202604.jpg",640,453,false],"1536x1536":["https:\/\/arantv.az\/wp-content\/uploads\/2019\/06\/1202604.jpg",734,519,false],"2048x2048":["https:\/\/arantv.az\/wp-content\/uploads\/2019\/06\/1202604.jpg",734,519,false],"post-thumbnail":["https:\/\/arantv.az\/wp-content\/uploads\/2019\/06\/1202604-240x172.jpg",240,172,true],"advps-thumb-one":["https:\/\/arantv.az\/wp-content\/uploads\/2019\/06\/1202604.jpg",734,519,false]},"rttpg_author":{"display_name":"V\u00fcsal Rafiqo\u011flu","author_link":"https:\/\/arantv.az\/?author=2"},"rttpg_comment":0,"rttpg_category":"<a href=\"https:\/\/arantv.az\/?cat=19\" rel=\"category\">G\u00fcnd\u0259m<\/a>","rttpg_excerpt":"Bug\u00fcn\u00a0Rusiya\u00a0Federasiyas\u0131n\u0131n MDB i\u015ftirak\u00e7\u0131 d\u00f6vl\u0259tl\u0259rinin M\u00fcdafi\u0259 Nazirl\u0259ri \u015euras\u0131n\u0131n iclas\u0131 ke\u00e7irilib. ARANTV.AZ\u00a0 x\u0259b\u0259r verir ki,\u00a0Az\u0259rbaycanrespublikas\u0131n\u0131n M\u00fcdafi\u0259 naziri general-polkovnik Zakir H\u0259s\u0259nov da iclasda i\u015ftirak edib. \u0130clasdan \u0259vv\u0259l B\u00f6y\u00fck V\u0259t\u0259n M\u00fcharib\u0259sind\u0259 h\u0259lak olanlar\u0131n xatir\u0259sin\u0259 ucald\u0131lm\u0131\u015f memorial ziyar\u0259t edilib, q\u0259hr\u0259manlar\u0131n xatir\u0259si ehtiramla yad edilib. \u0130clasda MDB \u00e7\u0259r\u00e7iv\u0259sind\u0259 h\u0259rbi \u0259m\u0259kda\u015fl\u0131q m\u0259s\u0259l\u0259l\u0259rinin m\u00fcxt\u0259lif aspektl\u0259ri v\u0259 qar\u015f\u0131da duran m\u0259s\u0259l\u0259l\u0259r m\u00fczakir\u0259 olunub.Metbuat.az","_links":{"self":[{"href":"https:\/\/arantv.az\/index.php?rest_route=\/wp\/v2\/posts\/64496"}],"collection":[{"href":"https:\/\/arantv.az\/index.php?rest_route=\/wp\/v2\/posts"}],"about":[{"href":"https:\/\/arantv.az\/index.php?rest_route=\/wp\/v2\/types\/post"}],"author":[{"embeddable":true,"href":"https:\/\/arantv.az\/index.php?rest_route=\/wp\/v2\/users\/2"}],"replies":[{"embeddable":true,"href":"https:\/\/arantv.az\/index.php?rest_route=%2Fwp%2Fv2%2Fcomments&post=64496"}],"version-history":[{"count":0,"href":"https:\/\/arantv.az\/index.php?rest_route=\/wp\/v2\/posts\/64496\/revisions"}],"wp:featuredmedia":[{"embeddable":true,"href":"https:\/\/arantv.az\/index.php?rest_route=\/wp\/v2\/media\/64497"}],"wp:attachment":[{"href":"https:\/\/arantv.az\/index.php?rest_route=%2Fwp%2Fv2%2Fmedia&parent=64496"}],"wp:term":[{"taxonomy":"category","embeddable":true,"href":"https:\/\/arantv.az\/index.php?rest_route=%2Fwp%2Fv2%2Fcategories&post=64496"},{"taxonomy":"post_tag","embeddable":true,"href":"https:\/\/arantv.az\/index.php?rest_route=%2Fwp%2Fv2%2Ftags&post=64496"}],"curies":[{"name":"wp","href":"https:\/\/api.w.org\/{rel}","templated":true}]}}