{"id":644961,"date":"2023-10-13T15:58:12","date_gmt":"2023-10-13T11:58:12","guid":{"rendered":"https:\/\/arantv.az\/?p=644961"},"modified":"2023-10-13T15:58:12","modified_gmt":"2023-10-13T11:58:12","slug":"ilham-%c9%99liyev-mdb-dovl%c9%99t-bascilari-surasinin-iclasinda-istirak-edib-yenil%c9%99nib-foto-video","status":"publish","type":"post","link":"https:\/\/arantv.az\/?p=644961","title":{"rendered":"\u0130lham \u018fliyev MDB D\u00f6vl\u0259t Ba\u015f\u00e7\u0131lar\u0131 \u015euras\u0131n\u0131n iclas\u0131nda i\u015ftirak edib &#8211; YEN\u0130L\u018fN\u0130B + FOTO\/V\u0130DEO"},"content":{"rendered":"<p>Oktyabr\u0131n 13-d\u0259 Bi\u015fkekd\u0259 M\u00fcst\u0259qil D\u00f6vl\u0259tl\u0259r Birliyi (MDB) D\u00f6vl\u0259t Ba\u015f\u00e7\u0131lar\u0131 \u015euras\u0131n\u0131n m\u0259hdud \u015f\u0259kild\u0259 iclas\u0131 sonra i\u015fini geni\u015f t\u0259rkibd\u0259 davam etdirib.<\/p>\n<p>Bu bar\u0259d\u0259\u00a0<a href=\"https:\/\/azertag.az\/xeber\/biskekde_mdb_dovlet_baschilari_surasinin_iclasi_kechirilib_azerbaycan_prezidenti_ilham_eliyev_tedbirde_istirak_edib_yenilenib_3_video-2785423\" target=\"_blank\" rel=\"noopener\">AZ\u018fRTAC<\/a>\u00a0x\u0259b\u0259r verir.<\/p>\n<p>Bildirilir ki, Q\u0131r\u011f\u0131z\u0131stan Prezidenti Sad\u0131r Japarov iclasda apar\u0131lan m\u00fczakir\u0259l\u0259rin MDB-y\u0259 \u00fczv \u00f6lk\u0259l\u0259r aras\u0131nda \u0259m\u0259kda\u015fl\u0131\u011f\u0131n inki\u015faf\u0131na t\u00f6hf\u0259 ver\u0259c\u0259yini vur\u011fulay\u0131b. Sad\u0131r Japarov MDB-y\u0259 s\u0259drliyin Q\u0131r\u011f\u0131z\u0131standan Rusiyaya ke\u00e7diyini elan edib.<\/p>\n<p>Rusiya Federasiyas\u0131n\u0131n Prezidenti Vladimir Putin \u00f6lk\u0259sinin MDB-y\u0259 s\u0259drliyi d\u00f6vr\u00fcnd\u0259 prioritet h\u0259d\u0259fl\u0259ri bar\u0259d\u0259 m\u0259lumat verib. Vladimir Putin MDB D\u00f6vl\u0259t Ba\u015f\u00e7\u0131lar\u0131 \u015euras\u0131n\u0131n n\u00f6vb\u0259ti iclas\u0131n\u0131n g\u0259l\u0259n ilin oktyabr\u0131nda Moskvada ke\u00e7iril\u0259c\u0259yini vur\u011fulay\u0131b.<\/p>\n<p>\u0130clasda \u00e7\u0131x\u0131\u015f ed\u0259n MDB-nin Ba\u015f katibi Sergey Lebedev imzalanacaq s\u0259n\u0259dl\u0259r bar\u0259d\u0259 m\u0259lumat verib.<\/p>\n<p>Daha sonra s\u0259n\u0259dl\u0259r imzalan\u0131b.<\/p>\n<p>Bununla da MDB D\u00f6vl\u0259t Ba\u015f\u00e7\u0131lar\u0131 \u015euras\u0131n\u0131n iclas\u0131 ba\u015fa \u00e7at\u0131b.<\/p>\n<p><strong>13:31<\/strong><\/p>\n<p>Oktyabr\u0131n 13-d\u0259 Bi\u015fkekd\u0259 M\u00fcst\u0259qil D\u00f6vl\u0259tl\u0259r Birliyi (MDB) D\u00f6vl\u0259t Ba\u015f\u00e7\u0131lar\u0131 \u015euras\u0131n\u0131n iclas\u0131 ke\u00e7irilib.<\/p>\n<p><a href=\"https:\/\/azertag.az\/xeber\/biskekde_mdb_dovlet_baschilari_surasinin_iclasi_kechirilibazerbaycan_prezidenti_ilham_eliyev_tedbirde_istirak_edib_yenilenib_2_video-2785423\" target=\"_blank\" rel=\"noopener\">AZ\u018fRTAC<\/a>\u00a0x\u0259b\u0259r verir ki, Az\u0259rbaycan Respublikas\u0131n\u0131n Prezidenti\u00a0<strong>\u0130lham \u018fliyev<\/strong>\u00a0iclasda i\u015ftirak edib.<\/p>\n<p>Q\u0131r\u011f\u0131z Respublikas\u0131n\u0131n Prezidenti Sad\u0131r Japarov Az\u0259rbaycan Prezidenti \u0130lham \u018fliyevi v\u0259 dig\u0259r d\u00f6vl\u0259t ba\u015f\u00e7\u0131lar\u0131n\u0131 qar\u015f\u0131lay\u0131b.<\/p>\n<p>\u0130clasda i\u015ftirak ed\u0259n d\u00f6vl\u0259t ba\u015f\u00e7\u0131lar\u0131 birg\u0259 foto \u00e7\u0259kdiribl\u0259r.<\/p>\n<p>\u018fvv\u0259lc\u0259 MDB D\u00f6vl\u0259t Ba\u015f\u00e7\u0131lar\u0131 \u015euras\u0131n\u0131n m\u0259hdud t\u0259rkibd\u0259 iclas\u0131 ke\u00e7irilib.<\/p>\n<p>Q\u0131r\u011f\u0131z\u0131stan Prezidenti\u00a0<strong>Sad\u0131r Japarov<\/strong>\u00a0deyib:<\/p>\n<p>&#8211; \u00c7\u0131x\u0131\u015f \u00fc\u00e7\u00fcn s\u00f6z Az\u0259rbaycan Respublikas\u0131n\u0131n Prezidenti \u0130lham Heyd\u0259r o\u011flu \u018fliyev\u0259 verilir. \u0130lham Heyd\u0259r o\u011flu, buyurun, s\u00f6z Sizindir.<\/p>\n<p><strong>Prezident \u0130lham \u018fliyev iclasda \u00e7\u0131x\u0131\u015f ed\u0259r\u0259k deyib:<\/strong><\/p>\n<p>&#8211; H\u00f6rm\u0259tli Sad\u0131r Nurqojoyevi\u00e7, h\u00f6rm\u0259tli d\u00f6vl\u0259t ba\u015f\u00e7\u0131lar\u0131. \u018fvv\u0259lc\u0259, qonaqp\u0259rv\u0259rliy\u0259 v\u0259 t\u0259dbirin y\u00fcks\u0259k s\u0259viyy\u0259d\u0259 t\u0259\u015fkilin\u0259 g\u00f6r\u0259 Q\u0131r\u011f\u0131z\u0131stan Prezidenti Sad\u0131r Nurqojoyevi\u00e7 Japarova t\u0259\u015f\u0259kk\u00fcr etm\u0259k ist\u0259rdim.<\/p>\n<p>\u015eadam ki, Q\u0131r\u011f\u0131z\u0131stan v\u0259 Az\u0259rbaycan aras\u0131nda dostluq v\u0259 qarda\u015fl\u0131q m\u00fcnasib\u0259tl\u0259ri u\u011furla inki\u015faf edir. D\u00f6vl\u0259t ba\u015f\u00e7\u0131lar\u0131n\u0131n qar\u015f\u0131l\u0131ql\u0131 s\u0259f\u0259rl\u0259ri zaman\u0131 \u0259ld\u0259 olunmu\u015f raz\u0131la\u015fmalar yerin\u0259 yetirilir. Az\u0259rbaycan Q\u0131r\u011f\u0131z\u0131standa investisiya layih\u0259l\u0259rini h\u0259yata ke\u00e7irm\u0259y\u0259 ba\u015flay\u0131b. \u018fm\u0259kda\u015fl\u0131\u011f\u0131 d\u0259rinl\u0259\u015fdirm\u0259k m\u0259qs\u0259dil\u0259 Az\u0259rbaycan-Q\u0131r\u011f\u0131z\u0131stan \u0130nvestisiya Fondu yarad\u0131l\u0131b. F\u00fcrs\u0259td\u0259n istifad\u0259 ed\u0259r\u0259k Q\u0131r\u011f\u0131z\u0131stan r\u0259hb\u0259rliyini \u00f6lk\u0259nin sosial-iqtisadi inki\u015faf\u0131nda u\u011furlar\u0131 m\u00fcnasib\u0259til\u0259 t\u0259brik etm\u0259k ist\u0259rdim.<\/p>\n<p>Rusiya Federasiyas\u0131n\u0131n n\u00f6vb\u0259ti ild\u0259 MDB-d\u0259 s\u0259drliyinin h\u0259yata ke\u00e7irilm\u0259sind\u0259 h\u00f6rm\u0259tli Vladimir Vladimirovi\u00e7 Putin\u0259 u\u011furlar dil\u0259m\u0259k ist\u0259rdim.<\/p>\n<p>T\u0259dbirimizin \u0259lam\u0259tdar hadis\u0259si \u00d6zb\u0259kistan Prezidenti, h\u00f6rm\u0259tli \u015eavkat Miromonovi\u00e7 Mirziyoyevin MDB-nin F\u0259xri Ni\u015fan\u0131 il\u0259 t\u0259ltif edilm\u0259sidir. \u015eavkat Miromonovi\u00e7i bu layiqli m\u00fckafat g\u00f6r\u0259 t\u0259brik edir\u0259m. Qarda\u015f \u00d6zb\u0259kistanla ba\u011fl\u0131 olan dig\u0259r m\u00fch\u00fcm hadis\u0259 S\u0259m\u0259rq\u0259nd \u015f\u0259h\u0259rinin 2024-c\u00fc ild\u0259 \u201cBirliyin m\u0259d\u0259niyy\u0259t paytaxt\u0131\u201d elan edilm\u0259si il\u0259 ba\u011fl\u0131 q\u0259rard\u0131r.<\/p>\n<p>Humanitar sah\u0259 bizim Birliyin \u00e7\u0259r\u00e7iv\u0259sind\u0259 \u0259sas istiqam\u0259tl\u0259rd\u0259n biridir. Az\u0259rbaycan bu sah\u0259d\u0259 \u0259m\u0259kda\u015fl\u0131\u011f\u0131m\u0131z\u0131n inki\u015faf\u0131na b\u00f6y\u00fck t\u00f6hf\u0259 verir. Az\u0259rbaycan\u0131n 2025-ci ild\u0259 \u00fc\u00e7\u00fcnc\u00fc MDB Oyunlar\u0131n\u0131n ke\u00e7irilm\u0259si \u00fczr\u0259 namiz\u0259dliyini d\u0259st\u0259kl\u0259dikl\u0259ri \u00fc\u00e7\u00fcn h\u0259mkarlar\u0131ma minn\u0259tdarl\u0131\u011f\u0131m\u0131 bildirm\u0259k ist\u0259rdim.<\/p>\n<p>\u018fmin\u0259m ki, \u00fc\u00e7\u00fcnc\u00fc MDB Oyunlar\u0131 idman sah\u0259sind\u0259 \u0259m\u0259kda\u015fl\u0131\u011f\u0131m\u0131z\u0131 m\u00f6hk\u0259ml\u0259ndirm\u0259kl\u0259 yana\u015f\u0131, Birlik m\u0259kan\u0131nda u\u011furlu qar\u015f\u0131l\u0131ql\u0131 f\u0259aliyy\u0259timizin daha bir n\u00fcmayi\u015fi olacaq.<\/p>\n<p>F\u00fcrs\u0259td\u0259n istifad\u0259 ed\u0259r\u0259k, Belarus Prezidenti, h\u00f6rm\u0259tli Aleksandr Qriqoryevi\u00e7 Luka\u015fenkonu ikinci MDB Oyunlar\u0131n\u0131n u\u011furla ke\u00e7irilm\u0259si m\u00fcnasib\u0259til\u0259 t\u0259brik etm\u0259k ist\u0259rdim.<\/p>\n<p>H\u00f6rm\u0259tli h\u0259mkarlar, iqtisadi \u0259laq\u0259l\u0259rimizin m\u00f6hk\u0259ml\u0259nm\u0259si m\u00fcsb\u0259t n\u0259tic\u0259 verir. Ke\u00e7\u0259n il Az\u0259rbaycan il\u0259 MDB \u00f6lk\u0259l\u0259ri aras\u0131nda \u0259mt\u0259\u0259 d\u00f6vriyy\u0259sinin h\u0259cmi t\u0259xmin\u0259n 30 faiz art\u0131b. Bu il art\u0131m 20 faizd\u0259n d\u0259 \u00e7oxdur.<\/p>\n<p>Az\u0259rbaycan MDB-nin bir \u00e7ox \u00f6lk\u0259l\u0259ri \u00fc\u00e7\u00fcn tranzit-n\u0259qliyyat sah\u0259sind\u0259 etibarl\u0131 t\u0259r\u0259fda\u015fd\u0131r. MDB-nin bir \u00e7ox \u00fczv \u00f6lk\u0259l\u0259ri \u015e\u0259rq-Q\u0259rb v\u0259 \u015eimal-C\u0259nub n\u0259qliyyat d\u0259hlizl\u0259ri \u00fczr\u0259 Az\u0259rbaycan\u0131n tranzit imkanlar\u0131ndan f\u0259al istifad\u0259 edirl\u0259r. Bu iki n\u0259qliyyat d\u0259hlizinin \u00f6t\u00fcrm\u0259 qabiliyy\u0259tinin geni\u015fl\u0259ndirilm\u0259si \u00fczr\u0259 h\u0259yata ke\u00e7iril\u0259n v\u0259 perspektiv layih\u0259l\u0259r \u00f6lk\u0259l\u0259rimizin n\u0259qliyyat t\u0259hl\u00fck\u0259sizliyinin m\u00f6hk\u0259ml\u0259nm\u0259si i\u015fin\u0259 v\u0259 \u0259mt\u0259\u0259 d\u00f6vriyy\u0259sinin art\u0131r\u0131lmas\u0131na xidm\u0259t ed\u0259c\u0259k.<\/p>\n<p>Bir daha t\u0259dbirin y\u00fcks\u0259k s\u0259viyy\u0259d\u0259 t\u0259\u015fkilin\u0259 g\u00f6r\u0259 Q\u0131r\u011f\u0131z\u0131stan Prezidentin\u0259 t\u0259\u015f\u0259kk\u00fcr\u00fcm\u00fc bildirm\u0259k ist\u0259yir\u0259m. \u018fmin\u0259m ki, sammitin n\u0259tic\u0259l\u0259ri g\u0259l\u0259c\u0259kd\u0259 \u0259m\u0259kda\u015fl\u0131\u011f\u0131m\u0131z\u0131n m\u00f6hk\u0259ml\u0259nm\u0259sin\u0259 xidm\u0259t ed\u0259c\u0259k.<\/p>\n<p>Diqq\u0259tiniz\u0259 g\u00f6r\u0259 t\u0259\u015f\u0259kk\u00fcr edir\u0259m.<\/p>\n<p>Prezident\u00a0<strong>Sad\u0131r Japarov<\/strong>: Sa\u011f olun \u0130lham Heyd\u0259r o\u011flu.<\/p>\n<div>\n<div><iframe loading=\"lazy\" title=\"YouTube video player\" src=\"https:\/\/www.youtube.com\/embed\/2aotZnU9P9E?si=bpB2B0gtjUM_9Nqn\" width=\"560\" height=\"315\" frameborder=\"0\" allowfullscreen=\"allowfullscreen\" data-mce-fragment=\"1\"><\/iframe><\/div>\n<\/div>\n<p><strong>11:29<\/strong><\/p>\n<p>Oktyabr\u0131n 13-d\u0259 Bi\u015fkekd\u0259 M\u00fcst\u0259qil D\u00f6vl\u0259tl\u0259r Birliyi (MDB) D\u00f6vl\u0259t Ba\u015f\u00e7\u0131lar\u0131 \u015euras\u0131n\u0131n m\u0259hdud t\u0259rkibd\u0259 iclas\u0131 ke\u00e7irilir.<\/p>\n<p><a href=\"https:\/\/azertag.az\/xeber\/biskekde_mdb_dovlet_baschilari_surasinin_mehdud_terkibde_iclasi_kechirilir_azerbaycan_prezidenti_ilham_eliyev_iclasda_istirak_edir_yenilenib-2785423\" target=\"_blank\" rel=\"noopener\">AZ\u018fRTAC<\/a>\u00a0x\u0259b\u0259r verir ki, Az\u0259rbaycan Respublikas\u0131n\u0131n Prezidenti\u00a0<strong>\u0130lham \u018fliyev<\/strong>\u00a0iclasda i\u015ftirak edir.<\/p>\n<p>Q\u0131r\u011f\u0131z Respublikas\u0131n\u0131n Prezidenti Sad\u0131r Japarov Az\u0259rbaycan Prezidenti \u0130lham \u018fliyevi v\u0259 dig\u0259r d\u00f6vl\u0259t ba\u015f\u00e7\u0131lar\u0131n\u0131 qar\u015f\u0131lay\u0131b.<\/p>\n<p>\u0130clasda i\u015ftirak ed\u0259n d\u00f6vl\u0259t ba\u015f\u00e7\u0131lar\u0131 birg\u0259 foto \u00e7\u0259kdiribl\u0259r.<\/p>\n<p><img src=\"https:\/\/cdn.oxu.az\/uploads\/W1siZiIsIjIwMjMvMTAvMTMvMTEvMzAvMDMvZDUxYWFkMzUtYzY5NC00Y2NmLTk5NGMtOTQyYWViMzQwOWJiLzE2OTcxODE4MDExNDI1MTQwNjAzXzEyMDB4NjMwLmpwZyJdLFsicCIsImVuY29kZSIsImpwZyIsIi1xdWFsaXR5IDgwIl0sWyJwIiwidGh1bWIiLCI1OTB4NTkwXHUwMDNlIl1d?sha=b79d44ae6bf990c0\" alt=\"\" \/><img src=\"https:\/\/cdn.oxu.az\/uploads\/W1siZiIsIjIwMjMvMTAvMTMvMTEvMzAvMDMvZDU1ZTc0OWQtODBlYy00NWM1LWE2OWMtYzNhNTkyNDJmZmMzLzE2OTcxODE4MDEzODMzMDUzOTQ1XzEyMDB4NjMwLmpwZyJdLFsicCIsImVuY29kZSIsImpwZyIsIi1xdWFsaXR5IDgwIl0sWyJwIiwidGh1bWIiLCI1OTB4NTkwXHUwMDNlIl1d?sha=3b38740fd5a4173f\" alt=\"\" \/><\/p>\n<p><img src=\"https:\/\/cdn.oxu.az\/uploads\/W1siZiIsIjIwMjMvMTAvMTMvMTIvMDUvMDYvOTg2OWIyYWItYTkwZC00NDYzLTgxNDktMjJlNDRlZWUwZWM0LzE2OTcxODQwMzE2MTkyNDMzMTA3XzEyMDB4NjMwLmpwZyJdLFsicCIsImVuY29kZSIsImpwZyIsIi1xdWFsaXR5IDgwIl0sWyJwIiwidGh1bWIiLCI1OTB4NTkwXHUwMDNlIl1d?sha=049e2a9a52862380\" alt=\"\" \/><img src=\"https:\/\/cdn.oxu.az\/uploads\/W1siZiIsIjIwMjMvMTAvMTMvMTIvMDUvMDYvNmZiNmI1NjktMWE4Mi00YWI4LWIxMzEtNTBiOTgwYzg0YWQ2LzE2OTcxODMyOTcxNzc5ODEyMzczXzEyMDB4NjMwLmpwZyJdLFsicCIsImVuY29kZSIsImpwZyIsIi1xdWFsaXR5IDgwIl0sWyJwIiwidGh1bWIiLCI1OTB4NTkwXHUwMDNlIl1d?sha=98a5294651fccb4d\" alt=\"\" \/><\/p>\n<p><img src=\"https:\/\/cdn.oxu.az\/uploads\/W1siZiIsIjIwMjMvMTAvMTMvMTIvNTgvNDYvNWNiNDMxOGQtZTE0MC00MDgyLWI1NzYtZjg1MzcxOGNmYjE5LzE2OTcxODUzODUxNjE0OTUyMzQzXzEyMDB4NjMwLmpwZyJdLFsicCIsImVuY29kZSIsImpwZyIsIi1xdWFsaXR5IDgwIl0sWyJwIiwidGh1bWIiLCI1OTB4NTkwXHUwMDNlIl1d?sha=bc3516056debadc2\" alt=\"\" \/><img src=\"https:\/\/cdn.oxu.az\/uploads\/W1siZiIsIjIwMjMvMTAvMTMvMTIvNTgvNDYvNjIyY2M0NmUtNmQ1Yy00NDRkLTk5NjUtNjU2NDBkZGJiYjllLzE2OTcxODYwMzM4NzQwNjUxMzhfMTIwMHg2MzAuanBnIl0sWyJwIiwiZW5jb2RlIiwianBnIiwiLXF1YWxpdHkgODAiXSxbInAiLCJ0aHVtYiIsIjU5MHg1OTBcdTAwM2UiXV0?sha=74b0e1961932f4e1\" alt=\"\" \/><img src=\"https:\/\/cdn.oxu.az\/uploads\/W1siZiIsIjIwMjMvMTAvMTMvMTIvNTgvNDUvMDJiNzA2YjctNThlZS00NzQ1LWE2NjQtZmQ1ZGNmNjlmNjdkLzE2OTcxODYwMzM2MTI1MTM5Njg5XzEyMDB4NjMwLmpwZyJdLFsicCIsImVuY29kZSIsImpwZyIsIi1xdWFsaXR5IDgwIl0sWyJwIiwidGh1bWIiLCI1OTB4NTkwXHUwMDNlIl1d?sha=8381ee8a29766dcc\" alt=\"\" \/><\/p>\n<p><img src=\"https:\/\/cdn.oxu.az\/uploads\/W1siZiIsIjIwMjMvMTAvMTMvMTUvMzYvMjMvMWUwNmI3MmMtYzQ0MC00NTgwLTg1NWItZmI1Y2JhYmI5OTQ2LzE2OTcxOTUyNDk0NDk2MzE5NDg0XzEyMDB4NjMwLmpwZyJdLFsicCIsImVuY29kZSIsImpwZyIsIi1xdWFsaXR5IDgwIl0sWyJwIiwidGh1bWIiLCI1OTB4NTkwXHUwMDNlIl1d?sha=29447ce41f47b810\" alt=\"\" \/><img src=\"https:\/\/cdn.oxu.az\/uploads\/W1siZiIsIjIwMjMvMTAvMTMvMTUvMzYvMjMvYTdmMDEzN2YtZWUxNC00NGRjLTkwODktMjI2NWRkYmU3YzQ5LzE2OTcxOTUyNDk3ODk3MTM4NzhfMTIwMHg2MzAuanBnIl0sWyJwIiwiZW5jb2RlIiwianBnIiwiLXF1YWxpdHkgODAiXSxbInAiLCJ0aHVtYiIsIjU5MHg1OTBcdTAwM2UiXV0?sha=5ffbe02666417d92\" alt=\"\" \/><img src=\"https:\/\/cdn.oxu.az\/uploads\/W1siZiIsIjIwMjMvMTAvMTMvMTUvMzYvMjMvNzE5N2Q0MTgtMjUzMi00ZTQyLWFlZjYtMjFlMTBmMzk4NGMxLzE2OTcxOTUyNDkzNTkxNDE5MjA2XzEyMDB4NjMwLmpwZyJdLFsicCIsImVuY29kZSIsImpwZyIsIi1xdWFsaXR5IDgwIl0sWyJwIiwidGh1bWIiLCI1OTB4NTkwXHUwMDNlIl1d?sha=5c597c41398378d8\" alt=\"\" \/><img src=\"https:\/\/cdn.oxu.az\/uploads\/W1siZiIsIjIwMjMvMTAvMTMvMTUvMzYvMjMvOGY5ZDUxMGQtYjRhNy00ZDRjLWIwNTMtNWVkODg5M2E0NzdlLzE2OTcxOTUyNDkyMzAzMjU0MjI0XzEyMDB4NjMwLmpwZyJdLFsicCIsImVuY29kZSIsImpwZyIsIi1xdWFsaXR5IDgwIl0sWyJwIiwidGh1bWIiLCI1OTB4NTkwXHUwMDNlIl1d?sha=fc664147c70ff609\" alt=\"\" \/><img src=\"https:\/\/cdn.oxu.az\/uploads\/W1siZiIsIjIwMjMvMTAvMTMvMTUvMzYvMjMvNTc2ZjFhZmQtOTZkMi00N2EwLWE1ZDEtOTdjYjRlYzBkM2UzLzE2OTcxOTUyNTA1MDQyMTI5MTQ3XzEyMDB4NjMwLmpwZyJdLFsicCIsImVuY29kZSIsImpwZyIsIi1xdWFsaXR5IDgwIl0sWyJwIiwidGh1bWIiLCI1OTB4NTkwXHUwMDNlIl1d?sha=09fb6238d3c824dd\" alt=\"\" \/><\/p>\n<p><strong>08:38<\/strong><\/p>\n<p>Bu g\u00fcn Q\u0131r\u011f\u0131z\u0131stan\u0131n paytaxt\u0131 Bi\u015fkek \u015f\u0259h\u0259rind\u0259 MDB D\u00f6vl\u0259t Ba\u015f\u00e7\u0131lar\u0131 \u015euras\u0131n\u0131n iclas\u0131 ke\u00e7iril\u0259c\u0259k.<\/p>\n<p>\u201cReport\u201d\u00a0x\u0259b\u0259r verir ki, iclas m\u0259hdud t\u0259rkibd\u0259 &#8211; yaln\u0131z liderl\u0259rin i\u015ftirak\u0131 il\u0259, el\u0259c\u0259 d\u0259 geni\u015f t\u0259rkibd\u0259 &#8211; n\u00fcmay\u0259nd\u0259 hey\u0259tl\u0259rinin i\u015ftirak\u0131 il\u0259 ke\u00e7iril\u0259c\u0259k.<\/p>\n<p>Sammitin yekunlar\u0131 \u00fczr\u0259 birg\u0259 s\u0259n\u0259dl\u0259r paketinin imzalanmas\u0131 planla\u015fd\u0131r\u0131l\u0131r. Ba\u015flamadan \u0259vv\u0259l Q\u0131r\u011f\u0131z\u0131stan Prezidenti Sad\u0131r Japarov (\u00f6lk\u0259 bu il MDB-y\u0259 s\u0259drlik edir) t\u0259r\u0259find\u0259n n\u00fcmay\u0259nd\u0259 hey\u0259tl\u0259rinin r\u0259hb\u0259rl\u0259rinin qar\u015f\u0131lanma m\u0259rasimi olacaq. B\u00fct\u00fcn t\u0259dbirl\u0259r r\u0259smi q\u0259bulla ba\u015fa \u00e7atacaq.<\/p>\n<p>G\u00f6zl\u0259nildiyi kimi, g\u00f6r\u00fc\u015fd\u0259 Az\u0259rbaycan Respublikas\u0131n\u0131n Prezidenti\u00a0<strong>\u0130lham<\/strong>\u00a0<strong>\u018fliyev<\/strong>, Q\u0131r\u011f\u0131z Respublikas\u0131n\u0131n Prezidenti Sad\u0131r Japarov, Rusiya Federasiyas\u0131n\u0131n Prezidenti Vladimir Putin, Belarus Prezidenti Aleksandr Luka\u015fenko, Qazax\u0131stan Prezidenti Kas\u0131m-Jomart Tokayev, Tacikistan Prezidenti Emom\u0259li R\u0259hmon, T\u00fcrkm\u0259nistan Prezidenti Serdar Berdim\u0259h\u0259mm\u0259dov v\u0259 \u00d6zb\u0259kistan Prezidenti \u015eavkat Mirziyoyev i\u015ftirak ed\u0259c\u0259kl\u0259r.<\/p>\n<p>\u015euran\u0131n iclas\u0131 \u201cAla-Ar\u00e7a\u201d (\u201cR\u0259ngli ard\u0131c\u201d) d\u00f6vl\u0259t iqam\u0259tgah\u0131nda ke\u00e7iril\u0259c\u0259k. \u0130qam\u0259tgah Bi\u015fkekl\u0259 biti\u015fik \u00c7on-Ar\u0131k k\u0259ndind\u0259, Ala-Too silsil\u0259sinin \u0259t\u0259kl\u0259rind\u0259, m\u0259nz\u0259r\u0259li yerd\u0259 yerl\u0259\u015fir. Bir qayda olaraq, Bi\u015fkekd\u0259 y\u00fcks\u0259ks\u0259viyy\u0259li xarici qonaqlar\u0131n i\u015ftirak\u0131 il\u0259 b\u00fct\u00fcn t\u0259dbirl\u0259r m\u0259hz bu iqam\u0259tgah\u0131n \u0259razisind\u0259 ke\u00e7irilir.<\/p>\n<p>D\u00f6vl\u0259t ba\u015f\u00e7\u0131lar\u0131 cari ild\u0259 qar\u015f\u0131l\u0131ql\u0131 f\u0259aliyy\u0259tin yekunlar\u0131 bar\u0259d\u0259 dan\u0131\u015facaq v\u0259 g\u0259l\u0259c\u0259k \u00fc\u00e7\u00fcn \u0259sas v\u0259zif\u0259l\u0259ri m\u00fc\u0259yy\u0259nl\u0259\u015fdir\u0259c\u0259k, aktual beyn\u0259lxalq v\u0259 regional m\u00f6vzular \u0259traf\u0131nda fikir m\u00fcbadil\u0259si aparacaqlar. \u018fn\u0259n\u0259vi olaraq, ticar\u0259t v\u0259 investisiya t\u0259r\u0259fda\u015fl\u0131\u011f\u0131n\u0131n inki\u015faf\u0131na b\u00f6y\u00fck diqq\u0259t yetiril\u0259c\u0259k.<\/p>\n<p>\u0130clasda MDB m\u0259kan\u0131nda t\u0259hl\u00fck\u0259sizliyin t\u0259min edilm\u0259si m\u00f6vzusuna x\u00fcsusi diqq\u0259t yetiril\u0259c\u0259k. Terror\u00e7uluq v\u0259 ekstremizm, m\u00fct\u0259\u015f\u0259kkil cinay\u0259tkarl\u0131q, narkotikl\u0259rin qanunsuz d\u00f6vriyy\u0259si, korrupsiya il\u0259 m\u00fcbariz\u0259 kimi sah\u0259l\u0259rd\u0259 koordinasiyan\u0131n g\u00fccl\u0259ndirilm\u0259sin\u0259 dair q\u0259rarlar\u0131n q\u0259bulu g\u00f6zl\u0259nilir. G\u00f6r\u00fc\u015fd\u0259n sonra Japarov v\u0259 MDB-nin ba\u015f katibi Sergey Lebedyev m\u0259tbuata b\u0259yanatlarla \u00e7\u0131x\u0131\u015f ed\u0259c\u0259kl\u0259r.<\/p>\n<p>\u0130mzalanacaq s\u0259n\u0259dl\u0259r aras\u0131nda MDB-d\u0259 Beyn\u0259lxalq Rus Dili T\u0259\u015fkilat\u0131n\u0131n yarad\u0131lmas\u0131 haqq\u0131nda sazi\u015f, \u00e7irkli pullar\u0131n yuyulmas\u0131 v\u0259 terror\u00e7ulu\u011fun maliyy\u0259l\u0259\u015fdirilm\u0259si \u00fczr\u0259 riskin qiym\u0259tl\u0259ndirilm\u0259si \u00fczr\u0259 beyn\u0259lxalq m\u0259rk\u0259zin formala\u015fd\u0131r\u0131lmas\u0131 haqq\u0131nda sazi\u015f, 2024-2028-ci ill\u0259r \u00fc\u00e7\u00fcn cinay\u0259tkarl\u0131qla m\u00fcbariz\u0259 \u00fczr\u0259 birg\u0259 t\u0259dbirl\u0259r d\u00f6vl\u0259tl\u0259raras\u0131 proqram\u0131, m\u0259hk\u0259m\u0259 ekspertizas\u0131 sah\u0259sind\u0259 MDB-nin Koordinasiya \u015euras\u0131n\u0131n formala\u015fd\u0131r\u0131lmas\u0131 haqq\u0131nda sazi\u015f d\u0259 var.<\/p>\n<p>Qeyd ed\u0259k ki, \u00f6t\u0259n g\u00fcn Az\u0259rbaycan Respublikas\u0131n\u0131n Prezidenti\u00a0\u0130lham \u018fliyev\u00a0MDB D\u00f6vl\u0259t Ba\u015f\u00e7\u0131lar\u0131 \u015euras\u0131n\u0131n iclas\u0131nda i\u015ftirak etm\u0259k \u00fc\u00e7\u00fcn Q\u0131r\u011f\u0131z Respublikas\u0131na s\u0259f\u0259r\u0259 gedib. S\u0259f\u0259rin ilk g\u00fcn\u00fcnd\u0259 \u0130lham \u018fliyevin Rusiya Federasiyas\u0131n\u0131n Prezidenti\u00a0Vladimir Putinl\u0259 g\u00f6r\u00fc\u015f\u00fc olub. G\u00f6r\u00fc\u015fd\u0259 \u00f6lk\u0259l\u0259rimiz aras\u0131nda iqtisadi-ticari \u0259laq\u0259l\u0259rin inki\u015faf\u0131ndan, x\u00fcsusil\u0259 ticar\u0259t d\u00f6vriyy\u0259sinin artmas\u0131ndan m\u0259mnunluq ifad\u0259 olunub.<\/p>\n","protected":false},"excerpt":{"rendered":"<p>Oktyabr\u0131n 13-d\u0259 Bi\u015fkekd\u0259 M\u00fcst\u0259qil D\u00f6vl\u0259tl\u0259r Birliyi (MDB) D\u00f6vl\u0259t Ba\u015f\u00e7\u0131lar\u0131 \u015euras\u0131n\u0131n m\u0259hdud \u015f\u0259kild\u0259 iclas\u0131 sonra i\u015fini geni\u015f t\u0259rkibd\u0259 davam etdirib. Bu bar\u0259d\u0259\u00a0AZ\u018fRTAC\u00a0x\u0259b\u0259r verir. Bildirilir ki, Q\u0131r\u011f\u0131z\u0131stan Prezidenti Sad\u0131r Japarov iclasda apar\u0131lan m\u00fczakir\u0259l\u0259rin MDB-y\u0259 \u00fczv \u00f6lk\u0259l\u0259r aras\u0131nda \u0259m\u0259kda\u015fl\u0131\u011f\u0131n inki\u015faf\u0131na t\u00f6hf\u0259 ver\u0259c\u0259yini vur\u011fulay\u0131b. Sad\u0131r Japarov MDB-y\u0259 s\u0259drliyin Q\u0131r\u011f\u0131z\u0131standan Rusiyaya ke\u00e7diyini elan edib. Rusiya Federasiyas\u0131n\u0131n Prezidenti Vladimir Putin \u00f6lk\u0259sinin MDB-y\u0259 s\u0259drliyi d\u00f6vr\u00fcnd\u0259 prioritet h\u0259d\u0259fl\u0259ri bar\u0259d\u0259 m\u0259lumat verib. Vladimir Putin MDB D\u00f6vl\u0259t Ba\u015f\u00e7\u0131lar\u0131 \u015euras\u0131n\u0131n n\u00f6vb\u0259ti iclas\u0131n\u0131n g\u0259l\u0259n ilin oktyabr\u0131nda Moskvada ke\u00e7iril\u0259c\u0259yini vur\u011fulay\u0131b. \u0130clasda \u00e7\u0131x\u0131\u015f ed\u0259n MDB-nin Ba\u015f katibi Sergey Lebedev imzalanacaq s\u0259n\u0259dl\u0259r bar\u0259d\u0259 m\u0259lumat verib.&hellip;<\/p>\n","protected":false},"author":2,"featured_media":644964,"comment_status":"closed","ping_status":"closed","sticky":false,"template":"","format":"standard","meta":{"om_disable_all_campaigns":false,"_monsterinsights_skip_tracking":false,"_monsterinsights_sitenote_active":false,"_monsterinsights_sitenote_note":"","_monsterinsights_sitenote_category":0},"categories":[4],"tags":[],"aioseo_notices":[],"gutentor_comment":0,"rttpg_featured_image_url":{"full":["https:\/\/arantv.az\/wp-content\/uploads\/2023\/10\/FotoJet-10-5.jpg",620,413,false],"landscape":["https:\/\/arantv.az\/wp-content\/uploads\/2023\/10\/FotoJet-10-5.jpg",620,413,false],"portraits":["https:\/\/arantv.az\/wp-content\/uploads\/2023\/10\/FotoJet-10-5.jpg",620,413,false],"thumbnail":["https:\/\/arantv.az\/wp-content\/uploads\/2023\/10\/FotoJet-10-5-500x280.jpg",500,280,true],"medium":["https:\/\/arantv.az\/wp-content\/uploads\/2023\/10\/FotoJet-10-5-548x365.jpg",548,365,true],"large":["https:\/\/arantv.az\/wp-content\/uploads\/2023\/10\/FotoJet-10-5.jpg",620,413,false],"1536x1536":["https:\/\/arantv.az\/wp-content\/uploads\/2023\/10\/FotoJet-10-5.jpg",620,413,false],"2048x2048":["https:\/\/arantv.az\/wp-content\/uploads\/2023\/10\/FotoJet-10-5.jpg",620,413,false],"post-thumbnail":["https:\/\/arantv.az\/wp-content\/uploads\/2023\/10\/FotoJet-10-5-240x172.jpg",240,172,true],"advps-thumb-one":["https:\/\/arantv.az\/wp-content\/uploads\/2023\/10\/FotoJet-10-5.jpg",620,413,false]},"rttpg_author":{"display_name":"V\u00fcsal Rafiqo\u011flu","author_link":"https:\/\/arantv.az\/?author=2"},"rttpg_comment":0,"rttpg_category":"<a href=\"https:\/\/arantv.az\/?cat=4\" rel=\"category\">Siyas\u0259t<\/a>","rttpg_excerpt":"Oktyabr\u0131n 13-d\u0259 Bi\u015fkekd\u0259 M\u00fcst\u0259qil D\u00f6vl\u0259tl\u0259r Birliyi (MDB) D\u00f6vl\u0259t Ba\u015f\u00e7\u0131lar\u0131 \u015euras\u0131n\u0131n m\u0259hdud \u015f\u0259kild\u0259 iclas\u0131 sonra i\u015fini geni\u015f t\u0259rkibd\u0259 davam etdirib. Bu bar\u0259d\u0259\u00a0AZ\u018fRTAC\u00a0x\u0259b\u0259r verir. Bildirilir ki, Q\u0131r\u011f\u0131z\u0131stan Prezidenti Sad\u0131r Japarov iclasda apar\u0131lan m\u00fczakir\u0259l\u0259rin MDB-y\u0259 \u00fczv \u00f6lk\u0259l\u0259r aras\u0131nda \u0259m\u0259kda\u015fl\u0131\u011f\u0131n inki\u015faf\u0131na t\u00f6hf\u0259 ver\u0259c\u0259yini vur\u011fulay\u0131b. Sad\u0131r Japarov MDB-y\u0259 s\u0259drliyin Q\u0131r\u011f\u0131z\u0131standan Rusiyaya ke\u00e7diyini elan edib. Rusiya Federasiyas\u0131n\u0131n Prezidenti Vladimir Putin \u00f6lk\u0259sinin&hellip;","_links":{"self":[{"href":"https:\/\/arantv.az\/index.php?rest_route=\/wp\/v2\/posts\/644961"}],"collection":[{"href":"https:\/\/arantv.az\/index.php?rest_route=\/wp\/v2\/posts"}],"about":[{"href":"https:\/\/arantv.az\/index.php?rest_route=\/wp\/v2\/types\/post"}],"author":[{"embeddable":true,"href":"https:\/\/arantv.az\/index.php?rest_route=\/wp\/v2\/users\/2"}],"replies":[{"embeddable":true,"href":"https:\/\/arantv.az\/index.php?rest_route=%2Fwp%2Fv2%2Fcomments&post=644961"}],"version-history":[{"count":0,"href":"https:\/\/arantv.az\/index.php?rest_route=\/wp\/v2\/posts\/644961\/revisions"}],"wp:featuredmedia":[{"embeddable":true,"href":"https:\/\/arantv.az\/index.php?rest_route=\/wp\/v2\/media\/644964"}],"wp:attachment":[{"href":"https:\/\/arantv.az\/index.php?rest_route=%2Fwp%2Fv2%2Fmedia&parent=644961"}],"wp:term":[{"taxonomy":"category","embeddable":true,"href":"https:\/\/arantv.az\/index.php?rest_route=%2Fwp%2Fv2%2Fcategories&post=644961"},{"taxonomy":"post_tag","embeddable":true,"href":"https:\/\/arantv.az\/index.php?rest_route=%2Fwp%2Fv2%2Ftags&post=644961"}],"curies":[{"name":"wp","href":"https:\/\/api.w.org\/{rel}","templated":true}]}}