{"id":644967,"date":"2023-10-13T15:59:24","date_gmt":"2023-10-13T11:59:24","guid":{"rendered":"https:\/\/arantv.az\/?p=644967"},"modified":"2023-10-13T15:59:24","modified_gmt":"2023-10-13T11:59:24","slug":"az%c9%99rbaycan-islam-olk%c9%99l%c9%99rinin-vergi-orqanlari-assosiasiyasinin-konfransinda-t%c9%99msil-olunub","status":"publish","type":"post","link":"https:\/\/arantv.az\/?p=644967","title":{"rendered":"Az\u0259rbaycan \u0130slam \u00d6lk\u0259l\u0259rinin Vergi Orqanlar\u0131 Assosiasiyas\u0131n\u0131n konfrans\u0131nda t\u0259msil olunub"},"content":{"rendered":"<p>\u0130stanbulda \u0130slam \u00d6lk\u0259l\u0259rinin Vergi Orqanlar\u0131 Assosiasiyas\u0131n\u0131n (ATAIC) \u201cR\u0259q\u0259msal iqtisadiyyat\u0131n vergiy\u0259 c\u0259lb edilm\u0259si\u201d m\u00f6vzusu \u00fczr\u0259 18-ci illik Texniki Konfrans\u0131 ke\u00e7irilib.<\/p>\n<p>\u201cReport&#8221;un \u0130qtisadiyyat Nazirliyi yan\u0131nda D\u00f6vl\u0259t Vergi Xidm\u0259tin\u0259 istinad\u0259n verdiyi x\u0259b\u0259r\u0259 g\u00f6r\u0259, t\u0259dbir\u0259 m\u00fc\u015fahid\u0259\u00e7i \u00f6lk\u0259 statusunda qat\u0131lan DVX-nin r\u0259isi Orxan N\u0259z\u0259rlinin r\u0259hb\u0259rlik etdiyi n\u00fcmay\u0259nd\u0259 hey\u0259ti t\u0259msil edib.<\/p>\n<p>Konfrans\u0131n a\u00e7\u0131l\u0131\u015f m\u0259rasimind\u0259 T\u00fcrkiy\u0259nin x\u0259zin\u0259 v\u0259 maliyy\u0259 nazirinin m\u00fcavini \u0130smay\u0131l \u0130lhan Hatipo\u011flu, Malayziyan\u0131n Daxili G\u0259lirl\u0259r \u015euras\u0131n\u0131n Ba\u015f icra\u00e7\u0131 direktoru Datuk Dr. Mohd Nizom Sairi v\u0259 T\u00fcrkiy\u0259 G\u0259lir \u0130dar\u0259sinin ba\u015fqan\u0131 Bekir Bayraktar \u00e7\u0131x\u0131\u015f edibl\u0259r.<\/p>\n<p>T\u0259dbir \u00e7\u0259r\u00e7iv\u0259sind\u0259 iqtisadiyyat\u0131n r\u0259q\u0259msalla\u015fd\u0131r\u0131lmas\u0131 m\u00fchitinin formala\u015fmas\u0131, r\u0259q\u0259msal iqtisadiyyat\u0131n \u0259sas x\u00fcsusiyy\u0259tl\u0259ri, vergitutma m\u0259s\u0259l\u0259l\u0259rinin t\u0259nziml\u0259nm\u0259si m\u00f6vzusunda sessiyalar ke\u00e7irilib. Sessiyalarda iqtisadiyyatda r\u0259q\u0259msal m\u00fchitin t\u0259nziml\u0259nm\u0259si normativl\u0259rinin yarad\u0131lmas\u0131, iqtisadi aktivlikd\u0259 r\u0259q\u0259msal iqtisadiyyat\u0131n pay\u0131n\u0131n davaml\u0131 artmas\u0131 \u015f\u0259raitind\u0259 vergi sisteml\u0259ri \u00fc\u00e7\u00fcn \u00e7a\u011f\u0131r\u0131\u015flar, OECD-nin vergi qanunvericiliyin\u0259 iqtisadiyyat\u0131n r\u0259q\u0259msalla\u015fmas\u0131ndan yaranan vergi probleml\u0259rinin ikim\u0259rh\u0259l\u0259li h\u0259llin\u0259 dair yana\u015fmalar\u0131, o c\u00fcml\u0259d\u0259n m\u0259nf\u0259\u0259tin b\u00f6l\u00fc\u015fd\u00fcr\u00fclm\u0259si v\u0259 \u0259laq\u0259 qaydalar\u0131, m\u00fcasir al\u0259tl\u0259rin t\u0259tbiqi istiqam\u0259tind\u0259 perspektivl\u0259r bar\u0259d\u0259 t\u0259qdimatlar dinl\u0259nilib v\u0259 m\u00fczakir\u0259l\u0259r apar\u0131l\u0131b.<\/p>\n<p>Konfrans \u00e7\u0259r\u00e7iv\u0259sind\u0259 D\u00f6vl\u0259t Vergi Xidm\u0259tinin r\u0259isi Orxan N\u0259z\u0259rlinin T\u00fcrkiy\u0259 G\u0259lir \u0130dar\u0259sinin ba\u015fqan\u0131 Bekir Bayraktar il\u0259 ke\u00e7iril\u0259n g\u00f6r\u00fc\u015f\u00fcnd\u0259 ikit\u0259r\u0259fli \u0259m\u0259kda\u015fl\u0131\u011f\u0131n geni\u015fl\u0259ndirilm\u0259si perspektivl\u0259ri m\u00fczakir\u0259 edilib. Vur\u011fulan\u0131b ki, T\u00fcrkiy\u0259 il\u0259 strateji t\u0259r\u0259fda\u015fl\u0131\u011f\u0131n v\u0259 s\u0131x m\u00fcnasib\u0259tl\u0259rin daha da inki\u015faf etdirilm\u0259sind\u0259 h\u0259r iki \u00f6lk\u0259nin r\u0259hb\u0259rl\u0259rinin siyasi irad\u0259sinin, y\u00fcks\u0259k s\u0259viyy\u0259li s\u0259f\u0259rl\u0259rin, m\u00fct\u0259madi ke\u00e7iril\u0259n g\u00f6r\u00fc\u015f v\u0259 t\u0259dbirl\u0259rin \u00f6n\u0259mli rolu var. Diqq\u0259t\u0259 \u00e7atd\u0131r\u0131l\u0131b ki, \u00f6lk\u0259l\u0259rimiz aras\u0131nda iqtisadi-ticar\u0259t \u0259laq\u0259l\u0259rinin g\u00fccl\u0259nm\u0259si fonunda vergi sah\u0259sind\u0259 \u0259m\u0259kda\u015fl\u0131q da geni\u015fl\u0259nir, iqtisadi sah\u0259d\u0259 t\u0259r\u0259fda\u015fl\u0131q birg\u0259 t\u0259\u015f\u0259bb\u00fcsl\u0259rin u\u011furla realla\u015fd\u0131r\u0131lmas\u0131na t\u00f6hf\u0259l\u0259r verir. G\u00f6r\u00fc\u015fd\u0259 D\u00f6vl\u0259t Vergi Xidm\u0259ti v\u0259 T\u00fcrkiy\u0259nin G\u0259lir \u0130dar\u0259si Ba\u015fqanl\u0131\u011f\u0131 aras\u0131nda yarad\u0131lm\u0131\u015f birg\u0259 \u0130\u015f\u00e7i qrupun f\u0259aliyy\u0259ti v\u0259 vergi orqanlar\u0131 aras\u0131nda \u0259laq\u0259l\u0259rin g\u00fccl\u0259ndirilm\u0259si imkanlar\u0131 n\u0259z\u0259rd\u0259n ke\u00e7irilib.<\/p>\n<p>S\u0259f\u0259r \u00e7\u0259r\u00e7iv\u0259sind\u0259 DVX r\u0259isi Malayziyan\u0131n Daxili G\u0259lirl\u0259r \u015euras\u0131n\u0131n Ba\u015f icra\u00e7\u0131 direktoru Datuk Dr. Mohd Nizom Sairi il\u0259 d\u0259 g\u00f6r\u00fc\u015f ke\u00e7irib. G\u00f6r\u00fc\u015fd\u0259 ATAIC-nin f\u0259aliyy\u0259ti, islam \u00f6lk\u0259l\u0259rind\u0259 vergi siyas\u0259ti il\u0259 ba\u011fl\u0131 inzibat\u00e7\u0131l\u0131q t\u0259cr\u00fcb\u0259si, ikit\u0259r\u0259fli \u0259laq\u0259l\u0259rin, o c\u00fcml\u0259d\u0259n vergi orqanlar\u0131 aras\u0131nda qar\u015f\u0131l\u0131ql\u0131 \u0259m\u0259kda\u015fl\u0131\u011f\u0131n geni\u015fl\u0259ndirilm\u0259si imkanlar\u0131 bar\u0259d\u0259 fikir m\u00fcbadil\u0259si apar\u0131b.<\/p>\n","protected":false},"excerpt":{"rendered":"<p>\u0130stanbulda \u0130slam \u00d6lk\u0259l\u0259rinin Vergi Orqanlar\u0131 Assosiasiyas\u0131n\u0131n (ATAIC) \u201cR\u0259q\u0259msal iqtisadiyyat\u0131n vergiy\u0259 c\u0259lb edilm\u0259si\u201d m\u00f6vzusu \u00fczr\u0259 18-ci illik Texniki Konfrans\u0131 ke\u00e7irilib. \u201cReport&#8221;un \u0130qtisadiyyat Nazirliyi yan\u0131nda D\u00f6vl\u0259t Vergi Xidm\u0259tin\u0259 istinad\u0259n verdiyi x\u0259b\u0259r\u0259 g\u00f6r\u0259, t\u0259dbir\u0259 m\u00fc\u015fahid\u0259\u00e7i \u00f6lk\u0259 statusunda qat\u0131lan DVX-nin r\u0259isi Orxan N\u0259z\u0259rlinin r\u0259hb\u0259rlik etdiyi n\u00fcmay\u0259nd\u0259 hey\u0259ti t\u0259msil edib. Konfrans\u0131n a\u00e7\u0131l\u0131\u015f m\u0259rasimind\u0259 T\u00fcrkiy\u0259nin x\u0259zin\u0259 v\u0259 maliyy\u0259 nazirinin m\u00fcavini \u0130smay\u0131l \u0130lhan Hatipo\u011flu, Malayziyan\u0131n Daxili G\u0259lirl\u0259r \u015euras\u0131n\u0131n Ba\u015f icra\u00e7\u0131 direktoru Datuk Dr. Mohd Nizom Sairi v\u0259 T\u00fcrkiy\u0259 G\u0259lir \u0130dar\u0259sinin ba\u015fqan\u0131 Bekir Bayraktar \u00e7\u0131x\u0131\u015f edibl\u0259r. T\u0259dbir \u00e7\u0259r\u00e7iv\u0259sind\u0259 iqtisadiyyat\u0131n r\u0259q\u0259msalla\u015fd\u0131r\u0131lmas\u0131 m\u00fchitinin formala\u015fmas\u0131, r\u0259q\u0259msal iqtisadiyyat\u0131n \u0259sas x\u00fcsusiyy\u0259tl\u0259ri, vergitutma m\u0259s\u0259l\u0259l\u0259rinin&hellip;<\/p>\n","protected":false},"author":2,"featured_media":644969,"comment_status":"closed","ping_status":"closed","sticky":false,"template":"","format":"standard","meta":{"om_disable_all_campaigns":false,"_monsterinsights_skip_tracking":false,"_monsterinsights_sitenote_active":false,"_monsterinsights_sitenote_note":"","_monsterinsights_sitenote_category":0},"categories":[1],"tags":[],"aioseo_notices":[],"gutentor_comment":0,"rttpg_featured_image_url":{"full":["https:\/\/arantv.az\/wp-content\/uploads\/2023\/10\/70546157-68fc-3bd3-b24d-8ecc2527dfe3_850.jpg",620,413,false],"landscape":["https:\/\/arantv.az\/wp-content\/uploads\/2023\/10\/70546157-68fc-3bd3-b24d-8ecc2527dfe3_850.jpg",620,413,false],"portraits":["https:\/\/arantv.az\/wp-content\/uploads\/2023\/10\/70546157-68fc-3bd3-b24d-8ecc2527dfe3_850.jpg",620,413,false],"thumbnail":["https:\/\/arantv.az\/wp-content\/uploads\/2023\/10\/70546157-68fc-3bd3-b24d-8ecc2527dfe3_850-500x280.jpg",500,280,true],"medium":["https:\/\/arantv.az\/wp-content\/uploads\/2023\/10\/70546157-68fc-3bd3-b24d-8ecc2527dfe3_850-548x365.jpg",548,365,true],"large":["https:\/\/arantv.az\/wp-content\/uploads\/2023\/10\/70546157-68fc-3bd3-b24d-8ecc2527dfe3_850.jpg",620,413,false],"1536x1536":["https:\/\/arantv.az\/wp-content\/uploads\/2023\/10\/70546157-68fc-3bd3-b24d-8ecc2527dfe3_850.jpg",620,413,false],"2048x2048":["https:\/\/arantv.az\/wp-content\/uploads\/2023\/10\/70546157-68fc-3bd3-b24d-8ecc2527dfe3_850.jpg",620,413,false],"post-thumbnail":["https:\/\/arantv.az\/wp-content\/uploads\/2023\/10\/70546157-68fc-3bd3-b24d-8ecc2527dfe3_850-240x172.jpg",240,172,true],"advps-thumb-one":["https:\/\/arantv.az\/wp-content\/uploads\/2023\/10\/70546157-68fc-3bd3-b24d-8ecc2527dfe3_850.jpg",620,413,false]},"rttpg_author":{"display_name":"V\u00fcsal Rafiqo\u011flu","author_link":"https:\/\/arantv.az\/?author=2"},"rttpg_comment":0,"rttpg_category":"<a href=\"https:\/\/arantv.az\/?cat=1\" rel=\"category\">C\u0259miyy\u0259t<\/a>","rttpg_excerpt":"\u0130stanbulda \u0130slam \u00d6lk\u0259l\u0259rinin Vergi Orqanlar\u0131 Assosiasiyas\u0131n\u0131n (ATAIC) \u201cR\u0259q\u0259msal iqtisadiyyat\u0131n vergiy\u0259 c\u0259lb edilm\u0259si\u201d m\u00f6vzusu \u00fczr\u0259 18-ci illik Texniki Konfrans\u0131 ke\u00e7irilib. \u201cReport&#8221;un \u0130qtisadiyyat Nazirliyi yan\u0131nda D\u00f6vl\u0259t Vergi Xidm\u0259tin\u0259 istinad\u0259n verdiyi x\u0259b\u0259r\u0259 g\u00f6r\u0259, t\u0259dbir\u0259 m\u00fc\u015fahid\u0259\u00e7i \u00f6lk\u0259 statusunda qat\u0131lan DVX-nin r\u0259isi Orxan N\u0259z\u0259rlinin r\u0259hb\u0259rlik etdiyi n\u00fcmay\u0259nd\u0259 hey\u0259ti t\u0259msil edib. Konfrans\u0131n a\u00e7\u0131l\u0131\u015f m\u0259rasimind\u0259 T\u00fcrkiy\u0259nin x\u0259zin\u0259 v\u0259 maliyy\u0259 nazirinin m\u00fcavini \u0130smay\u0131l&hellip;","_links":{"self":[{"href":"https:\/\/arantv.az\/index.php?rest_route=\/wp\/v2\/posts\/644967"}],"collection":[{"href":"https:\/\/arantv.az\/index.php?rest_route=\/wp\/v2\/posts"}],"about":[{"href":"https:\/\/arantv.az\/index.php?rest_route=\/wp\/v2\/types\/post"}],"author":[{"embeddable":true,"href":"https:\/\/arantv.az\/index.php?rest_route=\/wp\/v2\/users\/2"}],"replies":[{"embeddable":true,"href":"https:\/\/arantv.az\/index.php?rest_route=%2Fwp%2Fv2%2Fcomments&post=644967"}],"version-history":[{"count":0,"href":"https:\/\/arantv.az\/index.php?rest_route=\/wp\/v2\/posts\/644967\/revisions"}],"wp:featuredmedia":[{"embeddable":true,"href":"https:\/\/arantv.az\/index.php?rest_route=\/wp\/v2\/media\/644969"}],"wp:attachment":[{"href":"https:\/\/arantv.az\/index.php?rest_route=%2Fwp%2Fv2%2Fmedia&parent=644967"}],"wp:term":[{"taxonomy":"category","embeddable":true,"href":"https:\/\/arantv.az\/index.php?rest_route=%2Fwp%2Fv2%2Fcategories&post=644967"},{"taxonomy":"post_tag","embeddable":true,"href":"https:\/\/arantv.az\/index.php?rest_route=%2Fwp%2Fv2%2Ftags&post=644967"}],"curies":[{"name":"wp","href":"https:\/\/api.w.org\/{rel}","templated":true}]}}