{"id":644973,"date":"2023-10-13T16:01:05","date_gmt":"2023-10-13T12:01:05","guid":{"rendered":"https:\/\/arantv.az\/?p=644973"},"modified":"2023-10-13T16:01:05","modified_gmt":"2023-10-13T12:01:05","slug":"nikol-pasinyan-erm%c9%99nistani-fransanin-ambisiyalarinin-%c9%99sirin%c9%99-cevirib-r%c9%99y-foto","status":"publish","type":"post","link":"https:\/\/arantv.az\/?p=644973","title":{"rendered":"\u201cNikol Pa\u015finyan Erm\u0259nistan\u0131 Fransan\u0131n ambisiyalar\u0131n\u0131n \u0259sirin\u0259 \u00e7evirib\u201d &#8211; R\u018fY + FOTO"},"content":{"rendered":"<p>\u201cBa\u015f nazir Nikol Pa\u015finyan Erm\u0259nistan\u0131 b\u0259zi \u00f6lk\u0259l\u0259rin, konkret olaraq Fransan\u0131n ambisiyalar\u0131n\u0131n \u0259sirin\u0259 \u00e7evirib. B\u00f6lg\u0259d\u0259 ba\u015f ver\u0259nl\u0259r ayd\u0131n \u015f\u0259kild\u0259 g\u00f6st\u0259rir ki, \u0130r\u0259van\u0131n siyas\u0259ti Rusiyan\u0131n Erm\u0259nistandan \u00e7\u0131xar\u0131lmas\u0131na y\u00f6n\u0259lib\u201d.<\/p>\n<p>Bunu\u00a0\u201cReport\u201da a\u00e7\u0131qlamas\u0131nda Milli M\u0259clisin deputat\u0131 Elnur Allahverdiyev deyib.<\/p>\n<p><img src=\"https:\/\/cdn.oxu.az\/uploads\/W1siZiIsIjIwMjMvMTAvMTMvMTIvMTMvMTMvZWJlMzU5N2EtM2RjYS00MjNmLWE2OGYtZmU4MDlhYjQ4NGM3L2M2NDJjMGM4LTA0NTYtMzI0ZC05YTI1LTkwYTY1NjBhODhmNC5qcGciXSxbInAiLCJlbmNvZGUiLCJqcGciLCItcXVhbGl0eSA4MCJdLFsicCIsInRodW1iIiwiNTkweDU5MFx1MDAzZSJdXQ?sha=13e0aedd8222828c\" alt=\"\" \/><\/p>\n<p>Onun s\u00f6zl\u0259rin\u0259 g\u00f6r\u0259, N.Pa\u015finyan\u0131n MDB d\u00f6vl\u0259t ba\u015f\u00e7\u0131lar\u0131n\u0131n Bi\u015fkek sammitin\u0259 getm\u0259m\u0259sinin d\u0259 \u0259sas s\u0259b\u0259bi budur:<\/p>\n<p>\u201cGedib Bi\u015fkekd\u0259 Rusiya Prezidenti Vladimir Putinl\u0259 n\u0259 \u00fczl\u0259 g\u00f6r\u00fc\u015f\u0259c\u0259kdi? Erm\u0259nistan hakimiyy\u0259ti \u00e7ox \u00f6lk\u0259l\u0259rl\u0259 k\u00f6rp\u00fcl\u0259ri yand\u0131r\u0131b, ancaq Rusiya il\u0259 m\u00fcnasib\u0259tl\u0259ri bel\u0259 kritik h\u0259dd\u0259 \u00e7atd\u0131rmas\u0131 ona baha ba\u015fa g\u0259l\u0259c\u0259k. Bunu Rusiya r\u0259smil\u0259rinin b\u0259yanatlar\u0131ndan da hiss etm\u0259k olar. \u00d6lk\u0259nin s\u0259rh\u0259dl\u0259rini rus h\u0259rb\u00e7il\u0259r qoruyurlar, d\u0259mir yollar\u0131, elektrik x\u0259tl\u0259ri, atom elektrik stansiyas\u0131, b\u00fct\u00f6vl\u00fckd\u0259 iqtisadiyyat\u0131 Rusiyadan as\u0131l\u0131d\u0131r, Pa\u015finyan is\u0259 ssenarisi Avropada yaz\u0131lm\u0131\u015f avant\u00fcralar \u00fc\u00e7\u00fcn al\u0259t rolunu oynay\u0131r\u201d.<\/p>\n<p><img src=\"https:\/\/cdn.oxu.az\/uploads\/W1siZiIsIjIwMjMvMTAvMTMvMTIvMTMvMTMvM2Q4OTU1ZjgtZDhiOS00YTJmLWEwMTItYTI1OTlmOTBmMzIzLzAxYjhjMDM0LTIwNGEtM2QyOS1hMjliLWQxODMxMzczZjcyOS5qcGciXSxbInAiLCJlbmNvZGUiLCJqcGciLCItcXVhbGl0eSA4MCJdLFsicCIsInRodW1iIiwiNTkweDU5MFx1MDAzZSJdXQ?sha=bc371bad7de72c8a\" alt=\"\" \/><\/p>\n<p>Deputat vur\u011fulay\u0131b ki, Erm\u0259nistan\u0131n ac\u0131 h\u0259rbi v\u0259 diplomatik m\u0259\u011flubiyy\u0259tl\u0259rin\u0259 baxmayaraq, beyn\u0259lxalq platformalarda Az\u0259rbaycana qar\u015f\u0131 h\u0259ml\u0259l\u0259r\u0259 davam etm\u0259si onu g\u00f6st\u0259rir ki, Pa\u015finyan yekun s\u00fclh s\u0259n\u0259dini imzalamaqda maraql\u0131 deyil:<\/p>\n<p>\u201cDaha do\u011frusu, bunda onu himay\u0259 ed\u0259n d\u00f6vl\u0259tl\u0259r maraql\u0131 deyill\u0259r. Qaraba\u011f\u0131n bir problem m\u00f6vzusu olaraq qalmas\u0131 Fransa kimi d\u00f6vl\u0259tl\u0259rin \u0259sas m\u0259qs\u0259di idi. Ba\u015fda Paris olmaqla Avropa bu problem vasit\u0259sil\u0259 regiona t\u0259sir etm\u0259k v\u0259 \u0259sas h\u0259d\u0259fl\u0259ri olan Rusiyan\u0131 b\u00f6lg\u0259d\u0259n \u00e7\u0131xarmaq niyy\u0259tl\u0259rini realla\u015fd\u0131rmaq ist\u0259yir. \u201cErm\u0259nil\u0259r\u0259 qar\u015f\u0131 soyq\u0131r\u0131m\u0131\u201d, \u201chumanitar b\u00f6hran\u201d ad\u0131 il\u0259 n\u00fcfuz etm\u0259y\u0259 \u00e7al\u0131\u015f\u0131rlar ki, Rusiyan\u0131n bu v\u0259ziyy\u0259td\u0259 g\u00fccs\u00fcz oldu\u011funu g\u00f6st\u0259rsinl\u0259r. Pa\u015finyan da bu oyuna gedir, daha do\u011frusu, getm\u0259y\u0259 m\u0259cbur edilir. Moskvan\u0131n \u00fcnvan\u0131na i\u015fl\u0259dil\u0259n ittihamlar bu oyunun t\u0259rkib hiss\u0259sidir\u201d.<\/p>\n<p>E.Allahverdiyev s\u00f6yl\u0259yib ki, he\u00e7 bir Avropa d\u00f6vl\u0259ti Qaraba\u011fdan k\u00f6\u00e7\u0259n bir erm\u0259ni ail\u0259sini bel\u0259 q\u0259bul etm\u0259di:<\/p>\n<p>\u201cBir ay \u0259rzind\u0259 Erm\u0259nistana g\u00f6r\u0259 BMT T\u0259hl\u00fck\u0259sizlik \u015euras\u0131nda iki d\u0259f\u0259 m\u0259s\u0259l\u0259 qald\u0131ran Fransan\u0131n \u0130r\u0259vandak\u0131 s\u0259firind\u0259n soru\u015fanda ki, \u00f6lk\u0259si Qaraba\u011f erm\u0259nil\u0259rini q\u0259bul etm\u0259yi planla\u015fd\u0131r\u0131rm\u0131, el\u0259 t\u0259la\u015flanm\u0131\u015fd\u0131 ki, el\u0259 bil h\u0259qiq\u0259t\u0259n d\u0259 erm\u0259nil\u0259r Marsel yolundad\u0131rlar. B\u00fct\u00fcn bunlar g\u00f6st\u0259rir ki, Q\u0259rbi erm\u0259nil\u0259r deyil, \u00f6z m\u0259nafel\u0259ri maraqland\u0131r\u0131r. Erm\u0259nistan da bu maraqlar\u0131n realla\u015fmas\u0131 \u00fc\u00e7\u00fcn vasit\u0259dir. Pa\u015finyan d\u00fcn\u0259n b\u0259yan etdi ki, Qaraba\u011fdan k\u00f6\u00e7\u0259n erm\u0259nil\u0259rd\u0259n 2500 n\u0259f\u0259ri art\u0131q Erm\u0259nistan\u0131 da t\u0259rk edib. Ayd\u0131nd\u0131r ki, onlar Avropaya, Fransaya deyil, Rusiyadak\u0131 qohumlar\u0131n\u0131n yan\u0131na gedibl\u0259r. Bel\u0259 bir reall\u0131qda Pa\u015finyan\u0131n Moskva il\u0259 m\u00fcnasib\u0259tl\u0259ri s\u0259rtl\u0259\u015fdirm\u0259si \u0130r\u0259vana yax\u015f\u0131 he\u00e7 n\u0259 v\u0259d etmir. Erm\u0259nistanda politoloqlar art\u0131q zarafatla deyirl\u0259r ki, xarici \u00f6lk\u0259 liderl\u0259rinin add\u0131mlar\u0131n\u0131 proqnozla\u015fd\u0131ra bilirl\u0259r, Pa\u015finyan\u0131n is\u0259 yox. \u00c7\u00fcnki onun d\u00fcn\u0259n dediyi il\u0259 bu g\u00fcn etdikl\u0259ri ziddiyy\u0259t t\u0259\u015fkil edir\u201d.<\/p>\n","protected":false},"excerpt":{"rendered":"<p>\u201cBa\u015f nazir Nikol Pa\u015finyan Erm\u0259nistan\u0131 b\u0259zi \u00f6lk\u0259l\u0259rin, konkret olaraq Fransan\u0131n ambisiyalar\u0131n\u0131n \u0259sirin\u0259 \u00e7evirib. B\u00f6lg\u0259d\u0259 ba\u015f ver\u0259nl\u0259r ayd\u0131n \u015f\u0259kild\u0259 g\u00f6st\u0259rir ki, \u0130r\u0259van\u0131n siyas\u0259ti Rusiyan\u0131n Erm\u0259nistandan \u00e7\u0131xar\u0131lmas\u0131na y\u00f6n\u0259lib\u201d. Bunu\u00a0\u201cReport\u201da a\u00e7\u0131qlamas\u0131nda Milli M\u0259clisin deputat\u0131 Elnur Allahverdiyev deyib. Onun s\u00f6zl\u0259rin\u0259 g\u00f6r\u0259, N.Pa\u015finyan\u0131n MDB d\u00f6vl\u0259t ba\u015f\u00e7\u0131lar\u0131n\u0131n Bi\u015fkek sammitin\u0259 getm\u0259m\u0259sinin d\u0259 \u0259sas s\u0259b\u0259bi budur: \u201cGedib Bi\u015fkekd\u0259 Rusiya Prezidenti Vladimir Putinl\u0259 n\u0259 \u00fczl\u0259 g\u00f6r\u00fc\u015f\u0259c\u0259kdi? Erm\u0259nistan hakimiyy\u0259ti \u00e7ox \u00f6lk\u0259l\u0259rl\u0259 k\u00f6rp\u00fcl\u0259ri yand\u0131r\u0131b, ancaq Rusiya il\u0259 m\u00fcnasib\u0259tl\u0259ri bel\u0259 kritik h\u0259dd\u0259 \u00e7atd\u0131rmas\u0131 ona baha ba\u015fa g\u0259l\u0259c\u0259k. Bunu Rusiya r\u0259smil\u0259rinin b\u0259yanatlar\u0131ndan da hiss etm\u0259k olar. \u00d6lk\u0259nin s\u0259rh\u0259dl\u0259rini rus h\u0259rb\u00e7il\u0259r qoruyurlar, d\u0259mir yollar\u0131,&hellip;<\/p>\n","protected":false},"author":2,"featured_media":644977,"comment_status":"closed","ping_status":"closed","sticky":false,"template":"","format":"standard","meta":{"om_disable_all_campaigns":false,"_monsterinsights_skip_tracking":false,"_monsterinsights_sitenote_active":false,"_monsterinsights_sitenote_note":"","_monsterinsights_sitenote_category":0},"categories":[4],"tags":[],"aioseo_notices":[],"gutentor_comment":0,"rttpg_featured_image_url":{"full":["https:\/\/arantv.az\/wp-content\/uploads\/2023\/10\/29bae182-a2cc-32ff-b5bc-dc63016b06d5_850.jpg",620,413,false],"landscape":["https:\/\/arantv.az\/wp-content\/uploads\/2023\/10\/29bae182-a2cc-32ff-b5bc-dc63016b06d5_850.jpg",620,413,false],"portraits":["https:\/\/arantv.az\/wp-content\/uploads\/2023\/10\/29bae182-a2cc-32ff-b5bc-dc63016b06d5_850.jpg",620,413,false],"thumbnail":["https:\/\/arantv.az\/wp-content\/uploads\/2023\/10\/29bae182-a2cc-32ff-b5bc-dc63016b06d5_850-500x280.jpg",500,280,true],"medium":["https:\/\/arantv.az\/wp-content\/uploads\/2023\/10\/29bae182-a2cc-32ff-b5bc-dc63016b06d5_850-548x365.jpg",548,365,true],"large":["https:\/\/arantv.az\/wp-content\/uploads\/2023\/10\/29bae182-a2cc-32ff-b5bc-dc63016b06d5_850.jpg",620,413,false],"1536x1536":["https:\/\/arantv.az\/wp-content\/uploads\/2023\/10\/29bae182-a2cc-32ff-b5bc-dc63016b06d5_850.jpg",620,413,false],"2048x2048":["https:\/\/arantv.az\/wp-content\/uploads\/2023\/10\/29bae182-a2cc-32ff-b5bc-dc63016b06d5_850.jpg",620,413,false],"post-thumbnail":["https:\/\/arantv.az\/wp-content\/uploads\/2023\/10\/29bae182-a2cc-32ff-b5bc-dc63016b06d5_850-240x172.jpg",240,172,true],"advps-thumb-one":["https:\/\/arantv.az\/wp-content\/uploads\/2023\/10\/29bae182-a2cc-32ff-b5bc-dc63016b06d5_850.jpg",620,413,false]},"rttpg_author":{"display_name":"V\u00fcsal Rafiqo\u011flu","author_link":"https:\/\/arantv.az\/?author=2"},"rttpg_comment":0,"rttpg_category":"<a href=\"https:\/\/arantv.az\/?cat=4\" rel=\"category\">Siyas\u0259t<\/a>","rttpg_excerpt":"\u201cBa\u015f nazir Nikol Pa\u015finyan Erm\u0259nistan\u0131 b\u0259zi \u00f6lk\u0259l\u0259rin, konkret olaraq Fransan\u0131n ambisiyalar\u0131n\u0131n \u0259sirin\u0259 \u00e7evirib. B\u00f6lg\u0259d\u0259 ba\u015f ver\u0259nl\u0259r ayd\u0131n \u015f\u0259kild\u0259 g\u00f6st\u0259rir ki, \u0130r\u0259van\u0131n siyas\u0259ti Rusiyan\u0131n Erm\u0259nistandan \u00e7\u0131xar\u0131lmas\u0131na y\u00f6n\u0259lib\u201d. Bunu\u00a0\u201cReport\u201da a\u00e7\u0131qlamas\u0131nda Milli M\u0259clisin deputat\u0131 Elnur Allahverdiyev deyib. Onun s\u00f6zl\u0259rin\u0259 g\u00f6r\u0259, N.Pa\u015finyan\u0131n MDB d\u00f6vl\u0259t ba\u015f\u00e7\u0131lar\u0131n\u0131n Bi\u015fkek sammitin\u0259 getm\u0259m\u0259sinin d\u0259 \u0259sas s\u0259b\u0259bi budur: \u201cGedib Bi\u015fkekd\u0259 Rusiya Prezidenti Vladimir Putinl\u0259 n\u0259&hellip;","_links":{"self":[{"href":"https:\/\/arantv.az\/index.php?rest_route=\/wp\/v2\/posts\/644973"}],"collection":[{"href":"https:\/\/arantv.az\/index.php?rest_route=\/wp\/v2\/posts"}],"about":[{"href":"https:\/\/arantv.az\/index.php?rest_route=\/wp\/v2\/types\/post"}],"author":[{"embeddable":true,"href":"https:\/\/arantv.az\/index.php?rest_route=\/wp\/v2\/users\/2"}],"replies":[{"embeddable":true,"href":"https:\/\/arantv.az\/index.php?rest_route=%2Fwp%2Fv2%2Fcomments&post=644973"}],"version-history":[{"count":0,"href":"https:\/\/arantv.az\/index.php?rest_route=\/wp\/v2\/posts\/644973\/revisions"}],"wp:featuredmedia":[{"embeddable":true,"href":"https:\/\/arantv.az\/index.php?rest_route=\/wp\/v2\/media\/644977"}],"wp:attachment":[{"href":"https:\/\/arantv.az\/index.php?rest_route=%2Fwp%2Fv2%2Fmedia&parent=644973"}],"wp:term":[{"taxonomy":"category","embeddable":true,"href":"https:\/\/arantv.az\/index.php?rest_route=%2Fwp%2Fv2%2Fcategories&post=644973"},{"taxonomy":"post_tag","embeddable":true,"href":"https:\/\/arantv.az\/index.php?rest_route=%2Fwp%2Fv2%2Ftags&post=644973"}],"curies":[{"name":"wp","href":"https:\/\/api.w.org\/{rel}","templated":true}]}}