{"id":644976,"date":"2023-10-13T16:01:37","date_gmt":"2023-10-13T12:01:37","guid":{"rendered":"https:\/\/arantv.az\/?p=644976"},"modified":"2023-10-13T16:01:37","modified_gmt":"2023-10-13T12:01:37","slug":"ilham-%c9%99liyev-mdb-dovl%c9%99t-bascilari-surasinin-genis-t%c9%99rkibd%c9%99-iclasinda-istirak-edir","status":"publish","type":"post","link":"https:\/\/arantv.az\/?p=644976","title":{"rendered":"\u0130lham \u018fliyev MDB D\u00f6vl\u0259t Ba\u015f\u00e7\u0131lar\u0131 \u015euras\u0131n\u0131n geni\u015f t\u0259rkibd\u0259 iclas\u0131nda i\u015ftirak edir"},"content":{"rendered":"<p>Oktyabr\u0131n 13-d\u0259 Bi\u015fkekd\u0259 M\u00fcst\u0259qil D\u00f6vl\u0259tl\u0259r Birliyi (MDB) D\u00f6vl\u0259t Ba\u015f\u00e7\u0131lar\u0131 \u015euras\u0131n\u0131n geni\u015f t\u0259rkibd\u0259 iclas\u0131 ba\u015flay\u0131b.<\/p>\n<p><a href=\"https:\/\/azertag.az\/xeber\/biskekde_mdb_dovlet_baschilari_surasinin_genis_terkibde_iclasi_baslayib_azerbaycan_prezidenti_ilham_eliyev_iclasda_istirak_edir_yenilenecek-2785846\" target=\"_blank\" rel=\"noopener\">AZ\u018fRTAC<\/a>\u00a0x\u0259b\u0259r verir ki, Az\u0259rbaycan Respublikas\u0131n\u0131n Prezidenti\u00a0<strong>\u0130lham \u018fliyev<\/strong>\u00a0iclasda i\u015ftirak edir.<\/p>\n","protected":false},"excerpt":{"rendered":"<p>Oktyabr\u0131n 13-d\u0259 Bi\u015fkekd\u0259 M\u00fcst\u0259qil D\u00f6vl\u0259tl\u0259r Birliyi (MDB) D\u00f6vl\u0259t Ba\u015f\u00e7\u0131lar\u0131 \u015euras\u0131n\u0131n geni\u015f t\u0259rkibd\u0259 iclas\u0131 ba\u015flay\u0131b. AZ\u018fRTAC\u00a0x\u0259b\u0259r verir ki, Az\u0259rbaycan Respublikas\u0131n\u0131n Prezidenti\u00a0\u0130lham \u018fliyev\u00a0iclasda i\u015ftirak edir.<\/p>\n","protected":false},"author":2,"featured_media":644980,"comment_status":"closed","ping_status":"closed","sticky":false,"template":"","format":"standard","meta":{"om_disable_all_campaigns":false,"_monsterinsights_skip_tracking":false,"_monsterinsights_sitenote_active":false,"_monsterinsights_sitenote_note":"","_monsterinsights_sitenote_category":0},"categories":[4],"tags":[],"aioseo_notices":[],"gutentor_comment":0,"rttpg_featured_image_url":{"full":["https:\/\/arantv.az\/wp-content\/uploads\/2023\/10\/FotoJet-12-1.jpg",620,413,false],"landscape":["https:\/\/arantv.az\/wp-content\/uploads\/2023\/10\/FotoJet-12-1.jpg",620,413,false],"portraits":["https:\/\/arantv.az\/wp-content\/uploads\/2023\/10\/FotoJet-12-1.jpg",620,413,false],"thumbnail":["https:\/\/arantv.az\/wp-content\/uploads\/2023\/10\/FotoJet-12-1-500x280.jpg",500,280,true],"medium":["https:\/\/arantv.az\/wp-content\/uploads\/2023\/10\/FotoJet-12-1-548x365.jpg",548,365,true],"large":["https:\/\/arantv.az\/wp-content\/uploads\/2023\/10\/FotoJet-12-1.jpg",620,413,false],"1536x1536":["https:\/\/arantv.az\/wp-content\/uploads\/2023\/10\/FotoJet-12-1.jpg",620,413,false],"2048x2048":["https:\/\/arantv.az\/wp-content\/uploads\/2023\/10\/FotoJet-12-1.jpg",620,413,false],"post-thumbnail":["https:\/\/arantv.az\/wp-content\/uploads\/2023\/10\/FotoJet-12-1-240x172.jpg",240,172,true],"advps-thumb-one":["https:\/\/arantv.az\/wp-content\/uploads\/2023\/10\/FotoJet-12-1.jpg",620,413,false]},"rttpg_author":{"display_name":"V\u00fcsal Rafiqo\u011flu","author_link":"https:\/\/arantv.az\/?author=2"},"rttpg_comment":0,"rttpg_category":"<a href=\"https:\/\/arantv.az\/?cat=4\" rel=\"category\">Siyas\u0259t<\/a>","rttpg_excerpt":"Oktyabr\u0131n 13-d\u0259 Bi\u015fkekd\u0259 M\u00fcst\u0259qil D\u00f6vl\u0259tl\u0259r Birliyi (MDB) D\u00f6vl\u0259t Ba\u015f\u00e7\u0131lar\u0131 \u015euras\u0131n\u0131n geni\u015f t\u0259rkibd\u0259 iclas\u0131 ba\u015flay\u0131b. AZ\u018fRTAC\u00a0x\u0259b\u0259r verir ki, Az\u0259rbaycan Respublikas\u0131n\u0131n Prezidenti\u00a0\u0130lham \u018fliyev\u00a0iclasda i\u015ftirak edir.","_links":{"self":[{"href":"https:\/\/arantv.az\/index.php?rest_route=\/wp\/v2\/posts\/644976"}],"collection":[{"href":"https:\/\/arantv.az\/index.php?rest_route=\/wp\/v2\/posts"}],"about":[{"href":"https:\/\/arantv.az\/index.php?rest_route=\/wp\/v2\/types\/post"}],"author":[{"embeddable":true,"href":"https:\/\/arantv.az\/index.php?rest_route=\/wp\/v2\/users\/2"}],"replies":[{"embeddable":true,"href":"https:\/\/arantv.az\/index.php?rest_route=%2Fwp%2Fv2%2Fcomments&post=644976"}],"version-history":[{"count":0,"href":"https:\/\/arantv.az\/index.php?rest_route=\/wp\/v2\/posts\/644976\/revisions"}],"wp:featuredmedia":[{"embeddable":true,"href":"https:\/\/arantv.az\/index.php?rest_route=\/wp\/v2\/media\/644980"}],"wp:attachment":[{"href":"https:\/\/arantv.az\/index.php?rest_route=%2Fwp%2Fv2%2Fmedia&parent=644976"}],"wp:term":[{"taxonomy":"category","embeddable":true,"href":"https:\/\/arantv.az\/index.php?rest_route=%2Fwp%2Fv2%2Fcategories&post=644976"},{"taxonomy":"post_tag","embeddable":true,"href":"https:\/\/arantv.az\/index.php?rest_route=%2Fwp%2Fv2%2Ftags&post=644976"}],"curies":[{"name":"wp","href":"https:\/\/api.w.org\/{rel}","templated":true}]}}