{"id":644985,"date":"2023-10-13T16:03:11","date_gmt":"2023-10-13T12:03:11","guid":{"rendered":"https:\/\/arantv.az\/?p=644985"},"modified":"2023-10-13T16:03:11","modified_gmt":"2023-10-13T12:03:11","slug":"prezident-ilham-%c9%99liyev-az%c9%99rbaycanin-namiz%c9%99dliyini-d%c9%99st%c9%99kl%c9%99dikl%c9%99ri-ucun-h%c9%99mkarlarina-minn%c9%99tdarliq-edib","status":"publish","type":"post","link":"https:\/\/arantv.az\/?p=644985","title":{"rendered":"Prezident \u0130lham \u018fliyev Az\u0259rbaycan\u0131n namiz\u0259dliyini d\u0259st\u0259kl\u0259dikl\u0259ri \u00fc\u00e7\u00fcn h\u0259mkarlar\u0131na minn\u0259tdarl\u0131q edib"},"content":{"rendered":"<p>\u201cHumanitar sah\u0259 MDB \u00e7\u0259r\u00e7iv\u0259sind\u0259 \u0259sas istiqam\u0259tl\u0259rd\u0259n biridir. Az\u0259rbaycan bu sah\u0259d\u0259 \u0259m\u0259kda\u015fl\u0131\u011f\u0131m\u0131z\u0131n inki\u015faf\u0131na b\u00f6y\u00fck t\u00f6hf\u0259 verir\u201d.<\/p>\n<p><a href=\"https:\/\/azertag.az\/xeber\/prezident_ilham_eliyev_azerbaycanin_2025_ci_ilde_mdb_oyunlarinin_kechirilmesi_uzre_namizedliyini_destekledikleri_uchun_hemkarlarina_minnetdarliq_edib-2785795\" target=\"_blank\" rel=\"noopener\">AZ\u018fRTAC<\/a>\u00a0x\u0259b\u0259r verir ki, bu fikirl\u0259ri Prezident\u00a0<strong>\u0130lham \u018fliyev<\/strong>\u00a0MDB D\u00f6vl\u0259t Ba\u015f\u00e7\u0131lar\u0131 \u015euras\u0131n\u0131n m\u0259hdud t\u0259rkibd\u0259 iclas\u0131nda \u00e7\u0131x\u0131\u015f\u0131nda s\u0259sl\u0259ndirib.<\/p>\n<p>D\u00f6vl\u0259timizin ba\u015f\u00e7\u0131s\u0131 Az\u0259rbaycan\u0131n 2025-ci ild\u0259 \u00fc\u00e7\u00fcnc\u00fc MDB Oyunlar\u0131n\u0131n ke\u00e7irilm\u0259si \u00fczr\u0259 namiz\u0259dliyini d\u0259st\u0259kl\u0259dikl\u0259ri \u00fc\u00e7\u00fcn h\u0259mkarlar\u0131na minn\u0259tdarl\u0131\u011f\u0131n\u0131 bildirib.<\/p>\n","protected":false},"excerpt":{"rendered":"<p>\u201cHumanitar sah\u0259 MDB \u00e7\u0259r\u00e7iv\u0259sind\u0259 \u0259sas istiqam\u0259tl\u0259rd\u0259n biridir. Az\u0259rbaycan bu sah\u0259d\u0259 \u0259m\u0259kda\u015fl\u0131\u011f\u0131m\u0131z\u0131n inki\u015faf\u0131na b\u00f6y\u00fck t\u00f6hf\u0259 verir\u201d. AZ\u018fRTAC\u00a0x\u0259b\u0259r verir ki, bu fikirl\u0259ri Prezident\u00a0\u0130lham \u018fliyev\u00a0MDB D\u00f6vl\u0259t Ba\u015f\u00e7\u0131lar\u0131 \u015euras\u0131n\u0131n m\u0259hdud t\u0259rkibd\u0259 iclas\u0131nda \u00e7\u0131x\u0131\u015f\u0131nda s\u0259sl\u0259ndirib. D\u00f6vl\u0259timizin ba\u015f\u00e7\u0131s\u0131 Az\u0259rbaycan\u0131n 2025-ci ild\u0259 \u00fc\u00e7\u00fcnc\u00fc MDB Oyunlar\u0131n\u0131n ke\u00e7irilm\u0259si \u00fczr\u0259 namiz\u0259dliyini d\u0259st\u0259kl\u0259dikl\u0259ri \u00fc\u00e7\u00fcn h\u0259mkarlar\u0131na minn\u0259tdarl\u0131\u011f\u0131n\u0131 bildirib.<\/p>\n","protected":false},"author":2,"featured_media":644989,"comment_status":"closed","ping_status":"closed","sticky":false,"template":"","format":"standard","meta":{"om_disable_all_campaigns":false,"_monsterinsights_skip_tracking":false,"_monsterinsights_sitenote_active":false,"_monsterinsights_sitenote_note":"","_monsterinsights_sitenote_category":0},"categories":[4],"tags":[],"aioseo_notices":[],"gutentor_comment":0,"rttpg_featured_image_url":{"full":["https:\/\/arantv.az\/wp-content\/uploads\/2023\/10\/06-2.jpg",620,413,false],"landscape":["https:\/\/arantv.az\/wp-content\/uploads\/2023\/10\/06-2.jpg",620,413,false],"portraits":["https:\/\/arantv.az\/wp-content\/uploads\/2023\/10\/06-2.jpg",620,413,false],"thumbnail":["https:\/\/arantv.az\/wp-content\/uploads\/2023\/10\/06-2-500x280.jpg",500,280,true],"medium":["https:\/\/arantv.az\/wp-content\/uploads\/2023\/10\/06-2-548x365.jpg",548,365,true],"large":["https:\/\/arantv.az\/wp-content\/uploads\/2023\/10\/06-2.jpg",620,413,false],"1536x1536":["https:\/\/arantv.az\/wp-content\/uploads\/2023\/10\/06-2.jpg",620,413,false],"2048x2048":["https:\/\/arantv.az\/wp-content\/uploads\/2023\/10\/06-2.jpg",620,413,false],"post-thumbnail":["https:\/\/arantv.az\/wp-content\/uploads\/2023\/10\/06-2-240x172.jpg",240,172,true],"advps-thumb-one":["https:\/\/arantv.az\/wp-content\/uploads\/2023\/10\/06-2.jpg",620,413,false]},"rttpg_author":{"display_name":"V\u00fcsal Rafiqo\u011flu","author_link":"https:\/\/arantv.az\/?author=2"},"rttpg_comment":0,"rttpg_category":"<a href=\"https:\/\/arantv.az\/?cat=4\" rel=\"category\">Siyas\u0259t<\/a>","rttpg_excerpt":"\u201cHumanitar sah\u0259 MDB \u00e7\u0259r\u00e7iv\u0259sind\u0259 \u0259sas istiqam\u0259tl\u0259rd\u0259n biridir. Az\u0259rbaycan bu sah\u0259d\u0259 \u0259m\u0259kda\u015fl\u0131\u011f\u0131m\u0131z\u0131n inki\u015faf\u0131na b\u00f6y\u00fck t\u00f6hf\u0259 verir\u201d. AZ\u018fRTAC\u00a0x\u0259b\u0259r verir ki, bu fikirl\u0259ri Prezident\u00a0\u0130lham \u018fliyev\u00a0MDB D\u00f6vl\u0259t Ba\u015f\u00e7\u0131lar\u0131 \u015euras\u0131n\u0131n m\u0259hdud t\u0259rkibd\u0259 iclas\u0131nda \u00e7\u0131x\u0131\u015f\u0131nda s\u0259sl\u0259ndirib. D\u00f6vl\u0259timizin ba\u015f\u00e7\u0131s\u0131 Az\u0259rbaycan\u0131n 2025-ci ild\u0259 \u00fc\u00e7\u00fcnc\u00fc MDB Oyunlar\u0131n\u0131n ke\u00e7irilm\u0259si \u00fczr\u0259 namiz\u0259dliyini d\u0259st\u0259kl\u0259dikl\u0259ri \u00fc\u00e7\u00fcn h\u0259mkarlar\u0131na minn\u0259tdarl\u0131\u011f\u0131n\u0131 bildirib.","_links":{"self":[{"href":"https:\/\/arantv.az\/index.php?rest_route=\/wp\/v2\/posts\/644985"}],"collection":[{"href":"https:\/\/arantv.az\/index.php?rest_route=\/wp\/v2\/posts"}],"about":[{"href":"https:\/\/arantv.az\/index.php?rest_route=\/wp\/v2\/types\/post"}],"author":[{"embeddable":true,"href":"https:\/\/arantv.az\/index.php?rest_route=\/wp\/v2\/users\/2"}],"replies":[{"embeddable":true,"href":"https:\/\/arantv.az\/index.php?rest_route=%2Fwp%2Fv2%2Fcomments&post=644985"}],"version-history":[{"count":0,"href":"https:\/\/arantv.az\/index.php?rest_route=\/wp\/v2\/posts\/644985\/revisions"}],"wp:featuredmedia":[{"embeddable":true,"href":"https:\/\/arantv.az\/index.php?rest_route=\/wp\/v2\/media\/644989"}],"wp:attachment":[{"href":"https:\/\/arantv.az\/index.php?rest_route=%2Fwp%2Fv2%2Fmedia&parent=644985"}],"wp:term":[{"taxonomy":"category","embeddable":true,"href":"https:\/\/arantv.az\/index.php?rest_route=%2Fwp%2Fv2%2Fcategories&post=644985"},{"taxonomy":"post_tag","embeddable":true,"href":"https:\/\/arantv.az\/index.php?rest_route=%2Fwp%2Fv2%2Ftags&post=644985"}],"curies":[{"name":"wp","href":"https:\/\/api.w.org\/{rel}","templated":true}]}}