{"id":644988,"date":"2023-10-13T16:03:34","date_gmt":"2023-10-13T12:03:34","guid":{"rendered":"https:\/\/arantv.az\/?p=644988"},"modified":"2023-10-13T16:03:34","modified_gmt":"2023-10-13T12:03:34","slug":"prezident-az%c9%99rbaycan-mdb-nin-bir-cox-olk%c9%99l%c9%99ri-ucun-tranzit-n%c9%99qliyyat-sah%c9%99sind%c9%99-etibarli-t%c9%99r%c9%99fdasdir","status":"publish","type":"post","link":"https:\/\/arantv.az\/?p=644988","title":{"rendered":"Prezident: \u201cAz\u0259rbaycan MDB-nin bir \u00e7ox \u00f6lk\u0259l\u0259ri \u00fc\u00e7\u00fcn tranzit-n\u0259qliyyat sah\u0259sind\u0259 etibarl\u0131 t\u0259r\u0259fda\u015fd\u0131r\u201d"},"content":{"rendered":"<p>\u201cKe\u00e7\u0259n il Az\u0259rbaycan il\u0259 MDB \u00f6lk\u0259l\u0259ri aras\u0131nda \u0259mt\u0259\u0259 d\u00f6vriyy\u0259sinin h\u0259cmi t\u0259xmin\u0259n 30 faiz art\u0131b. Bu il art\u0131m 20 faizd\u0259n d\u0259 \u00e7oxdur\u201d.<\/p>\n<p><a href=\"https:\/\/azertag.az\/xeber\/prezident_azerbaycan_mdb_nin_bir_chox_olkeleri_uchun_tranzit_neqliyyat_sahesinde_etibarli_terefdasdir-2785789\" target=\"_blank\" rel=\"noopener\">AZ\u018fRTAC<\/a>\u00a0x\u0259b\u0259r verir ki, bu s\u00f6zl\u0259ri Prezident\u00a0<strong>\u0130lham \u018fliyev\u00a0<\/strong>oktyabr\u0131n 13-d\u0259 Bi\u015fkekd\u0259 MDB D\u00f6vl\u0259t Ba\u015f\u00e7\u0131lar\u0131 \u015euras\u0131n\u0131n m\u0259hdud t\u0259rkibd\u0259 iclas\u0131nda \u00e7\u0131x\u0131\u015f\u0131nda s\u00f6yl\u0259yib.<\/p>\n<p>\u201cAz\u0259rbaycan MDB-nin bir \u00e7ox \u00f6lk\u0259l\u0259ri \u00fc\u00e7\u00fcn tranzit-n\u0259qliyyat sah\u0259sind\u0259 etibarl\u0131 t\u0259r\u0259fda\u015fd\u0131r\u201d, &#8211; dey\u0259n d\u00f6vl\u0259timizin ba\u015f\u00e7\u0131s\u0131 bildirib ki, MDB-nin bir \u00e7ox \u00fczv \u00f6lk\u0259l\u0259ri \u015e\u0259rq-Q\u0259rb v\u0259 \u015eimal-C\u0259nub n\u0259qliyyat d\u0259hlizl\u0259ri \u00fczr\u0259 Az\u0259rbaycan\u0131n tranzit imkanlar\u0131ndan f\u0259al istifad\u0259 edirl\u0259r.<\/p>\n<p>\u201cBu iki n\u0259qliyyat d\u0259hlizinin \u00f6t\u00fcrm\u0259 qabiliyy\u0259tinin geni\u015fl\u0259ndirilm\u0259si \u00fczr\u0259 h\u0259yata ke\u00e7iril\u0259n v\u0259 perspektiv layih\u0259l\u0259r \u00f6lk\u0259l\u0259rimizin n\u0259qliyyat t\u0259hl\u00fck\u0259sizliyinin m\u00f6hk\u0259ml\u0259nm\u0259si i\u015fin\u0259 v\u0259 \u0259mt\u0259\u0259 d\u00f6vriyy\u0259sinin art\u0131r\u0131lmas\u0131na xidm\u0259t ed\u0259c\u0259k, &#8211; dey\u0259 Az\u0259rbaycan Prezidenti \u0259lav\u0259 edib.<\/p>\n","protected":false},"excerpt":{"rendered":"<p>\u201cKe\u00e7\u0259n il Az\u0259rbaycan il\u0259 MDB \u00f6lk\u0259l\u0259ri aras\u0131nda \u0259mt\u0259\u0259 d\u00f6vriyy\u0259sinin h\u0259cmi t\u0259xmin\u0259n 30 faiz art\u0131b. Bu il art\u0131m 20 faizd\u0259n d\u0259 \u00e7oxdur\u201d. AZ\u018fRTAC\u00a0x\u0259b\u0259r verir ki, bu s\u00f6zl\u0259ri Prezident\u00a0\u0130lham \u018fliyev\u00a0oktyabr\u0131n 13-d\u0259 Bi\u015fkekd\u0259 MDB D\u00f6vl\u0259t Ba\u015f\u00e7\u0131lar\u0131 \u015euras\u0131n\u0131n m\u0259hdud t\u0259rkibd\u0259 iclas\u0131nda \u00e7\u0131x\u0131\u015f\u0131nda s\u00f6yl\u0259yib. \u201cAz\u0259rbaycan MDB-nin bir \u00e7ox \u00f6lk\u0259l\u0259ri \u00fc\u00e7\u00fcn tranzit-n\u0259qliyyat sah\u0259sind\u0259 etibarl\u0131 t\u0259r\u0259fda\u015fd\u0131r\u201d, &#8211; dey\u0259n d\u00f6vl\u0259timizin ba\u015f\u00e7\u0131s\u0131 bildirib ki, MDB-nin bir \u00e7ox \u00fczv \u00f6lk\u0259l\u0259ri \u015e\u0259rq-Q\u0259rb v\u0259 \u015eimal-C\u0259nub n\u0259qliyyat d\u0259hlizl\u0259ri \u00fczr\u0259 Az\u0259rbaycan\u0131n tranzit imkanlar\u0131ndan f\u0259al istifad\u0259 edirl\u0259r. \u201cBu iki n\u0259qliyyat d\u0259hlizinin \u00f6t\u00fcrm\u0259 qabiliyy\u0259tinin geni\u015fl\u0259ndirilm\u0259si \u00fczr\u0259 h\u0259yata ke\u00e7iril\u0259n v\u0259 perspektiv layih\u0259l\u0259r \u00f6lk\u0259l\u0259rimizin n\u0259qliyyat t\u0259hl\u00fck\u0259sizliyinin m\u00f6hk\u0259ml\u0259nm\u0259si i\u015fin\u0259&hellip;<\/p>\n","protected":false},"author":2,"featured_media":644991,"comment_status":"closed","ping_status":"closed","sticky":false,"template":"","format":"standard","meta":{"om_disable_all_campaigns":false,"_monsterinsights_skip_tracking":false,"_monsterinsights_sitenote_active":false,"_monsterinsights_sitenote_note":"","_monsterinsights_sitenote_category":0},"categories":[4],"tags":[],"aioseo_notices":[],"gutentor_comment":0,"rttpg_featured_image_url":{"full":["https:\/\/arantv.az\/wp-content\/uploads\/2023\/10\/158333732023421631.jpg",620,413,false],"landscape":["https:\/\/arantv.az\/wp-content\/uploads\/2023\/10\/158333732023421631.jpg",620,413,false],"portraits":["https:\/\/arantv.az\/wp-content\/uploads\/2023\/10\/158333732023421631.jpg",620,413,false],"thumbnail":["https:\/\/arantv.az\/wp-content\/uploads\/2023\/10\/158333732023421631-500x280.jpg",500,280,true],"medium":["https:\/\/arantv.az\/wp-content\/uploads\/2023\/10\/158333732023421631-548x365.jpg",548,365,true],"large":["https:\/\/arantv.az\/wp-content\/uploads\/2023\/10\/158333732023421631.jpg",620,413,false],"1536x1536":["https:\/\/arantv.az\/wp-content\/uploads\/2023\/10\/158333732023421631.jpg",620,413,false],"2048x2048":["https:\/\/arantv.az\/wp-content\/uploads\/2023\/10\/158333732023421631.jpg",620,413,false],"post-thumbnail":["https:\/\/arantv.az\/wp-content\/uploads\/2023\/10\/158333732023421631-240x172.jpg",240,172,true],"advps-thumb-one":["https:\/\/arantv.az\/wp-content\/uploads\/2023\/10\/158333732023421631.jpg",620,413,false]},"rttpg_author":{"display_name":"V\u00fcsal Rafiqo\u011flu","author_link":"https:\/\/arantv.az\/?author=2"},"rttpg_comment":0,"rttpg_category":"<a href=\"https:\/\/arantv.az\/?cat=4\" rel=\"category\">Siyas\u0259t<\/a>","rttpg_excerpt":"\u201cKe\u00e7\u0259n il Az\u0259rbaycan il\u0259 MDB \u00f6lk\u0259l\u0259ri aras\u0131nda \u0259mt\u0259\u0259 d\u00f6vriyy\u0259sinin h\u0259cmi t\u0259xmin\u0259n 30 faiz art\u0131b. Bu il art\u0131m 20 faizd\u0259n d\u0259 \u00e7oxdur\u201d. AZ\u018fRTAC\u00a0x\u0259b\u0259r verir ki, bu s\u00f6zl\u0259ri Prezident\u00a0\u0130lham \u018fliyev\u00a0oktyabr\u0131n 13-d\u0259 Bi\u015fkekd\u0259 MDB D\u00f6vl\u0259t Ba\u015f\u00e7\u0131lar\u0131 \u015euras\u0131n\u0131n m\u0259hdud t\u0259rkibd\u0259 iclas\u0131nda \u00e7\u0131x\u0131\u015f\u0131nda s\u00f6yl\u0259yib. \u201cAz\u0259rbaycan MDB-nin bir \u00e7ox \u00f6lk\u0259l\u0259ri \u00fc\u00e7\u00fcn tranzit-n\u0259qliyyat sah\u0259sind\u0259 etibarl\u0131 t\u0259r\u0259fda\u015fd\u0131r\u201d, &#8211; dey\u0259n d\u00f6vl\u0259timizin ba\u015f\u00e7\u0131s\u0131 bildirib ki,&hellip;","_links":{"self":[{"href":"https:\/\/arantv.az\/index.php?rest_route=\/wp\/v2\/posts\/644988"}],"collection":[{"href":"https:\/\/arantv.az\/index.php?rest_route=\/wp\/v2\/posts"}],"about":[{"href":"https:\/\/arantv.az\/index.php?rest_route=\/wp\/v2\/types\/post"}],"author":[{"embeddable":true,"href":"https:\/\/arantv.az\/index.php?rest_route=\/wp\/v2\/users\/2"}],"replies":[{"embeddable":true,"href":"https:\/\/arantv.az\/index.php?rest_route=%2Fwp%2Fv2%2Fcomments&post=644988"}],"version-history":[{"count":0,"href":"https:\/\/arantv.az\/index.php?rest_route=\/wp\/v2\/posts\/644988\/revisions"}],"wp:featuredmedia":[{"embeddable":true,"href":"https:\/\/arantv.az\/index.php?rest_route=\/wp\/v2\/media\/644991"}],"wp:attachment":[{"href":"https:\/\/arantv.az\/index.php?rest_route=%2Fwp%2Fv2%2Fmedia&parent=644988"}],"wp:term":[{"taxonomy":"category","embeddable":true,"href":"https:\/\/arantv.az\/index.php?rest_route=%2Fwp%2Fv2%2Fcategories&post=644988"},{"taxonomy":"post_tag","embeddable":true,"href":"https:\/\/arantv.az\/index.php?rest_route=%2Fwp%2Fv2%2Ftags&post=644988"}],"curies":[{"name":"wp","href":"https:\/\/api.w.org\/{rel}","templated":true}]}}