{"id":64499,"date":"2019-06-05T15:47:57","date_gmt":"2019-06-05T12:47:57","guid":{"rendered":"http:\/\/arantv.az\/?p=64499"},"modified":"2019-06-05T15:47:57","modified_gmt":"2019-06-05T12:47:57","slug":"bayram-gunu-baki-avtovagzalinda-v%c9%99ziyy%c9%99t-reportaj-fotolar","status":"publish","type":"post","link":"https:\/\/arantv.az\/?p=64499","title":{"rendered":"Bayram g\u00fcn\u00fc Bak\u0131 avtova\u011fzal\u0131nda v\u0259ziyy\u0259t \u2013 Reportaj (Fotolar)"},"content":{"rendered":"<p><strong>Bayram g\u00fcnl\u0259rind\u0259 Bak\u0131da ya\u015fayan insanlar\u0131n bir xeylisi b\u00f6lg\u0259l\u0259r\u0259, rayonlara \u00fcz tuturlar. Bununla \u0259laq\u0259dar h\u0259r d\u0259f\u0259 Bak\u0131 Beyn\u0259lxalq Avtova\u011fzal\u0131nda s\u0131xl\u0131\u011f\u0131n olmas\u0131 adi hala \u00e7evrilmi\u015fdi. Bu m\u0259qamdan is\u0259 i\u015fbazlar istifad\u0259 edir, gedi\u015f haqlar\u0131n\u0131 qald\u0131r\u0131b, s\u0259rni\u015finl\u0259ri naraz\u0131 sal\u0131rd\u0131lar. B\u0259s Ramazan bayram\u0131 \u0259r\u0259f\u0259sind\u0259 avtova\u011fzalda v\u0259ziyy\u0259t nec\u0259dir?\u00a0<\/strong><\/p>\n<p>Musavat.com-un reportyor qrupu Bak\u0131 Beyn\u0259lxalq Avtova\u011fzal\u0131nda olub, m\u00f6vcud v\u0259ziyy\u0259tl\u0259 maraqlan\u0131b.<\/p>\n<p>Avtova\u011fzalda oldu\u011fumuz zaman h\u0259mi\u015f\u0259kind\u0259n f\u0259rqli olaraq avtobuslar\u0131n deyil, bilet kassalar\u0131n\u0131n qar\u015f\u0131s\u0131nda n\u00f6vb\u0259nin oldu\u011funu g\u00f6rd\u00fck. \u018fvv\u0259ll\u0259r s\u0259rni\u015finl\u0259r avtobuslar\u0131n qar\u015f\u0131s\u0131na topla\u015f\u0131b, dispet\u00e7erin bayramdan istfad\u0259 edib qald\u0131rd\u0131qlar\u0131 qiym\u0259tl\u0259ri endirm\u0259y\u0259 \u00e7al\u0131\u015f\u0131rd\u0131lar. Bu zaman t\u0259bii ki, m\u00fcbahis\u0259l\u0259r d\u0259 ya\u015fan\u0131rd\u0131. Nec\u0259 dey\u0259rl\u0259r, insanlar\u0131n bayram\u0131 el\u0259 b\u0259ri ba\u015fdan qara g\u0259lirdi. \u0130ndi is\u0259 bu c\u00fcr halla \u00fczl\u0259\u015f\u0259n s\u0259rni\u015fin\u0259 rast g\u0259lm\u0259dik. \u018fvv\u0259ld\u0259n biletl\u0259rini alan s\u0259rni\u015finl\u0259r avtobuslara yax\u0131nla\u015f\u0131b, biletd\u0259 g\u00f6st\u0259ril\u0259n yerl\u0259rind\u0259 \u0259yl\u0259\u015firdil\u0259r. Eyni zamanda haz\u0131rda da b\u0259zi b\u00f6lg\u0259l\u0259r\u0259 bilet sat\u0131\u015f\u0131 davam edirdi. X\u00fcsusil\u0259 d\u0259 Quba, Qusar istiqam\u0259tin\u0259 ged\u0259nl\u0259r \u00e7ox oldu\u011fu \u00fc\u00e7\u00fcn bu b\u00f6lg\u0259l\u0259r\u0259 biletin sat\u0131ld\u0131\u011f\u0131 kassalar\u0131n qar\u015f\u0131s\u0131nda s\u0131xl\u0131q var idi. S\u0259rni\u015finl\u0259rl\u0259 s\u00f6hb\u0259timiz zaman\u0131 onlar bildirdil\u0259r ki, g\u00fcnah \u00f6zl\u0259rind\u0259dir:<\/p>\n<p>&#8220;Yay aylar\u0131nda Qusara ged\u0259nl\u0259r \u00e7ox olur. Ona g\u00f6r\u0259 d\u0259 ad\u0259t\u0259n bileti \u0259vv\u0259lc\u0259d\u0259n al\u0131r\u0131q. Bu g\u00fcn is\u0259 bir q\u0259d\u0259r gecikdiyimiz \u00fc\u00e7\u00fcn n\u00f6vb\u0259d\u0259 g\u00f6zl\u0259m\u0259li olmu\u015fuq&#8221;,-dey\u0259 Qusar sakini Kamran bildirdi.<\/p>\n<p>S\u0259rni\u015finl\u0259r s\u00f6yl\u0259dil\u0259r ki, biletl\u0259rin qiym\u0259tind\u0259 h\u0259r hans\u0131 bir art\u0131m yoxdur, avtova\u011fzal\u0131n r\u0259smi sayt\u0131nda g\u00f6st\u0259ril\u0259n qiym\u0259tl\u0259r\u0259 uy\u011fun olaraq biletl\u0259rini al\u0131b, yola \u00e7\u0131x\u0131rlar. \u00d6lk\u0259nin q\u0259rb, c\u0259nub s\u0259rh\u0259dl\u0259rind\u0259 yerl\u0259\u015f\u0259n v\u0259 buna yax\u0131n b\u00f6lg\u0259l\u0259r\u0259 ad\u0259t\u0259n iri tutumlu avtobuslar i\u015fl\u0259yirl\u0259r. H\u0259min n\u0259qliyyat vasit\u0259l\u0259rin\u0259 biletl\u0259r kassada sat\u0131l\u0131r. Nisb\u0259t\u0259n yax\u0131n olan m\u0259rk\u0259zi aran zonas\u0131na is\u0259 mikroavtobuslar gedirl\u0259r. Bu mikroavtobuslara biletl\u0259r kassada sat\u0131lm\u0131r. S\u0259rni\u015fin mikroavtobusa min\u0259n zaman dispet\u00e7er t\u0259r\u0259find\u0259n bilet ona t\u0259qdim edilir. Sabirabad, Saatl\u0131, \u0130mi\u015fli istiqam\u0259tin\u0259 ged\u0259c\u0259k olan s\u0259rni\u015finl\u0259r avtobuslar\u0131n azl\u0131\u011f\u0131ndan \u015fikay\u0259tl\u0259ndil\u0259r, bildirdil\u0259r ki, d\u00fcn\u0259n d\u0259 avtova\u011fzalda xeyli g\u00f6zl\u0259dikd\u0259n sonra mikroavtobus g\u0259lib. S\u0259rni\u015fin \u00e7ox, avtobus az oldu\u011fu \u00fc\u00e7\u00fcn bir qism \u015f\u0259xs rayona ged\u0259 bilm\u0259yib&#8230;<\/p>\n<p>Avtova\u011fzalda m\u00fc\u015fahid\u0259 etdik ki, m\u00fchafiz\u0259 v\u0259 n\u0259zar\u0259t sistemi d\u0259 xeyli g\u00fccl\u0259ndirilib. H\u0259r m\u0259rt\u0259b\u0259d\u0259 bir ne\u00e7\u0259 m\u00fchafiz\u0259\u00e7i v\u0259 n\u0259zar\u0259t\u00e7i g\u0259z\u0259r\u0259k, insanlara laz\u0131m\u0131 k\u00f6m\u0259kliyi g\u00f6st\u0259rir, t\u0259hl\u00fck\u0259sizliy\u0259 n\u0259zar\u0259t edirdil\u0259r. Bundan \u0259lav\u0259, s\u0259rni\u015finl\u0259r \u00fc\u00e7\u00fcn g\u00f6zl\u0259m\u0259 yerl\u0259ri d\u0259 d\u0259yi\u015fdirilib. Bilet kassalar\u0131 \u0259vv\u0259lkind\u0259n f\u0259rqli olaraq avtobuslar\u0131n bir ne\u00e7\u0259 metr yax\u0131n\u0131na g\u0259tirilib. G\u00f6zl\u0259m\u0259 skamyalar\u0131 da kassalar\u0131\u0131n yan\u0131nda qura\u015fd\u0131r\u0131l\u0131b. Ona g\u00f6r\u0259 d\u0259 s\u0259rni\u015finl\u0259r bilet almaqda, g\u00f6zl\u0259m\u0259kd\u0259 \u00e7\u0259tinlik \u00e7\u0259kmirl\u0259r.<\/p>\n<p>R\u0259smi m\u0259lumata g\u00f6r\u0259, Bak\u0131 Beyn\u0259lxalq Avtova\u011fzal Kompleksi Ramazan bayram\u0131 il\u0259 \u0259laq\u0259dar iyunun 4-d\u0259n 10-d\u0259k g\u00fccl\u0259ndirilmi\u015f i\u015f rejimind\u0259 f\u0259aliyy\u0259t g\u00f6st\u0259r\u0259c\u0259k. A\u00e7\u0131qlan\u0131b ki, s\u0259rni\u015fin s\u0131xl\u0131\u011f\u0131n\u0131n t\u0259nziml\u0259nm\u0259si m\u0259qs\u0259dil\u0259 ehtiyat avtobuslar s\u0259rni\u015finda\u015f\u0131ma prosesin\u0259 c\u0259lb olunacaq.<\/p>\n<p>S\u0259rni\u015finl\u0259r yaranacaq suallarla ba\u011fl\u0131 (012) 406-01-58\/59 n\u00f6mr\u0259li m\u0259lumat m\u0259rk\u0259zi, kassalar\u0131n yan\u0131nda yerl\u0259\u015f\u0259n m\u0259lumat b\u00fcrosu v\u0259 perron n\u0259zar\u0259t\u00e7il\u0259rin\u0259 m\u00fcraci\u0259t ed\u0259 bil\u0259rl\u0259r. S\u0259f\u0259r biletl\u0259rini reysin yola d\u00fc\u015fm\u0259sin\u0259 10 g\u00fcn qalm\u0131\u015fdan ba\u015flayaraq avtova\u011fzal\u0131n v\u0259 Nizami k\u00fc\u00e7\u0259si, 126a \u00fcnvan\u0131nda yerl\u0259\u015f\u0259n &#8220;Silkway&#8221; turizm \u015firk\u0259tinin kassalar\u0131ndan v\u0259 onlayn qaydada &#8220;avtova\u011fzal.az&#8221; sayt\u0131 \u00fcz\u0259rind\u0259n \u0259ld\u0259 etm\u0259k m\u00fcmk\u00fcnd\u00fcr.<\/p>\n<p>&nbsp;<\/p>\n<div>\n<div class=\"form-group\"><img class=\"img-responsive\" src=\"https:\/\/c.radikal.ru\/c33\/1906\/4c\/7d74e827d1f5.jpg\" \/><\/div>\n<div class=\"form-group\"><img class=\"img-responsive\" src=\"https:\/\/d.radikal.ru\/d37\/1906\/58\/4d52027fa157.jpg\" \/><\/div>\n<div class=\"form-group\"><img class=\"img-responsive\" src=\"https:\/\/c.radikal.ru\/c11\/1906\/f0\/0eabc3eb35ab.jpg\" \/><\/div>\n<div class=\"form-group\"><img class=\"img-responsive\" src=\"https:\/\/d.radikal.ru\/d11\/1906\/c1\/82399f1f8f0d.jpg\" \/><\/div>\n<div class=\"form-group\"><img class=\"img-responsive\" src=\"https:\/\/d.radikal.ru\/d10\/1906\/f2\/8801fc99af72.jpg\" \/><\/div>\n<div class=\"form-group\"><img class=\"img-responsive\" src=\"https:\/\/d.radikal.ru\/d04\/1906\/96\/f19712b5cc5b.jpg\" \/><\/div>\n<div class=\"form-group\"><img class=\"img-responsive\" src=\"https:\/\/a.radikal.ru\/a23\/1906\/8e\/a5cd989cc685.jpg\" \/><\/div>\n<div class=\"form-group\"><img class=\"img-responsive\" src=\"https:\/\/c.radikal.ru\/c07\/1906\/d0\/92d130d82329.jpg\" \/><\/div>\n<div class=\"form-group\"><img class=\"img-responsive\" src=\"https:\/\/c.radikal.ru\/c16\/1906\/f9\/d5394aa17cd0.jpg\" \/><\/div>\n<div class=\"form-group\"><img class=\"img-responsive\" src=\"https:\/\/d.radikal.ru\/d00\/1906\/26\/dbebe13cb9f6.jpg\" \/><\/div>\n<div class=\"form-group\"><img class=\"img-responsive\" src=\"https:\/\/a.radikal.ru\/a00\/1906\/05\/cd5002aa1fe8.jpg\" \/><\/div>\n<div class=\"form-group\"><img class=\"img-responsive\" src=\"https:\/\/d.radikal.ru\/d04\/1906\/af\/f25817c6320b.jpg\" \/><\/div>\n<\/div>\n","protected":false},"excerpt":{"rendered":"<p>Bayram g\u00fcnl\u0259rind\u0259 Bak\u0131da ya\u015fayan insanlar\u0131n bir xeylisi b\u00f6lg\u0259l\u0259r\u0259, rayonlara \u00fcz tuturlar. Bununla \u0259laq\u0259dar h\u0259r d\u0259f\u0259 Bak\u0131 Beyn\u0259lxalq Avtova\u011fzal\u0131nda s\u0131xl\u0131\u011f\u0131n olmas\u0131 adi hala \u00e7evrilmi\u015fdi. Bu m\u0259qamdan is\u0259 i\u015fbazlar istifad\u0259 edir, gedi\u015f haqlar\u0131n\u0131 qald\u0131r\u0131b, s\u0259rni\u015finl\u0259ri naraz\u0131 sal\u0131rd\u0131lar. B\u0259s Ramazan bayram\u0131 \u0259r\u0259f\u0259sind\u0259 avtova\u011fzalda v\u0259ziyy\u0259t nec\u0259dir?\u00a0 Musavat.com-un reportyor qrupu Bak\u0131 Beyn\u0259lxalq Avtova\u011fzal\u0131nda olub, m\u00f6vcud v\u0259ziyy\u0259tl\u0259 maraqlan\u0131b. Avtova\u011fzalda oldu\u011fumuz zaman h\u0259mi\u015f\u0259kind\u0259n f\u0259rqli olaraq avtobuslar\u0131n deyil, bilet kassalar\u0131n\u0131n qar\u015f\u0131s\u0131nda n\u00f6vb\u0259nin oldu\u011funu g\u00f6rd\u00fck. \u018fvv\u0259ll\u0259r s\u0259rni\u015finl\u0259r avtobuslar\u0131n qar\u015f\u0131s\u0131na topla\u015f\u0131b, dispet\u00e7erin bayramdan istfad\u0259 edib qald\u0131rd\u0131qlar\u0131 qiym\u0259tl\u0259ri endirm\u0259y\u0259 \u00e7al\u0131\u015f\u0131rd\u0131lar. Bu zaman t\u0259bii ki, m\u00fcbahis\u0259l\u0259r d\u0259 ya\u015fan\u0131rd\u0131. Nec\u0259 dey\u0259rl\u0259r, insanlar\u0131n bayram\u0131&hellip;<\/p>\n","protected":false},"author":2,"featured_media":64500,"comment_status":"closed","ping_status":"closed","sticky":false,"template":"","format":"standard","meta":{"om_disable_all_campaigns":false,"_monsterinsights_skip_tracking":false,"_monsterinsights_sitenote_active":false,"_monsterinsights_sitenote_note":"","_monsterinsights_sitenote_category":0},"categories":[1],"tags":[],"aioseo_notices":[],"gutentor_comment":0,"rttpg_featured_image_url":{"full":["https:\/\/arantv.az\/wp-content\/uploads\/2019\/06\/186afecc227d31da1928b79b45d17404.jpg",450,300,false],"landscape":["https:\/\/arantv.az\/wp-content\/uploads\/2019\/06\/186afecc227d31da1928b79b45d17404.jpg",450,300,false],"portraits":["https:\/\/arantv.az\/wp-content\/uploads\/2019\/06\/186afecc227d31da1928b79b45d17404.jpg",450,300,false],"thumbnail":["https:\/\/arantv.az\/wp-content\/uploads\/2019\/06\/186afecc227d31da1928b79b45d17404-150x150.jpg",150,150,true],"medium":["https:\/\/arantv.az\/wp-content\/uploads\/2019\/06\/186afecc227d31da1928b79b45d17404-300x200.jpg",300,200,true],"large":["https:\/\/arantv.az\/wp-content\/uploads\/2019\/06\/186afecc227d31da1928b79b45d17404.jpg",450,300,false],"1536x1536":["https:\/\/arantv.az\/wp-content\/uploads\/2019\/06\/186afecc227d31da1928b79b45d17404.jpg",450,300,false],"2048x2048":["https:\/\/arantv.az\/wp-content\/uploads\/2019\/06\/186afecc227d31da1928b79b45d17404.jpg",450,300,false],"post-thumbnail":["https:\/\/arantv.az\/wp-content\/uploads\/2019\/06\/186afecc227d31da1928b79b45d17404-240x172.jpg",240,172,true],"advps-thumb-one":["https:\/\/arantv.az\/wp-content\/uploads\/2019\/06\/186afecc227d31da1928b79b45d17404.jpg",450,300,false]},"rttpg_author":{"display_name":"V\u00fcsal Rafiqo\u011flu","author_link":"https:\/\/arantv.az\/?author=2"},"rttpg_comment":0,"rttpg_category":"<a href=\"https:\/\/arantv.az\/?cat=1\" rel=\"category\">C\u0259miyy\u0259t<\/a>","rttpg_excerpt":"Bayram g\u00fcnl\u0259rind\u0259 Bak\u0131da ya\u015fayan insanlar\u0131n bir xeylisi b\u00f6lg\u0259l\u0259r\u0259, rayonlara \u00fcz tuturlar. Bununla \u0259laq\u0259dar h\u0259r d\u0259f\u0259 Bak\u0131 Beyn\u0259lxalq Avtova\u011fzal\u0131nda s\u0131xl\u0131\u011f\u0131n olmas\u0131 adi hala \u00e7evrilmi\u015fdi. Bu m\u0259qamdan is\u0259 i\u015fbazlar istifad\u0259 edir, gedi\u015f haqlar\u0131n\u0131 qald\u0131r\u0131b, s\u0259rni\u015finl\u0259ri naraz\u0131 sal\u0131rd\u0131lar. B\u0259s Ramazan bayram\u0131 \u0259r\u0259f\u0259sind\u0259 avtova\u011fzalda v\u0259ziyy\u0259t nec\u0259dir?\u00a0 Musavat.com-un reportyor qrupu Bak\u0131 Beyn\u0259lxalq Avtova\u011fzal\u0131nda olub, m\u00f6vcud v\u0259ziyy\u0259tl\u0259 maraqlan\u0131b. Avtova\u011fzalda oldu\u011fumuz zaman&hellip;","_links":{"self":[{"href":"https:\/\/arantv.az\/index.php?rest_route=\/wp\/v2\/posts\/64499"}],"collection":[{"href":"https:\/\/arantv.az\/index.php?rest_route=\/wp\/v2\/posts"}],"about":[{"href":"https:\/\/arantv.az\/index.php?rest_route=\/wp\/v2\/types\/post"}],"author":[{"embeddable":true,"href":"https:\/\/arantv.az\/index.php?rest_route=\/wp\/v2\/users\/2"}],"replies":[{"embeddable":true,"href":"https:\/\/arantv.az\/index.php?rest_route=%2Fwp%2Fv2%2Fcomments&post=64499"}],"version-history":[{"count":0,"href":"https:\/\/arantv.az\/index.php?rest_route=\/wp\/v2\/posts\/64499\/revisions"}],"wp:featuredmedia":[{"embeddable":true,"href":"https:\/\/arantv.az\/index.php?rest_route=\/wp\/v2\/media\/64500"}],"wp:attachment":[{"href":"https:\/\/arantv.az\/index.php?rest_route=%2Fwp%2Fv2%2Fmedia&parent=64499"}],"wp:term":[{"taxonomy":"category","embeddable":true,"href":"https:\/\/arantv.az\/index.php?rest_route=%2Fwp%2Fv2%2Fcategories&post=64499"},{"taxonomy":"post_tag","embeddable":true,"href":"https:\/\/arantv.az\/index.php?rest_route=%2Fwp%2Fv2%2Ftags&post=64499"}],"curies":[{"name":"wp","href":"https:\/\/api.w.org\/{rel}","templated":true}]}}