{"id":645031,"date":"2023-10-13T17:08:37","date_gmt":"2023-10-13T13:08:37","guid":{"rendered":"https:\/\/arantv.az\/?p=645031"},"modified":"2023-10-13T17:08:37","modified_gmt":"2023-10-13T13:08:37","slug":"bmt-institutlarinin-erm%c9%99ni-sevgisi-h%c9%99qiq%c9%99ti-gorm%c9%99zd%c9%99n-g%c9%99l%c9%99nl%c9%99r-s%c9%99rh-foto","status":"publish","type":"post","link":"https:\/\/arantv.az\/?p=645031","title":{"rendered":"BMT institutlar\u0131n\u0131n erm\u0259ni sevgisi: H\u0259qiq\u0259ti g\u00f6rm\u0259zd\u0259n g\u0259l\u0259nl\u0259r &#8211; \u015e\u018fRH + FOTO"},"content":{"rendered":"<p>Q\u0259rb d\u00f6vl\u0259tl\u0259ri v\u0259 t\u0259\u015fkilatlar\u0131n\u0131n Az\u0259rbaycanofob, q\u0259r\u0259zli, ikili standartlara \u0259saslanan yana\u015fmalar\u0131 s\u0259ngimir. 30 illik i\u015f\u011fala son qoyan, Qafqaza \u0259b\u0259di s\u00fclh g\u0259tirm\u0259yi h\u0259d\u0259fl\u0259y\u0259n Az\u0259rbaycana qar\u015f\u0131 \u0259m\u0259lli-ba\u015fl\u0131 s\u0259lib y\u00fcr\u00fc\u015f\u00fcn\u0259 \u00e7\u0131x\u0131l\u0131b, des\u0259k, yan\u0131lmar\u0131q. He\u00e7 bir fakt v\u0259 d\u0259lil ortaya qoyulmadan r\u0259smi Bak\u0131n\u0131 Qaraba\u011fda \u201cetnik t\u0259mizl\u0259m\u0259\u201d, \u201czorla k\u00f6\u00e7\u00fcr\u00fclm\u0259\u201d, \u201cda\u011f\u0131nt\u0131lar\u201d t\u00f6r\u0259tm\u0259kd\u0259 ittiham ed\u0259nl\u0259rin m\u0259qs\u0259dl\u0259rini m\u00fc\u0259yy\u0259n etm\u0259k o q\u0259d\u0259r d\u0259 \u00e7\u0259tin deyil.<\/p>\n<p>Bunu ed\u0259nl\u0259r b\u00f6lg\u0259d\u0259 Suriya v\u0259 Ukraynadak\u0131 kimi m\u00fcnaqi\u015f\u0259l\u0259r yaratmaq ist\u0259yirl\u0259r. T\u0259\u0259ss\u00fcfl\u0259r olsun ki, Erm\u0259nistan da kor-koran\u0259 bu oyunu quranlar\u0131n arxas\u0131nca gedir. Bel\u0259 g\u00f6r\u00fcn\u00fcr ki, 30 illik i\u015f\u011fal\u0131n n\u0259tic\u0259l\u0259ri h\u0259l\u0259 d\u0259 \u0130r\u0259vana d\u0259rs olmay\u0131b. Az\u0259rbaycan\u0131n\u00a0C\u0259nubi Qafqazda yaratd\u0131\u011f\u0131 yeni reall\u0131qla bar\u0131\u015fmaq ist\u0259m\u0259y\u0259n bu q\u00fcvv\u0259l\u0259r h\u0259r v\u0259chl\u0259 m\u00f6vcud v\u0259ziyy\u0259ti d\u0259yi\u015fm\u0259k \u00fc\u00e7\u00fcn d\u0259rid\u0259n-qab\u0131qdan \u00e7\u0131x\u0131rlar. Erm\u0259nistan qal\u0131b bir k\u0259narda, onun \u0259v\u0259zin\u0259 b\u0259yanatlar s\u0259sl\u0259ndirir, terror\u00e7ulardan t\u0259mizl\u0259n\u0259n Qaraba\u011fda \u201cetnik t\u0259mizl\u0259m\u0259\u201d kimi c\u0259f\u0259ng iddialar ortaya at\u0131rlar.<\/p>\n<p>Erm\u0259nip\u0259r\u0259st m\u00f6vqeyi il\u0259 se\u00e7il\u0259n, Fransan\u0131n t\u0259siri alt\u0131nda olan Beyn\u0259lxalq \u018fdal\u0259t M\u0259hk\u0259m\u0259sind\u0259 son m\u00fczakir\u0259l\u0259r\u0259 d\u0259 bu aspektd\u0259n yana\u015fmaq laz\u0131md\u0131r.\u00a0Haaqada \u201c\u0130rqi ayr\u0131-se\u00e7kiliyin b\u00fct\u00fcn formalar\u0131n\u0131n l\u0259\u011fv edilm\u0259si haqq\u0131nda\u201d Beyn\u0259lxalq Konvensiyan\u0131n t\u0259tbiqi il\u0259 ba\u011fl\u0131\u00a0iclas\u0131n t\u0259\u015f\u0259bb\u00fcskarlar\u0131 yen\u0259 d\u0259 Erm\u0259nistan\u0131n \u0259sas havadar\u0131, m\u00fcst\u0259ml\u0259k\u0259\u00e7i t\u0259f\u0259kk\u00fcrl\u00fc Fransad\u0131r. Dinl\u0259m\u0259l\u0259rd\u0259 Erm\u0259nistan\u0131 t\u0259msil ed\u0259n Lourens Martinin iddias\u0131 is\u0259 h\u0259r k\u0259sd\u0259 g\u00fcl\u00fc\u015f do\u011furub. M\u0259s\u0259l\u0259n, o, Az\u0259rbaycanda erm\u0259nifobiyan\u0131n g\u00fccl\u0259ndiyini 19 il \u0259vv\u0259l ba\u015f vermi\u015f hadis\u0259 &#8211; 2004-c\u00fc ilin fevral\u0131nda Macar\u0131standa Az\u0259rbaycan Ordusunun zabiti Ramil S\u0259f\u0259rovun erm\u0259ni h\u0259rb\u00e7ini \u00f6ld\u00fcrm\u0259si il\u0259 \u0259laq\u0259l\u0259ndirm\u0259y\u0259 \u00e7al\u0131\u015f\u0131b.<\/p>\n<p><img src=\"https:\/\/cdn.oxu.az\/uploads\/W1siZiIsIjIwMjMvMTAvMTMvMTUvMDYvNDIvNjg5ZjYwM2QtNzk0NC00YTJlLWE4YjEtZTQxMDQzZjQyOGIwL2Q1YWNmOWM5LWY3ZjUtM2VjNC1iMDI4LWViMzJjYjQ3MGZiZS5qcGciXSxbInAiLCJlbmNvZGUiLCJqcGciLCItcXVhbGl0eSA4MCJdLFsicCIsInRodW1iIiwiNTkweDU5MFx1MDAzZSJdXQ?sha=7fb8e8141839d29d\" alt=\"\" \/><\/p>\n<p>L.Martin hadis\u0259nin mahiyy\u0259tini kontekstd\u0259n \u00e7\u0131xar\u0131b, \u0259sas s\u0259b\u0259bi a\u00e7\u0131qlamay\u0131b. Eyni zamanda 30 il Az\u0259rbaycana qar\u015f\u0131 apar\u0131lan soyq\u0131r\u0131m\u0131 v\u0259 irqi ayr\u0131-se\u00e7kiliy\u0259 d\u0259 toxunmay\u0131b. Erm\u0259ni lobbisi t\u0259r\u0259find\u0259n tutulan \u015eon Merfi adl\u0131 v\u0259kil is\u0259 Qaraba\u011fda \u201cvandalizmd\u0259n\u201d d\u0259m vursa da, ortaya bir fakt bel\u0259 qoya bilm\u0259yib. Alisa Makdonald, Linos-Aleksandr Si\u00e7ilianos d\u0259 onlardan geri qalmay\u0131blar, Qaraba\u011fdan erm\u0259ni sakinl\u0259rin zorla k\u00f6\u00e7\u00fcr\u00fcld\u00fckl\u0259rini iddia edibl\u0259r. Halbuki, k\u00f6n\u00fcll\u00fc k\u00f6\u00e7 ed\u0259n sakinl\u0259r K\u0130V-\u0259 m\u00fcsahib\u0259l\u0259rind\u0259 bu iddialar\u0131 t\u0259sdiq etm\u0259yib, \u0259ksin\u0259, \u00f6z xo\u015flar\u0131 il\u0259 getdikl\u0259rini bildiribl\u0259r.<\/p>\n<p>Maraql\u0131d\u0131r ki, terror\u00e7ulardan t\u0259mizl\u0259n\u0259n Qaraba\u011fa iki d\u0259f\u0259 missiya g\u00f6nd\u0259r\u0259n v\u0259 h\u0259r hans\u0131 bir etnik t\u0259mizl\u0259m\u0259 v\u0259 da\u011f\u0131nt\u0131 m\u00fc\u015fahid\u0259 etm\u0259y\u0259n BMT tabeliyind\u0259 olan m\u0259hk\u0259m\u0259nin bel\u0259 bir q\u0259r\u0259zli dinl\u0259m\u0259 ke\u00e7irm\u0259sin\u0259 reaksiya verm\u0259yib. Erm\u0259ni lobbisinin t\u0259siri alt\u0131nda olan i\u015ftirak\u00e7\u0131lar Az\u0259rbaycan\u0131n cavab\u0131na da diqq\u0259t yetirm\u0259k ist\u0259m\u0259yibl\u0259r.<\/p>\n<p>Toplant\u0131da \u00e7\u0131x\u0131\u015f ed\u0259n Az\u0259rbaycan xarici i\u015fl\u0259r nazirinin m\u00fcavini Elnur M\u0259mm\u0259dov Qaraba\u011f\u0131n erm\u0259ni \u0259halisin\u0259 qar\u015f\u0131 etnik t\u0259mizl\u0259m\u0259 apar\u0131lmas\u0131 v\u0259 sentyabr\u0131n 19-20-d\u0259 realla\u015fd\u0131r\u0131lan antiterror t\u0259dbirl\u0259ri zaman\u0131 etnik t\u0259mizl\u0259m\u0259 t\u00f6r\u0259dilm\u0259si il\u0259 ba\u011fl\u0131 b\u00fct\u00fcn ittihamlar q\u0259ti \u015f\u0259kild\u0259 r\u0259dd edib.<\/p>\n<p><img src=\"https:\/\/cdn.oxu.az\/uploads\/W1siZiIsIjIwMjMvMTAvMTMvMTUvMDYvNDIvNTUzMmY5NTEtYzQ1Yy00ZmMyLWI5ZWEtMWIxOGJiZjkxZDdiLzI5YWY5YTBlLTQxZmQtMzQxYy05ODAwLTI5NGJjMzY2NjFlZi5qcGciXSxbInAiLCJlbmNvZGUiLCJqcGciLCItcXVhbGl0eSA4MCJdLFsicCIsInRodW1iIiwiNTkweDU5MFx1MDAzZSJdXQ?sha=a8baa70777eabf2a\" alt=\"\" \/><\/p>\n<p>Q\u0259rb strukturlar\u0131 v\u0259 t\u0259\u015fkilatlar\u0131n\u0131n Az\u0259rbaycanla ba\u011fl\u0131 q\u0259r\u0259zli v\u0259 ikili standartlara \u0259saslanan m\u00f6vqe tutduqlar\u0131n\u0131 bir s\u0131ra faktlarla s\u00fcbuta yetirm\u0259k olar.<\/p>\n<p>Birincisi, Az\u0259rbaycan d\u0259f\u0259l\u0259rl\u0259 i\u015f\u011faldan azad olunan torpaqlar\u0131na UNESCO v\u0259 dig\u0259r BMT institutlar\u0131n\u0131 d\u0259v\u0259t ets\u0259 d\u0259, he\u00e7 biri g\u0259lm\u0259k ist\u0259m\u0259yib. Onlar Erm\u0259nistan\u0131n 30 illik i\u015f\u011fal d\u00f6vr\u00fcnd\u0259 torpaqlar\u0131m\u0131zda t\u00f6r\u0259tdikl\u0259rini, vandal h\u0259r\u0259k\u0259tl\u0259rini g\u00f6zl\u0259ri il\u0259 g\u00f6rm\u0259y\u0259 can atmad\u0131lar. BMT Erm\u0259nistan\u0131n \u00f6z qo\u015funlar\u0131n\u0131 i\u015f\u011fal etdiyi Az\u0259rbaycan torpaqlar\u0131ndan d\u0259rhal v\u0259 qeyd-\u015f\u0259rtsiz \u00e7\u0131xarmas\u0131 il\u0259 ba\u011fl\u0131 q\u0259bul etdiyi d\u00f6rd q\u0259tnam\u0259sinin ka\u011f\u0131z par\u00e7as\u0131na \u00e7evrilm\u0259sin\u0259 d\u0259 g\u00f6z yumdu, laqeydlik n\u00fcmayi\u015f etdirdi. Halbuki, onun g\u00f6z\u00fc qar\u015f\u0131s\u0131nda bizim m\u0259d\u0259ni v\u0259 dini irsimiz m\u0259hv edilir, \u015f\u0259h\u0259rl\u0259r v\u0259 k\u0259ndl\u0259r m\u0259qs\u0259dy\u00f6nl\u00fc \u015f\u0259kild\u0259 da\u011f\u0131d\u0131l\u0131rd\u0131.<\/p>\n<p>\u0130kincisi, h\u0259min qurumlar uzun ill\u0259r Qaraba\u011fda m\u0259scidl\u0259rin v\u0259 dig\u0259r abid\u0259l\u0259rin da\u011f\u0131d\u0131lmas\u0131na, az\u0259rbaycanl\u0131lar\u0131n q\u0259tl\u0259 yetirilm\u0259sin\u0259, onlara z\u0259r\u0259r vurulmas\u0131na, bir milyona yax\u0131n insan\u0131n do\u011fma yurdlar\u0131ndan did\u0259rgin sal\u0131nmas\u0131na, qa\u00e7q\u0131n v\u0259 m\u0259cburi k\u00f6\u00e7k\u00fcn\u0259 \u00e7evrilm\u0259sin\u0259, mina problemin\u0259, itkin d\u00fc\u015fm\u00fc\u015f \u015f\u0259xsl\u0259r m\u0259s\u0259l\u0259sin\u0259 d\u0259 g\u00f6z yumdular. Halbuki, r\u0259smi Bak\u0131 d\u0259f\u0259l\u0259rl\u0259 bununla ba\u011fl\u0131 m\u0259s\u0259l\u0259ni g\u00fcnd\u0259m\u0259 g\u0259tirib.<\/p>\n<p><img src=\"https:\/\/cdn.oxu.az\/uploads\/W1siZiIsIjIwMjMvMTAvMTMvMTUvMDYvNDIvN2FmNTExOGYtN2IyZi00M2M2LThiYzYtZDRiY2FhMzRlODU1L2M1Yzg1MjAxLTJjOTctMzc4MC1iZTNkLWQ0MWM4YzhlNzQyOS5qcGciXSxbInAiLCJlbmNvZGUiLCJqcGciLCItcXVhbGl0eSA4MCJdLFsicCIsInRodW1iIiwiNTkweDU5MFx1MDAzZSJdXQ?sha=7fcf2c90a1287c52\" alt=\"\" \/><\/p>\n<p>\u00dc\u00e7\u00fcnc\u00fcs\u00fc, BMT-nin himay\u0259sind\u0259 olan UNESCO v\u0259 \u0259laq\u0259dar t\u0259\u015fkilatlar haz\u0131rda Erm\u0259nistan \u0259razisi olan \u0259z\u0259li Az\u0259rbaycan torpaqlar\u0131nda &#8211; Q\u0259rbi Az\u0259rbaycanda xalq\u0131m\u0131za m\u0259xsus m\u0259d\u0259ni v\u0259 tarixi irsin m\u0259hv edilm\u0259sinin qar\u015f\u0131s\u0131n\u0131n al\u0131nmas\u0131, qalan irsin qorumas\u0131, qa\u00e7q\u0131nlar\u0131n geriy\u0259 d\u00f6n\u00fc\u015f\u00fc bar\u0259d\u0259 Az\u0259rbaycan\u0131n t\u0259klifl\u0259rini d\u0259 n\u0259z\u0259r\u0259 almad\u0131lar. \u018fv\u0259zind\u0259 is\u0259 xristian t\u0259\u0259ss\u00fcbke\u015fliyind\u0259n \u00e7\u0131x\u0131\u015f edib, q\u0259r\u0259zli v\u0259 b\u00f6htan dolu dinl\u0259m\u0259 ke\u00e7irm\u0259y\u0259 \u00fcst\u00fcnl\u00fck veribl\u0259r.<\/p>\n<p>Ba\u015fqa bir fakt. Erm\u0259nistan 30 illik i\u015f\u011fal zaman\u0131 BMT-ni \u00f6lk\u0259 \u0259razisin\u0259 buraxmad\u0131\u011f\u0131 halda, ona qar\u015f\u0131 he\u00e7 bir sanksiya v\u0259 q\u0259tnam\u0259 q\u0259bul edilm\u0259yib. \u018fv\u0259zind\u0259 Az\u0259rbaycanda qal\u0131b monitorinq etm\u0259k ist\u0259yirl\u0259r, y\u0259ni, bu m\u0259s\u0259l\u0259l\u0259rd\u0259 d\u0259 a\u00e7\u0131q diskriminasiya h\u00f6km s\u00fcr\u00fcr.<\/p>\n<p>Sonda dinl\u0259m\u0259l\u0259ri h\u0259yata ke\u00e7ir\u0259nl\u0259rin diqq\u0259tin\u0259 BMT-nin sabiq s\u00f6z\u00e7\u00fcs\u00fc, Abdelhamid Siyam\u0131n bu yax\u0131nlarda d\u0259rc etdiyi m\u0259qal\u0259sind\u0259n bir s\u0131ra m\u0259qamlar\u0131 \u00e7atd\u0131rmaq ist\u0259rdik. Erm\u0259nistan\u0131n Az\u0259rbaycan\u0131n tarixi torpaqlar\u0131nda 30 il \u0259rzind\u0259 h\u0259yata ke\u00e7irdiyi i\u015f\u011faldan b\u0259hs ed\u0259n bu \u015f\u0259xs \u00f6lk\u0259miz\u0259 qar\u015f\u0131 edil\u0259nl\u0259ri \u00f6z g\u00f6zl\u0259ri il\u0259 g\u00f6r\u00fcb. Yaz\u0131s\u0131nda 30 il \u0259rzind\u0259 Az\u0259rbaycana qar\u015f\u0131 h\u0259rbi t\u0259cav\u00fcz\u00fcn a\u011f\u0131r n\u0259tic\u0259l\u0259rind\u0259n, ist\u0259r birinci, ist\u0259rs\u0259 d\u0259 ikinci Qaraba\u011f m\u00fcharib\u0259sind\u0259 m\u00fclki \u0259haliy\u0259 qar\u015f\u0131 y\u00f6n\u0259ldil\u0259n \u00e7oxsayl\u0131 cinay\u0259tl\u0259rd\u0259n, b\u00f6lg\u0259d\u0259 etnik t\u0259mizl\u0259m\u0259 siyas\u0259tind\u0259n b\u0259hs edib. Erm\u0259nistan\u0131n m\u00fcharib\u0259 miras\u0131 olan minalar\u0131n partlay\u0131\u015f\u0131 n\u0259tic\u0259sind\u0259 g\u00fcnahs\u0131z insanlar\u0131n h\u0259yatlar\u0131n\u0131 itirm\u0259sini, k\u0259ndl\u0259r, \u015f\u0259h\u0259rl\u0259r, binalar, m\u00fc\u0259ssis\u0259l\u0259r, mehmanxanalar, k\u00f6hn\u0259 saraylar\u0131n tamamil\u0259 da\u011f\u0131d\u0131ld\u0131\u011f\u0131n\u0131, 67 m\u0259scidd\u0259n 65-nin yerl\u0259-yeksan edildiyini, m\u0259scidl\u0259rd\u0259n heyvan saxlamaq \u00fc\u00e7\u00fcn istifad\u0259 edildiyini vur\u011fulay\u0131b.<\/p>\n<p>Az\u0259rbaycanla ba\u011fl\u0131 q\u0259r\u0259zli dinl\u0259m\u0259l\u0259r t\u0259\u015fkil ed\u0259n BMT r\u0259hb\u0259rliyi ke\u00e7mi\u015f s\u00f6z\u00e7\u00fcl\u0259rini d\u0259 dinl\u0259s\u0259 yax\u015f\u0131 olar&#8230;<\/p>\n<p><strong>\u201cReport\u201d \u0130nformasiya Agentliyi<\/strong><\/p>\n","protected":false},"excerpt":{"rendered":"<p>Q\u0259rb d\u00f6vl\u0259tl\u0259ri v\u0259 t\u0259\u015fkilatlar\u0131n\u0131n Az\u0259rbaycanofob, q\u0259r\u0259zli, ikili standartlara \u0259saslanan yana\u015fmalar\u0131 s\u0259ngimir. 30 illik i\u015f\u011fala son qoyan, Qafqaza \u0259b\u0259di s\u00fclh g\u0259tirm\u0259yi h\u0259d\u0259fl\u0259y\u0259n Az\u0259rbaycana qar\u015f\u0131 \u0259m\u0259lli-ba\u015fl\u0131 s\u0259lib y\u00fcr\u00fc\u015f\u00fcn\u0259 \u00e7\u0131x\u0131l\u0131b, des\u0259k, yan\u0131lmar\u0131q. He\u00e7 bir fakt v\u0259 d\u0259lil ortaya qoyulmadan r\u0259smi Bak\u0131n\u0131 Qaraba\u011fda \u201cetnik t\u0259mizl\u0259m\u0259\u201d, \u201czorla k\u00f6\u00e7\u00fcr\u00fclm\u0259\u201d, \u201cda\u011f\u0131nt\u0131lar\u201d t\u00f6r\u0259tm\u0259kd\u0259 ittiham ed\u0259nl\u0259rin m\u0259qs\u0259dl\u0259rini m\u00fc\u0259yy\u0259n etm\u0259k o q\u0259d\u0259r d\u0259 \u00e7\u0259tin deyil. Bunu ed\u0259nl\u0259r b\u00f6lg\u0259d\u0259 Suriya v\u0259 Ukraynadak\u0131 kimi m\u00fcnaqi\u015f\u0259l\u0259r yaratmaq ist\u0259yirl\u0259r. T\u0259\u0259ss\u00fcfl\u0259r olsun ki, Erm\u0259nistan da kor-koran\u0259 bu oyunu quranlar\u0131n arxas\u0131nca gedir. Bel\u0259 g\u00f6r\u00fcn\u00fcr ki, 30 illik i\u015f\u011fal\u0131n n\u0259tic\u0259l\u0259ri h\u0259l\u0259 d\u0259 \u0130r\u0259vana d\u0259rs olmay\u0131b. Az\u0259rbaycan\u0131n\u00a0C\u0259nubi Qafqazda&hellip;<\/p>\n","protected":false},"author":2,"featured_media":645035,"comment_status":"closed","ping_status":"closed","sticky":false,"template":"","format":"standard","meta":{"om_disable_all_campaigns":false,"_monsterinsights_skip_tracking":false,"_monsterinsights_sitenote_active":false,"_monsterinsights_sitenote_note":"","_monsterinsights_sitenote_category":0},"categories":[4],"tags":[],"aioseo_notices":[],"gutentor_comment":0,"rttpg_featured_image_url":{"full":["https:\/\/arantv.az\/wp-content\/uploads\/2023\/10\/2858af03-859a-3a1c-89fb-e6ff1cc881d0_850-1.jpg",620,413,false],"landscape":["https:\/\/arantv.az\/wp-content\/uploads\/2023\/10\/2858af03-859a-3a1c-89fb-e6ff1cc881d0_850-1.jpg",620,413,false],"portraits":["https:\/\/arantv.az\/wp-content\/uploads\/2023\/10\/2858af03-859a-3a1c-89fb-e6ff1cc881d0_850-1.jpg",620,413,false],"thumbnail":["https:\/\/arantv.az\/wp-content\/uploads\/2023\/10\/2858af03-859a-3a1c-89fb-e6ff1cc881d0_850-1-500x280.jpg",500,280,true],"medium":["https:\/\/arantv.az\/wp-content\/uploads\/2023\/10\/2858af03-859a-3a1c-89fb-e6ff1cc881d0_850-1-548x365.jpg",548,365,true],"large":["https:\/\/arantv.az\/wp-content\/uploads\/2023\/10\/2858af03-859a-3a1c-89fb-e6ff1cc881d0_850-1.jpg",620,413,false],"1536x1536":["https:\/\/arantv.az\/wp-content\/uploads\/2023\/10\/2858af03-859a-3a1c-89fb-e6ff1cc881d0_850-1.jpg",620,413,false],"2048x2048":["https:\/\/arantv.az\/wp-content\/uploads\/2023\/10\/2858af03-859a-3a1c-89fb-e6ff1cc881d0_850-1.jpg",620,413,false],"post-thumbnail":["https:\/\/arantv.az\/wp-content\/uploads\/2023\/10\/2858af03-859a-3a1c-89fb-e6ff1cc881d0_850-1-240x172.jpg",240,172,true],"advps-thumb-one":["https:\/\/arantv.az\/wp-content\/uploads\/2023\/10\/2858af03-859a-3a1c-89fb-e6ff1cc881d0_850-1.jpg",620,413,false]},"rttpg_author":{"display_name":"V\u00fcsal Rafiqo\u011flu","author_link":"https:\/\/arantv.az\/?author=2"},"rttpg_comment":0,"rttpg_category":"<a href=\"https:\/\/arantv.az\/?cat=4\" rel=\"category\">Siyas\u0259t<\/a>","rttpg_excerpt":"Q\u0259rb d\u00f6vl\u0259tl\u0259ri v\u0259 t\u0259\u015fkilatlar\u0131n\u0131n Az\u0259rbaycanofob, q\u0259r\u0259zli, ikili standartlara \u0259saslanan yana\u015fmalar\u0131 s\u0259ngimir. 30 illik i\u015f\u011fala son qoyan, Qafqaza \u0259b\u0259di s\u00fclh g\u0259tirm\u0259yi h\u0259d\u0259fl\u0259y\u0259n Az\u0259rbaycana qar\u015f\u0131 \u0259m\u0259lli-ba\u015fl\u0131 s\u0259lib y\u00fcr\u00fc\u015f\u00fcn\u0259 \u00e7\u0131x\u0131l\u0131b, des\u0259k, yan\u0131lmar\u0131q. He\u00e7 bir fakt v\u0259 d\u0259lil ortaya qoyulmadan r\u0259smi Bak\u0131n\u0131 Qaraba\u011fda \u201cetnik t\u0259mizl\u0259m\u0259\u201d, \u201czorla k\u00f6\u00e7\u00fcr\u00fclm\u0259\u201d, \u201cda\u011f\u0131nt\u0131lar\u201d t\u00f6r\u0259tm\u0259kd\u0259 ittiham ed\u0259nl\u0259rin m\u0259qs\u0259dl\u0259rini m\u00fc\u0259yy\u0259n etm\u0259k o q\u0259d\u0259r d\u0259 \u00e7\u0259tin deyil.&hellip;","_links":{"self":[{"href":"https:\/\/arantv.az\/index.php?rest_route=\/wp\/v2\/posts\/645031"}],"collection":[{"href":"https:\/\/arantv.az\/index.php?rest_route=\/wp\/v2\/posts"}],"about":[{"href":"https:\/\/arantv.az\/index.php?rest_route=\/wp\/v2\/types\/post"}],"author":[{"embeddable":true,"href":"https:\/\/arantv.az\/index.php?rest_route=\/wp\/v2\/users\/2"}],"replies":[{"embeddable":true,"href":"https:\/\/arantv.az\/index.php?rest_route=%2Fwp%2Fv2%2Fcomments&post=645031"}],"version-history":[{"count":0,"href":"https:\/\/arantv.az\/index.php?rest_route=\/wp\/v2\/posts\/645031\/revisions"}],"wp:featuredmedia":[{"embeddable":true,"href":"https:\/\/arantv.az\/index.php?rest_route=\/wp\/v2\/media\/645035"}],"wp:attachment":[{"href":"https:\/\/arantv.az\/index.php?rest_route=%2Fwp%2Fv2%2Fmedia&parent=645031"}],"wp:term":[{"taxonomy":"category","embeddable":true,"href":"https:\/\/arantv.az\/index.php?rest_route=%2Fwp%2Fv2%2Fcategories&post=645031"},{"taxonomy":"post_tag","embeddable":true,"href":"https:\/\/arantv.az\/index.php?rest_route=%2Fwp%2Fv2%2Ftags&post=645031"}],"curies":[{"name":"wp","href":"https:\/\/api.w.org\/{rel}","templated":true}]}}