{"id":645034,"date":"2023-10-13T17:09:10","date_gmt":"2023-10-13T13:09:10","guid":{"rendered":"https:\/\/arantv.az\/?p=645034"},"modified":"2023-10-13T17:09:10","modified_gmt":"2023-10-13T13:09:10","slug":"agla-vaqif-agla","status":"publish","type":"post","link":"https:\/\/arantv.az\/?p=645034","title":{"rendered":"A\u011fla, Vaqif, a\u011fla"},"content":{"rendered":"<p><strong><em>Aq\u015fin K\u0259rimov yaz\u0131r&#8230;<\/em><\/strong><\/p>\n<p>Yasamal Rayon M\u0259hk\u0259m\u0259sinin inzibati binas\u0131nda cinay\u0259t i\u015fi \u00fczr\u0259 haz\u0131rl\u0131q iclas\u0131nda m\u00fctt\u0259him k\u00fcrs\u00fcs\u00fcnd\u0259 \u0259yl\u0259\u015f\u0259n Vaqif Xa\u00e7atryan kameralar, fotoaparatlar\u0131n obyektivl\u0259ri \u00f6n\u00fcnd\u0259 g\u00f6z ya\u015flar\u0131 t\u00f6kd\u00fc.<\/p>\n<p>\u0130ll\u0259rdir bir xalqa &#8211; Az\u0259rbaycan xalq\u0131na &#8211; qar\u015f\u0131 nifr\u0259t hissinin \u0259sirin\u0259 \u00e7evrilmi\u015f Vaqif Xa\u00e7atryan indi d\u00fc\u015fm\u0259n sayd\u0131\u011f\u0131 d\u00f6vl\u0259tin m\u0259hk\u0259m\u0259 prosesind\u0259 g\u00f6z\u00fcnd\u0259n ya\u015f \u00e7\u0131xard\u0131r.<\/p>\n<p>B\u0259lk\u0259 d\u0259, Xa\u00e7atryan mediada \u00e7\u0131xacaq fotolar\u0131, televiziyalarda yay\u0131mlanacaq s\u00fcjetl\u0259r \u00fc\u00e7\u00fcn \u00e7\u0259kil\u0259n kadrlar vasit\u0259sil\u0259 m\u0259zlum obraz\u0131 yaratma\u011fa \u00e7al\u0131\u015f\u0131r. B\u0259lk\u0259 d\u0259, Xa\u00e7atryan\u0131n g\u00f6z ya\u015flar\u0131 insan\u0131n bioloji instinktinin m\u0259hsuludur.<\/p>\n<p>Vaqif Xa\u00e7atryan\u0131n m\u0259hk\u0259m\u0259d\u0259ki h\u00f6nk\u00fcrt\u00fcs\u00fcn\u00fcn ke\u00e7mi\u015f g\u00fcnahlar\u0131n\u0131n, yoxsa \u0259z\u0259li nifr\u0259ti h\u0259yata ke\u00e7irm\u0259kd\u0259 aciz qalma\u011f\u0131n\u0131n hayq\u0131rt\u0131s\u0131 oldu\u011funu m\u00fc\u0259yy\u0259n etm\u0259k \u00e7\u0259tindir. Ax\u0131 kim z\u0259man\u0259t verir ki, Xa\u00e7atryan az\u0259rbaycanl\u0131lara qar\u015f\u0131 i\u00e7ind\u0259 ill\u0259rdir formala\u015fm\u0131\u015f q\u0259z\u0259bini \u00f6ld\u00fcr\u00fcb?!<\/p>\n<p>Bilmirik, amma \u0259lah\u0259zr\u0259t fakt budur ki, ya z\u0259lz\u0259l\u0259d\u0259n, ya da v\u0259lv\u0259l\u0259d\u0259n Vaqif Xa\u00e7atryan a\u011flad\u0131.<\/p>\n<p>M\u0259hk\u0259m\u0259 prosesind\u0259 i\u015ftirak ed\u0259n media n\u00fcmay\u0259nd\u0259l\u0259ri kimi, m\u0259n d\u0259 Vaqif Xa\u00e7atryan\u0131n a\u011flamas\u0131na \u015fahidlik etdim.<\/p>\n<p>Bu a\u011flamaq daha \u00e7ox Az\u0259rbaycan xalq\u0131na qar\u015f\u0131 nifr\u0259tin acizlikl\u0259 \u0259v\u0259z olunmas\u0131n\u0131n g\u00f6st\u0259ricisi kimi beynimd\u0259 canland\u0131.<\/p>\n<p>Sual yarand\u0131, g\u00f6r\u0259s\u0259n, Xa\u00e7atryan\u0131n \u0259lind\u0259 imkanlar olsayd\u0131, n\u0259l\u0259r ed\u0259rdi?! Bu fikrimi Birinci Qaraba\u011f m\u00fcharib\u0259sind\u0259 az\u0259rbaycanl\u0131lara qar\u015f\u0131 \u0259n a\u011f\u0131r cinay\u0259tl\u0259rd\u0259 ittiham olunan Vaqif Xa\u00e7atryan\u0131n timsal\u0131nda b\u00fct\u00fcn erm\u0259nil\u0259r\u0259 \u015famil etm\u0259kd\u0259n uza\u011fam, indi s\u00fclh zaman\u0131d\u0131r.<\/p>\n<p>Az\u0259rbaycan d\u00f6vl\u0259t v\u0259 xalq olaraq s\u00fclh\u00fcn t\u0259r\u0259find\u0259dir, amma s\u00fclh\u00fcn m\u00fctl\u0259q t\u0259mini \u00fc\u00e7\u00fcn z\u0259r\u0259rli elementl\u0259r aradan qalxmal\u0131d\u0131r.<\/p>\n<p><img src=\"https:\/\/cdn.oxu.az\/uploads\/W1siZiIsIjIwMjMvMTAvMTMvMTQvNDUvNTEvNThkY2Q0ZTUtNWJkNC00YjU3LTgxMjgtN2RhNGFjZGFhNjgyL3VXcGVUdUd2MHZpdzNpcExQQjQ0TjFRQUlzU2dQWWYxWlA4RUZseUIuanBnIl0sWyJwIiwiZW5jb2RlIiwianBnIiwiLXF1YWxpdHkgODAiXSxbInAiLCJ0aHVtYiIsIjU5MHg1OTBcdTAwM2UiXV0?sha=908ebd8facfeb0da\" alt=\"\" \/><\/p>\n<p>M\u0259hk\u0259m\u0259nin yekun h\u00f6km\u00fc olmadan Vaqifi birba\u015fa hans\u0131sa cinay\u0259tl\u0259rd\u0259 ittiham ed\u0259c\u0259k konkret ifad\u0259l\u0259r i\u015fl\u0259tm\u0259y\u0259c\u0259y\u0259m, bu, m\u0259nim Konstitusiya qar\u015f\u0131s\u0131nda (madd\u0259 63) v\u0259 pe\u015f\u0259 borcu \u00f6n\u00fcnd\u0259 m\u0259suliyy\u0259timd\u0259n ir\u0259li g\u0259lir.<\/p>\n<p>M\u0259hk\u0259m\u0259d\u0259 z\u0259r\u0259r\u00e7\u0259kmi\u015f \u015f\u0259xs qismind\u0259 i\u015ftirak ed\u0259n T\u0259mraz M\u0259mm\u0259dovun hakiml\u0259r m\u00fc\u015favir\u0259y\u0259 ged\u0259rk\u0259n Xa\u00e7atryana \u00f6z\u00fcnd\u0259n as\u0131l\u0131 olmadan bir sual verm\u0259si diqq\u0259timi \u00e7\u0259kdi. T\u0259mraz M\u0259mm\u0259dovun: \u201cVaqif, bura bax, m\u0259ni tan\u0131d\u0131n?\u201d &#8211; dem\u0259si ill\u0259rdir \u0259dal\u0259tin h\u0259sr\u0259tini \u00e7\u0259k\u0259n insanlar\u0131n vahid yana\u015fmas\u0131n\u0131n t\u0259sviridir.<\/p>\n<p>T\u0259mraz M\u0259mm\u0259dov Birinci Qaraba\u011f m\u00fcharib\u0259sinin i\u015ftirak\u00e7\u0131s\u0131d\u0131r, dediyin\u0259 g\u00f6r\u0259, Vaqif Xa\u00e7atryan\u0131n az\u0259rbaycanl\u0131lara qar\u015f\u0131 t\u00f6r\u0259tdiyi cinay\u0259tl\u0259rin \u015fahidi olub.<\/p>\n<p>Kontuziyal\u0131d\u0131r, \u0259s\u0259bidir, ancaq onun Xa\u00e7atryana qar\u015f\u0131 g\u00f6st\u0259rdiyi t\u00f6vr s\u00fcni g\u00f6r\u00fcnm\u00fcr, he\u00e7 d\u00f6y\u00fc\u015f \u0259hval-ruhiyy\u0259sin\u0259 d\u0259 b\u0259nz\u0259mir. C\u0259nab M\u0259mm\u0259dov, sad\u0259c\u0259, onillikl\u0259r boyunca daxilind\u0259 y\u0131\u011f\u0131lm\u0131\u015f a\u011fr\u0131-ac\u0131s\u0131n\u0131 ifad\u0259 edir.<\/p>\n<p>\u00dcmumiyy\u0259tl\u0259, bel\u0259 m\u0259hk\u0259m\u0259l\u0259rin s\u00fclh prosesi \u00fc\u00e7\u00fcn n\u0259 q\u0259d\u0259r \u0259h\u0259miyy\u0259tli olmas\u0131 t\u0259s\u0259vv\u00fcr edil\u0259nin d\u0259 f\u00f6vq\u00fcn\u0259 \u00e7\u0131x\u0131r.<\/p>\n<p>S\u00fclh ist\u0259yirs\u0259ns\u0259, s\u00fclhp\u0259rv\u0259r olmal\u0131san, h\u0259m \u0259m\u0259ld\u0259, h\u0259m d\u0259 s\u00f6zd\u0259. Yox, olmay\u0131b, m\u00fclki insanlar\u0131n, \u0259sirl\u0259rin qan\u0131na susay\u0131b, sonra s\u00fclhd\u0259n dan\u0131\u015f\u0131rs\u0131nsa, gec-tez m\u0259hk\u0259m\u0259d\u0259 cavab ver\u0259c\u0259ks\u0259n.<\/p>\n<p>M\u0259hk\u0259m\u0259 prosesl\u0259ri s\u00fclh\u00fc t\u0259min edir. \u00c7\u00fcnki s\u00fclh\u00fc z\u0259d\u0259l\u0259y\u0259n elementl\u0259r, revan\u015fist obrazlar\u0131 s\u0259hn\u0259d\u0259n t\u0259mizl\u0259yib laz\u0131mi yer\u0259 g\u00f6nd\u0259rir.<\/p>\n<p>A\u011fla, Vaqif, bu, s\u0259nin bioloji h\u00fcququndur, sad\u0259c\u0259, m\u0259hk\u0259m\u0259d\u0259 cavab ver, h\u00fcquq qar\u015f\u0131s\u0131nda m\u0259suliyy\u0259t v\u0259 v\u0259zif\u0259l\u0259rini d\u0259rk et, t\u0259qsirin m\u0259hk\u0259m\u0259 il\u0259 h\u0259l\u0259 s\u00fcbuta yetirilm\u0259yibs\u0259 bel\u0259, Xocal\u0131da cinay\u0259t t\u00f6r\u0259d\u0259nl\u0259r\u0259 \u00e7a\u011f\u0131r\u0131\u015f et, d\u0259rs \u00e7\u0131xars\u0131nlar.<\/p>\n<p>Biz s\u00fclh ist\u0259yirik, Az\u0259rbaycan s\u00fclh t\u0259r\u0259fdar\u0131d\u0131r, buna \u015f\u00fcbh\u0259 etm\u0259k laz\u0131m deyil. Xa\u00e7atryan\u0131n istintaq\u0131 da qayda-qanunla apar\u0131l\u0131b, m\u0259hk\u0259m\u0259d\u0259 onun b\u00fct\u00fcn h\u00fcquqlar\u0131 t\u0259min edilib.<\/p>\n<p>\u018fdal\u0259td\u0259n qa\u00e7maq \u00e7\u0259tin m\u0259s\u0259l\u0259dir, ham\u0131 t\u00f6r\u0259tdiyi \u0259m\u0259ll\u0259rin c\u0259zas\u0131n\u0131 bir g\u00fcn \u00e7\u0259k\u0259c\u0259k &#8211; kimisi a\u011flayaraq, kimisi d\u0259 f\u0259rqli \u015f\u0259kild\u0259.<\/p>\n","protected":false},"excerpt":{"rendered":"<p>Aq\u015fin K\u0259rimov yaz\u0131r&#8230; Yasamal Rayon M\u0259hk\u0259m\u0259sinin inzibati binas\u0131nda cinay\u0259t i\u015fi \u00fczr\u0259 haz\u0131rl\u0131q iclas\u0131nda m\u00fctt\u0259him k\u00fcrs\u00fcs\u00fcnd\u0259 \u0259yl\u0259\u015f\u0259n Vaqif Xa\u00e7atryan kameralar, fotoaparatlar\u0131n obyektivl\u0259ri \u00f6n\u00fcnd\u0259 g\u00f6z ya\u015flar\u0131 t\u00f6kd\u00fc. \u0130ll\u0259rdir bir xalqa &#8211; Az\u0259rbaycan xalq\u0131na &#8211; qar\u015f\u0131 nifr\u0259t hissinin \u0259sirin\u0259 \u00e7evrilmi\u015f Vaqif Xa\u00e7atryan indi d\u00fc\u015fm\u0259n sayd\u0131\u011f\u0131 d\u00f6vl\u0259tin m\u0259hk\u0259m\u0259 prosesind\u0259 g\u00f6z\u00fcnd\u0259n ya\u015f \u00e7\u0131xard\u0131r. B\u0259lk\u0259 d\u0259, Xa\u00e7atryan mediada \u00e7\u0131xacaq fotolar\u0131, televiziyalarda yay\u0131mlanacaq s\u00fcjetl\u0259r \u00fc\u00e7\u00fcn \u00e7\u0259kil\u0259n kadrlar vasit\u0259sil\u0259 m\u0259zlum obraz\u0131 yaratma\u011fa \u00e7al\u0131\u015f\u0131r. B\u0259lk\u0259 d\u0259, Xa\u00e7atryan\u0131n g\u00f6z ya\u015flar\u0131 insan\u0131n bioloji instinktinin m\u0259hsuludur. Vaqif Xa\u00e7atryan\u0131n m\u0259hk\u0259m\u0259d\u0259ki h\u00f6nk\u00fcrt\u00fcs\u00fcn\u00fcn ke\u00e7mi\u015f g\u00fcnahlar\u0131n\u0131n, yoxsa \u0259z\u0259li nifr\u0259ti h\u0259yata ke\u00e7irm\u0259kd\u0259 aciz qalma\u011f\u0131n\u0131n hayq\u0131rt\u0131s\u0131 oldu\u011funu m\u00fc\u0259yy\u0259n&hellip;<\/p>\n","protected":false},"author":2,"featured_media":644910,"comment_status":"closed","ping_status":"closed","sticky":false,"template":"","format":"standard","meta":{"om_disable_all_campaigns":false,"_monsterinsights_skip_tracking":false,"_monsterinsights_sitenote_active":false,"_monsterinsights_sitenote_note":"","_monsterinsights_sitenote_category":0},"categories":[4],"tags":[],"aioseo_notices":[],"gutentor_comment":0,"rttpg_featured_image_url":{"full":["https:\/\/arantv.az\/wp-content\/uploads\/2023\/10\/49d93abb46c6b14f169e2f43cc7bb602.jpg",870,500,false],"landscape":["https:\/\/arantv.az\/wp-content\/uploads\/2023\/10\/49d93abb46c6b14f169e2f43cc7bb602.jpg",870,500,false],"portraits":["https:\/\/arantv.az\/wp-content\/uploads\/2023\/10\/49d93abb46c6b14f169e2f43cc7bb602.jpg",870,500,false],"thumbnail":["https:\/\/arantv.az\/wp-content\/uploads\/2023\/10\/49d93abb46c6b14f169e2f43cc7bb602-500x280.jpg",500,280,true],"medium":["https:\/\/arantv.az\/wp-content\/uploads\/2023\/10\/49d93abb46c6b14f169e2f43cc7bb602-635x365.jpg",635,365,true],"large":["https:\/\/arantv.az\/wp-content\/uploads\/2023\/10\/49d93abb46c6b14f169e2f43cc7bb602-840x483.jpg",640,368,true],"1536x1536":["https:\/\/arantv.az\/wp-content\/uploads\/2023\/10\/49d93abb46c6b14f169e2f43cc7bb602.jpg",870,500,false],"2048x2048":["https:\/\/arantv.az\/wp-content\/uploads\/2023\/10\/49d93abb46c6b14f169e2f43cc7bb602.jpg",870,500,false],"post-thumbnail":["https:\/\/arantv.az\/wp-content\/uploads\/2023\/10\/49d93abb46c6b14f169e2f43cc7bb602-240x172.jpg",240,172,true],"advps-thumb-one":["https:\/\/arantv.az\/wp-content\/uploads\/2023\/10\/49d93abb46c6b14f169e2f43cc7bb602.jpg",870,500,false]},"rttpg_author":{"display_name":"V\u00fcsal Rafiqo\u011flu","author_link":"https:\/\/arantv.az\/?author=2"},"rttpg_comment":0,"rttpg_category":"<a href=\"https:\/\/arantv.az\/?cat=4\" rel=\"category\">Siyas\u0259t<\/a>","rttpg_excerpt":"Aq\u015fin K\u0259rimov yaz\u0131r&#8230; Yasamal Rayon M\u0259hk\u0259m\u0259sinin inzibati binas\u0131nda cinay\u0259t i\u015fi \u00fczr\u0259 haz\u0131rl\u0131q iclas\u0131nda m\u00fctt\u0259him k\u00fcrs\u00fcs\u00fcnd\u0259 \u0259yl\u0259\u015f\u0259n Vaqif Xa\u00e7atryan kameralar, fotoaparatlar\u0131n obyektivl\u0259ri \u00f6n\u00fcnd\u0259 g\u00f6z ya\u015flar\u0131 t\u00f6kd\u00fc. \u0130ll\u0259rdir bir xalqa &#8211; Az\u0259rbaycan xalq\u0131na &#8211; qar\u015f\u0131 nifr\u0259t hissinin \u0259sirin\u0259 \u00e7evrilmi\u015f Vaqif Xa\u00e7atryan indi d\u00fc\u015fm\u0259n sayd\u0131\u011f\u0131 d\u00f6vl\u0259tin m\u0259hk\u0259m\u0259 prosesind\u0259 g\u00f6z\u00fcnd\u0259n ya\u015f \u00e7\u0131xard\u0131r. B\u0259lk\u0259 d\u0259, Xa\u00e7atryan mediada \u00e7\u0131xacaq fotolar\u0131, televiziyalarda&hellip;","_links":{"self":[{"href":"https:\/\/arantv.az\/index.php?rest_route=\/wp\/v2\/posts\/645034"}],"collection":[{"href":"https:\/\/arantv.az\/index.php?rest_route=\/wp\/v2\/posts"}],"about":[{"href":"https:\/\/arantv.az\/index.php?rest_route=\/wp\/v2\/types\/post"}],"author":[{"embeddable":true,"href":"https:\/\/arantv.az\/index.php?rest_route=\/wp\/v2\/users\/2"}],"replies":[{"embeddable":true,"href":"https:\/\/arantv.az\/index.php?rest_route=%2Fwp%2Fv2%2Fcomments&post=645034"}],"version-history":[{"count":0,"href":"https:\/\/arantv.az\/index.php?rest_route=\/wp\/v2\/posts\/645034\/revisions"}],"wp:featuredmedia":[{"embeddable":true,"href":"https:\/\/arantv.az\/index.php?rest_route=\/wp\/v2\/media\/644910"}],"wp:attachment":[{"href":"https:\/\/arantv.az\/index.php?rest_route=%2Fwp%2Fv2%2Fmedia&parent=645034"}],"wp:term":[{"taxonomy":"category","embeddable":true,"href":"https:\/\/arantv.az\/index.php?rest_route=%2Fwp%2Fv2%2Fcategories&post=645034"},{"taxonomy":"post_tag","embeddable":true,"href":"https:\/\/arantv.az\/index.php?rest_route=%2Fwp%2Fv2%2Ftags&post=645034"}],"curies":[{"name":"wp","href":"https:\/\/api.w.org\/{rel}","templated":true}]}}