{"id":645042,"date":"2023-10-13T17:11:46","date_gmt":"2023-10-13T13:11:46","guid":{"rendered":"https:\/\/arantv.az\/?p=645042"},"modified":"2023-10-13T17:11:46","modified_gmt":"2023-10-13T13:11:46","slug":"kremld%c9%99n-vardanyan-aciqlamasi-%c9%99liyev-v%c9%99-putin","status":"publish","type":"post","link":"https:\/\/arantv.az\/?p=645042","title":{"rendered":"Kremld\u0259n Vardanyan a\u00e7\u0131qlamas\u0131: &#8220;\u018fliyev v\u0259 Putin&#8230;&#8221;"},"content":{"rendered":"<p><strong>Rusiya Prezidenti Vladimir Putin Az\u0259rbaycan Prezidenti \u0130lham \u018fliyevl\u0259 Ruben Vardanyan\u0131n taleyini m\u00fczakir\u0259 etm\u0259yib.<\/strong><\/p>\n<p>Bu bar\u0259d\u0259 Kremlin m\u0259tbuat katibi Dmitri Peskov bildirib.<\/p>\n<p>\u201cRusiya v\u0259 Az\u0259rbaycan liderl\u0259ri g\u00f6r\u00fc\u015f\u00fcn a\u00e7\u0131q hiss\u0259sind\u0259 Vardanyan \u0259traf\u0131ndak\u0131 v\u0259ziyy\u0259ti m\u00fczakir\u0259 etm\u0259yibl\u0259r\u201d, &#8211; Kremlin s\u00f6z\u00e7\u00fcs\u00fc vur\u011fulay\u0131b.<\/p>\n<p>Qeyd ed\u0259k ki, separat\u00e7\u0131lar\u0131n sabiq &#8220;d\u00f6vl\u0259t naziri&#8221; Ruben Vardanyan 27 sentyabr 2023-c\u00fc il tarixind\u0259 saxlan\u0131laraq, ittiham elan edilm\u0259kl\u0259 t\u0259qsirl\u0259ndiril\u0259n \u015f\u0259xs qismind\u0259 cinay\u0259t m\u0259suliyy\u0259tin\u0259 c\u0259lb olunub. M\u0259hk\u0259m\u0259 q\u0259rar\u0131 il\u0259 haqq\u0131nda 4 ayl\u0131q h\u0259bs q\u0259timkan t\u0259dbiri se\u00e7ilib.\/Metbuat.az<\/p>\n","protected":false},"excerpt":{"rendered":"<p>Rusiya Prezidenti Vladimir Putin Az\u0259rbaycan Prezidenti \u0130lham \u018fliyevl\u0259 Ruben Vardanyan\u0131n taleyini m\u00fczakir\u0259 etm\u0259yib. Bu bar\u0259d\u0259 Kremlin m\u0259tbuat katibi Dmitri Peskov bildirib. \u201cRusiya v\u0259 Az\u0259rbaycan liderl\u0259ri g\u00f6r\u00fc\u015f\u00fcn a\u00e7\u0131q hiss\u0259sind\u0259 Vardanyan \u0259traf\u0131ndak\u0131 v\u0259ziyy\u0259ti m\u00fczakir\u0259 etm\u0259yibl\u0259r\u201d, &#8211; Kremlin s\u00f6z\u00e7\u00fcs\u00fc vur\u011fulay\u0131b. Qeyd ed\u0259k ki, separat\u00e7\u0131lar\u0131n sabiq &#8220;d\u00f6vl\u0259t naziri&#8221; Ruben Vardanyan 27 sentyabr 2023-c\u00fc il tarixind\u0259 saxlan\u0131laraq, ittiham elan edilm\u0259kl\u0259 t\u0259qsirl\u0259ndiril\u0259n \u015f\u0259xs qismind\u0259 cinay\u0259t m\u0259suliyy\u0259tin\u0259 c\u0259lb olunub. M\u0259hk\u0259m\u0259 q\u0259rar\u0131 il\u0259 haqq\u0131nda 4 ayl\u0131q h\u0259bs q\u0259timkan t\u0259dbiri se\u00e7ilib.\/Metbuat.az<\/p>\n","protected":false},"author":2,"featured_media":645046,"comment_status":"closed","ping_status":"closed","sticky":false,"template":"","format":"standard","meta":{"om_disable_all_campaigns":false,"_monsterinsights_skip_tracking":false,"_monsterinsights_sitenote_active":false,"_monsterinsights_sitenote_note":"","_monsterinsights_sitenote_category":0},"categories":[4],"tags":[],"aioseo_notices":[],"gutentor_comment":0,"rttpg_featured_image_url":{"full":["https:\/\/arantv.az\/wp-content\/uploads\/2023\/10\/d5be9cd53d166e237a61f61dadf913bd.jpg",734,490,false],"landscape":["https:\/\/arantv.az\/wp-content\/uploads\/2023\/10\/d5be9cd53d166e237a61f61dadf913bd.jpg",734,490,false],"portraits":["https:\/\/arantv.az\/wp-content\/uploads\/2023\/10\/d5be9cd53d166e237a61f61dadf913bd.jpg",734,490,false],"thumbnail":["https:\/\/arantv.az\/wp-content\/uploads\/2023\/10\/d5be9cd53d166e237a61f61dadf913bd-500x280.jpg",500,280,true],"medium":["https:\/\/arantv.az\/wp-content\/uploads\/2023\/10\/d5be9cd53d166e237a61f61dadf913bd-547x365.jpg",547,365,true],"large":["https:\/\/arantv.az\/wp-content\/uploads\/2023\/10\/d5be9cd53d166e237a61f61dadf913bd.jpg",640,427,false],"1536x1536":["https:\/\/arantv.az\/wp-content\/uploads\/2023\/10\/d5be9cd53d166e237a61f61dadf913bd.jpg",734,490,false],"2048x2048":["https:\/\/arantv.az\/wp-content\/uploads\/2023\/10\/d5be9cd53d166e237a61f61dadf913bd.jpg",734,490,false],"post-thumbnail":["https:\/\/arantv.az\/wp-content\/uploads\/2023\/10\/d5be9cd53d166e237a61f61dadf913bd-240x172.jpg",240,172,true],"advps-thumb-one":["https:\/\/arantv.az\/wp-content\/uploads\/2023\/10\/d5be9cd53d166e237a61f61dadf913bd.jpg",734,490,false]},"rttpg_author":{"display_name":"V\u00fcsal Rafiqo\u011flu","author_link":"https:\/\/arantv.az\/?author=2"},"rttpg_comment":0,"rttpg_category":"<a href=\"https:\/\/arantv.az\/?cat=4\" rel=\"category\">Siyas\u0259t<\/a>","rttpg_excerpt":"Rusiya Prezidenti Vladimir Putin Az\u0259rbaycan Prezidenti \u0130lham \u018fliyevl\u0259 Ruben Vardanyan\u0131n taleyini m\u00fczakir\u0259 etm\u0259yib. Bu bar\u0259d\u0259 Kremlin m\u0259tbuat katibi Dmitri Peskov bildirib. \u201cRusiya v\u0259 Az\u0259rbaycan liderl\u0259ri g\u00f6r\u00fc\u015f\u00fcn a\u00e7\u0131q hiss\u0259sind\u0259 Vardanyan \u0259traf\u0131ndak\u0131 v\u0259ziyy\u0259ti m\u00fczakir\u0259 etm\u0259yibl\u0259r\u201d, &#8211; Kremlin s\u00f6z\u00e7\u00fcs\u00fc vur\u011fulay\u0131b. Qeyd ed\u0259k ki, separat\u00e7\u0131lar\u0131n sabiq &#8220;d\u00f6vl\u0259t naziri&#8221; Ruben Vardanyan 27 sentyabr 2023-c\u00fc il tarixind\u0259 saxlan\u0131laraq, ittiham elan edilm\u0259kl\u0259&hellip;","_links":{"self":[{"href":"https:\/\/arantv.az\/index.php?rest_route=\/wp\/v2\/posts\/645042"}],"collection":[{"href":"https:\/\/arantv.az\/index.php?rest_route=\/wp\/v2\/posts"}],"about":[{"href":"https:\/\/arantv.az\/index.php?rest_route=\/wp\/v2\/types\/post"}],"author":[{"embeddable":true,"href":"https:\/\/arantv.az\/index.php?rest_route=\/wp\/v2\/users\/2"}],"replies":[{"embeddable":true,"href":"https:\/\/arantv.az\/index.php?rest_route=%2Fwp%2Fv2%2Fcomments&post=645042"}],"version-history":[{"count":0,"href":"https:\/\/arantv.az\/index.php?rest_route=\/wp\/v2\/posts\/645042\/revisions"}],"wp:featuredmedia":[{"embeddable":true,"href":"https:\/\/arantv.az\/index.php?rest_route=\/wp\/v2\/media\/645046"}],"wp:attachment":[{"href":"https:\/\/arantv.az\/index.php?rest_route=%2Fwp%2Fv2%2Fmedia&parent=645042"}],"wp:term":[{"taxonomy":"category","embeddable":true,"href":"https:\/\/arantv.az\/index.php?rest_route=%2Fwp%2Fv2%2Fcategories&post=645042"},{"taxonomy":"post_tag","embeddable":true,"href":"https:\/\/arantv.az\/index.php?rest_route=%2Fwp%2Fv2%2Ftags&post=645042"}],"curies":[{"name":"wp","href":"https:\/\/api.w.org\/{rel}","templated":true}]}}