{"id":645096,"date":"2023-10-13T19:41:03","date_gmt":"2023-10-13T15:41:03","guid":{"rendered":"https:\/\/arantv.az\/?p=645096"},"modified":"2023-10-13T19:41:03","modified_gmt":"2023-10-13T15:41:03","slug":"az%c9%99rbaycan-v%c9%99-ebrd-g%c9%99l%c9%99c%c9%99k-%c9%99m%c9%99kdasliq-imkanlarini-muzakir%c9%99-edib-foto","status":"publish","type":"post","link":"https:\/\/arantv.az\/?p=645096","title":{"rendered":"Az\u0259rbaycan v\u0259 EBRD g\u0259l\u0259c\u0259k \u0259m\u0259kda\u015fl\u0131q imkanlar\u0131n\u0131 m\u00fczakir\u0259 edib &#8211; FOTO"},"content":{"rendered":"<p>Az\u0259rbaycan M\u0259rk\u0259zi Bank\u0131 (AMB) v\u0259 Avropa Yenid\u0259nqurma v\u0259 \u0130nki\u015faf Bank\u0131n\u0131n (EBRD) aras\u0131nda \u0259m\u0259kda\u015fl\u0131q imkanlar\u0131 m\u00fczakir\u0259 edilib.<\/p>\n<p>Bunu AMB-nin s\u0259dri Taleh Kaz\u0131mov \u201cX\u201d sosial \u015f\u0259b\u0259k\u0259sind\u0259ki hesab\u0131nda bildirib.<\/p>\n<p>\u201cD\u00fcnya Bank\u0131 v\u0259 Beyn\u0259lxalq Valyuta Fondunun \u0130llik Toplant\u0131lar\u0131nda i\u015ftirak \u00e7\u0259r\u00e7iv\u0259sind\u0259 n\u00f6vb\u0259ti m\u0259hsuldar g\u00f6r\u00fc\u015f\u00fcm\u00fcz EBRD-nin x\u0259zin\u0259dar\u0131 Axel Van Nederveen il\u0259 oldu. Bu g\u00f6r\u00fc\u015fd\u0259 biz Bankla m\u00f6vcud f\u0259aliyy\u0259t istiqam\u0259tl\u0259ri, el\u0259c\u0259 d\u0259 potensial dig\u0259r \u0259m\u0259kda\u015fl\u0131q imkanlar\u0131 \u00fcz\u0259rind\u0259 fikir m\u00fcbadil\u0259si apard\u0131q\u201d, &#8211; dey\u0259 o qeyd edib.<\/p>\n<div>\n<div class=\"twitter-tweet twitter-tweet-rendered\"><iframe id=\"twitter-widget-0\" class=\"\" title=\"Twitter Tweet\" src=\"https:\/\/platform.twitter.com\/embed\/Tweet.html?creatorScreenName=oxuaz&amp;dnt=false&amp;embedId=twitter-widget-0&amp;features=eyJ0ZndfdGltZWxpbmVfbGlzdCI6eyJidWNrZXQiOltdLCJ2ZXJzaW9uIjpudWxsfSwidGZ3X2ZvbGxvd2VyX2NvdW50X3N1bnNldCI6eyJidWNrZXQiOnRydWUsInZlcnNpb24iOm51bGx9LCJ0ZndfdHdlZXRfZWRpdF9iYWNrZW5kIjp7ImJ1Y2tldCI6Im9uIiwidmVyc2lvbiI6bnVsbH0sInRmd19yZWZzcmNfc2Vzc2lvbiI6eyJidWNrZXQiOiJvbiIsInZlcnNpb24iOm51bGx9LCJ0ZndfZm9zbnJfc29mdF9pbnRlcnZlbnRpb25zX2VuYWJsZWQiOnsiYnVja2V0Ijoib24iLCJ2ZXJzaW9uIjpudWxsfSwidGZ3X21peGVkX21lZGlhXzE1ODk3Ijp7ImJ1Y2tldCI6InRyZWF0bWVudCIsInZlcnNpb24iOm51bGx9LCJ0ZndfZXhwZXJpbWVudHNfY29va2llX2V4cGlyYXRpb24iOnsiYnVja2V0IjoxMjA5NjAwLCJ2ZXJzaW9uIjpudWxsfSwidGZ3X3Nob3dfYmlyZHdhdGNoX3Bpdm90c19lbmFibGVkIjp7ImJ1Y2tldCI6Im9uIiwidmVyc2lvbiI6bnVsbH0sInRmd19kdXBsaWNhdGVfc2NyaWJlc190b19zZXR0aW5ncyI6eyJidWNrZXQiOiJvbiIsInZlcnNpb24iOm51bGx9LCJ0ZndfdXNlX3Byb2ZpbGVfaW1hZ2Vfc2hhcGVfZW5hYmxlZCI6eyJidWNrZXQiOiJvbiIsInZlcnNpb24iOm51bGx9LCJ0ZndfdmlkZW9faGxzX2R5bmFtaWNfbWFuaWZlc3RzXzE1MDgyIjp7ImJ1Y2tldCI6InRydWVfYml0cmF0ZSIsInZlcnNpb24iOm51bGx9LCJ0ZndfbGVnYWN5X3RpbWVsaW5lX3N1bnNldCI6eyJidWNrZXQiOnRydWUsInZlcnNpb24iOm51bGx9LCJ0ZndfdHdlZXRfZWRpdF9mcm9udGVuZCI6eyJidWNrZXQiOiJvbiIsInZlcnNpb24iOm51bGx9fQ%3D%3D&amp;frame=false&amp;hideCard=false&amp;hideThread=false&amp;id=1712841605428744316&amp;lang=en&amp;origin=https%3A%2F%2Foxu.az%2Feconomy%2F789834&amp;sessionId=bb488d480536cc411c17c3822871ec2eb00f5c32&amp;siteScreenName=oxuaz&amp;theme=light&amp;widgetsVersion=01917f4d1d4cb%3A1696883169554&amp;width=550px\" frameborder=\"0\" scrolling=\"no\" allowfullscreen=\"allowfullscreen\" data-tweet-id=\"1712841605428744316\" data-mce-fragment=\"1\"><\/iframe><\/div>\n<\/div>\n<p>&nbsp;<\/p>\n","protected":false},"excerpt":{"rendered":"<p>Az\u0259rbaycan M\u0259rk\u0259zi Bank\u0131 (AMB) v\u0259 Avropa Yenid\u0259nqurma v\u0259 \u0130nki\u015faf Bank\u0131n\u0131n (EBRD) aras\u0131nda \u0259m\u0259kda\u015fl\u0131q imkanlar\u0131 m\u00fczakir\u0259 edilib. Bunu AMB-nin s\u0259dri Taleh Kaz\u0131mov \u201cX\u201d sosial \u015f\u0259b\u0259k\u0259sind\u0259ki hesab\u0131nda bildirib. \u201cD\u00fcnya Bank\u0131 v\u0259 Beyn\u0259lxalq Valyuta Fondunun \u0130llik Toplant\u0131lar\u0131nda i\u015ftirak \u00e7\u0259r\u00e7iv\u0259sind\u0259 n\u00f6vb\u0259ti m\u0259hsuldar g\u00f6r\u00fc\u015f\u00fcm\u00fcz EBRD-nin x\u0259zin\u0259dar\u0131 Axel Van Nederveen il\u0259 oldu. Bu g\u00f6r\u00fc\u015fd\u0259 biz Bankla m\u00f6vcud f\u0259aliyy\u0259t istiqam\u0259tl\u0259ri, el\u0259c\u0259 d\u0259 potensial dig\u0259r \u0259m\u0259kda\u015fl\u0131q imkanlar\u0131 \u00fcz\u0259rind\u0259 fikir m\u00fcbadil\u0259si apard\u0131q\u201d, &#8211; dey\u0259 o qeyd edib. &nbsp;<\/p>\n","protected":false},"author":2,"featured_media":645098,"comment_status":"closed","ping_status":"closed","sticky":false,"template":"","format":"standard","meta":{"om_disable_all_campaigns":false,"_monsterinsights_skip_tracking":false,"_monsterinsights_sitenote_active":false,"_monsterinsights_sitenote_note":"","_monsterinsights_sitenote_category":0},"categories":[19],"tags":[],"aioseo_notices":[],"gutentor_comment":0,"rttpg_featured_image_url":{"full":["https:\/\/arantv.az\/wp-content\/uploads\/2023\/10\/cc4298d0-3e1c-3e6c-86b8-ef24c1b7da96_850.jpg",620,413,false],"landscape":["https:\/\/arantv.az\/wp-content\/uploads\/2023\/10\/cc4298d0-3e1c-3e6c-86b8-ef24c1b7da96_850.jpg",620,413,false],"portraits":["https:\/\/arantv.az\/wp-content\/uploads\/2023\/10\/cc4298d0-3e1c-3e6c-86b8-ef24c1b7da96_850.jpg",620,413,false],"thumbnail":["https:\/\/arantv.az\/wp-content\/uploads\/2023\/10\/cc4298d0-3e1c-3e6c-86b8-ef24c1b7da96_850-500x280.jpg",500,280,true],"medium":["https:\/\/arantv.az\/wp-content\/uploads\/2023\/10\/cc4298d0-3e1c-3e6c-86b8-ef24c1b7da96_850-548x365.jpg",548,365,true],"large":["https:\/\/arantv.az\/wp-content\/uploads\/2023\/10\/cc4298d0-3e1c-3e6c-86b8-ef24c1b7da96_850.jpg",620,413,false],"1536x1536":["https:\/\/arantv.az\/wp-content\/uploads\/2023\/10\/cc4298d0-3e1c-3e6c-86b8-ef24c1b7da96_850.jpg",620,413,false],"2048x2048":["https:\/\/arantv.az\/wp-content\/uploads\/2023\/10\/cc4298d0-3e1c-3e6c-86b8-ef24c1b7da96_850.jpg",620,413,false],"post-thumbnail":["https:\/\/arantv.az\/wp-content\/uploads\/2023\/10\/cc4298d0-3e1c-3e6c-86b8-ef24c1b7da96_850-240x172.jpg",240,172,true],"advps-thumb-one":["https:\/\/arantv.az\/wp-content\/uploads\/2023\/10\/cc4298d0-3e1c-3e6c-86b8-ef24c1b7da96_850.jpg",620,413,false]},"rttpg_author":{"display_name":"V\u00fcsal Rafiqo\u011flu","author_link":"https:\/\/arantv.az\/?author=2"},"rttpg_comment":0,"rttpg_category":"<a href=\"https:\/\/arantv.az\/?cat=19\" rel=\"category\">G\u00fcnd\u0259m<\/a>","rttpg_excerpt":"Az\u0259rbaycan M\u0259rk\u0259zi Bank\u0131 (AMB) v\u0259 Avropa Yenid\u0259nqurma v\u0259 \u0130nki\u015faf Bank\u0131n\u0131n (EBRD) aras\u0131nda \u0259m\u0259kda\u015fl\u0131q imkanlar\u0131 m\u00fczakir\u0259 edilib. Bunu AMB-nin s\u0259dri Taleh Kaz\u0131mov \u201cX\u201d sosial \u015f\u0259b\u0259k\u0259sind\u0259ki hesab\u0131nda bildirib. \u201cD\u00fcnya Bank\u0131 v\u0259 Beyn\u0259lxalq Valyuta Fondunun \u0130llik Toplant\u0131lar\u0131nda i\u015ftirak \u00e7\u0259r\u00e7iv\u0259sind\u0259 n\u00f6vb\u0259ti m\u0259hsuldar g\u00f6r\u00fc\u015f\u00fcm\u00fcz EBRD-nin x\u0259zin\u0259dar\u0131 Axel Van Nederveen il\u0259 oldu. Bu g\u00f6r\u00fc\u015fd\u0259 biz Bankla m\u00f6vcud f\u0259aliyy\u0259t istiqam\u0259tl\u0259ri, el\u0259c\u0259 d\u0259&hellip;","_links":{"self":[{"href":"https:\/\/arantv.az\/index.php?rest_route=\/wp\/v2\/posts\/645096"}],"collection":[{"href":"https:\/\/arantv.az\/index.php?rest_route=\/wp\/v2\/posts"}],"about":[{"href":"https:\/\/arantv.az\/index.php?rest_route=\/wp\/v2\/types\/post"}],"author":[{"embeddable":true,"href":"https:\/\/arantv.az\/index.php?rest_route=\/wp\/v2\/users\/2"}],"replies":[{"embeddable":true,"href":"https:\/\/arantv.az\/index.php?rest_route=%2Fwp%2Fv2%2Fcomments&post=645096"}],"version-history":[{"count":0,"href":"https:\/\/arantv.az\/index.php?rest_route=\/wp\/v2\/posts\/645096\/revisions"}],"wp:featuredmedia":[{"embeddable":true,"href":"https:\/\/arantv.az\/index.php?rest_route=\/wp\/v2\/media\/645098"}],"wp:attachment":[{"href":"https:\/\/arantv.az\/index.php?rest_route=%2Fwp%2Fv2%2Fmedia&parent=645096"}],"wp:term":[{"taxonomy":"category","embeddable":true,"href":"https:\/\/arantv.az\/index.php?rest_route=%2Fwp%2Fv2%2Fcategories&post=645096"},{"taxonomy":"post_tag","embeddable":true,"href":"https:\/\/arantv.az\/index.php?rest_route=%2Fwp%2Fv2%2Ftags&post=645096"}],"curies":[{"name":"wp","href":"https:\/\/api.w.org\/{rel}","templated":true}]}}