{"id":64510,"date":"2019-06-06T09:31:09","date_gmt":"2019-06-06T06:31:09","guid":{"rendered":"http:\/\/arantv.az\/?p=64510"},"modified":"2019-06-06T09:31:09","modified_gmt":"2019-06-06T06:31:09","slug":"c%c9%99lilabadda-avtomobil-7-yasli-usagi-vurub","status":"publish","type":"post","link":"https:\/\/arantv.az\/?p=64510","title":{"rendered":"C\u0259lilabadda avtomobil 7 ya\u015fl\u0131 u\u015fa\u011f\u0131 vurub"},"content":{"rendered":"<p>C\u0259lilabad rayonunda piyadan\u0131n vurulmas\u0131 il\u0259 n\u0259tic\u0259l\u0259n\u0259n yol-n\u0259qliyyat hadis\u0259si ba\u015f verib.<\/p>\n<p><b>ARANTV.AZ-<\/b>\u0131n<b>\u00a0<\/b>verdiyi\u00a0m\u0259lumat\u0131na g\u00f6r\u0259, hadis\u0259 Ocaql\u0131 k\u0259ndind\u0259 qeyd\u0259 al\u0131n\u0131b.<\/p>\n<div id=\"AdviadNativeVideo0\" class=\"AdviadNativeVideo\"><\/div>\n<p>Bel\u0259 ki, k\u0259nd sakini, 2012-ci il t\u0259v\u0259ll\u00fcdl\u00fc N\u0259z\u0259rov Yusif \u00c7ingiz o\u011flunu minik avtomobili vurub. Yaral\u0131 x\u0259st\u0259xanaya \u00e7atd\u0131r\u0131l\u0131b v\u0259 ona tibbi yard\u0131m g\u00f6st\u0259rilib.<\/p>\n<p>Faktla ba\u011fl\u0131 ara\u015fd\u0131rma apar\u0131l\u0131r.oxu.az<\/p>\n","protected":false},"excerpt":{"rendered":"<p>C\u0259lilabad rayonunda piyadan\u0131n vurulmas\u0131 il\u0259 n\u0259tic\u0259l\u0259n\u0259n yol-n\u0259qliyyat hadis\u0259si ba\u015f verib. ARANTV.AZ-\u0131n\u00a0verdiyi\u00a0m\u0259lumat\u0131na g\u00f6r\u0259, hadis\u0259 Ocaql\u0131 k\u0259ndind\u0259 qeyd\u0259 al\u0131n\u0131b. Bel\u0259 ki, k\u0259nd sakini, 2012-ci il t\u0259v\u0259ll\u00fcdl\u00fc N\u0259z\u0259rov Yusif \u00c7ingiz o\u011flunu minik avtomobili vurub. Yaral\u0131 x\u0259st\u0259xanaya \u00e7atd\u0131r\u0131l\u0131b v\u0259 ona tibbi yard\u0131m g\u00f6st\u0259rilib. Faktla ba\u011fl\u0131 ara\u015fd\u0131rma apar\u0131l\u0131r.oxu.az<\/p>\n","protected":false},"author":2,"featured_media":64511,"comment_status":"closed","ping_status":"closed","sticky":false,"template":"","format":"standard","meta":{"om_disable_all_campaigns":false,"_monsterinsights_skip_tracking":false,"_monsterinsights_sitenote_active":false,"_monsterinsights_sitenote_note":"","_monsterinsights_sitenote_category":0},"categories":[5],"tags":[],"aioseo_notices":[],"gutentor_comment":0,"rttpg_featured_image_url":{"full":["https:\/\/arantv.az\/wp-content\/uploads\/2019\/06\/Screenshot_82.jpg",497,298,false],"landscape":["https:\/\/arantv.az\/wp-content\/uploads\/2019\/06\/Screenshot_82.jpg",497,298,false],"portraits":["https:\/\/arantv.az\/wp-content\/uploads\/2019\/06\/Screenshot_82.jpg",497,298,false],"thumbnail":["https:\/\/arantv.az\/wp-content\/uploads\/2019\/06\/Screenshot_82-150x150.jpg",150,150,true],"medium":["https:\/\/arantv.az\/wp-content\/uploads\/2019\/06\/Screenshot_82-300x180.jpg",300,180,true],"large":["https:\/\/arantv.az\/wp-content\/uploads\/2019\/06\/Screenshot_82.jpg",497,298,false],"1536x1536":["https:\/\/arantv.az\/wp-content\/uploads\/2019\/06\/Screenshot_82.jpg",497,298,false],"2048x2048":["https:\/\/arantv.az\/wp-content\/uploads\/2019\/06\/Screenshot_82.jpg",497,298,false],"post-thumbnail":["https:\/\/arantv.az\/wp-content\/uploads\/2019\/06\/Screenshot_82-240x172.jpg",240,172,true],"advps-thumb-one":["https:\/\/arantv.az\/wp-content\/uploads\/2019\/06\/Screenshot_82.jpg",497,298,false]},"rttpg_author":{"display_name":"V\u00fcsal Rafiqo\u011flu","author_link":"https:\/\/arantv.az\/?author=2"},"rttpg_comment":0,"rttpg_category":"<a href=\"https:\/\/arantv.az\/?cat=5\" rel=\"category\">Hadis\u0259<\/a>","rttpg_excerpt":"C\u0259lilabad rayonunda piyadan\u0131n vurulmas\u0131 il\u0259 n\u0259tic\u0259l\u0259n\u0259n yol-n\u0259qliyyat hadis\u0259si ba\u015f verib. ARANTV.AZ-\u0131n\u00a0verdiyi\u00a0m\u0259lumat\u0131na g\u00f6r\u0259, hadis\u0259 Ocaql\u0131 k\u0259ndind\u0259 qeyd\u0259 al\u0131n\u0131b. Bel\u0259 ki, k\u0259nd sakini, 2012-ci il t\u0259v\u0259ll\u00fcdl\u00fc N\u0259z\u0259rov Yusif \u00c7ingiz o\u011flunu minik avtomobili vurub. Yaral\u0131 x\u0259st\u0259xanaya \u00e7atd\u0131r\u0131l\u0131b v\u0259 ona tibbi yard\u0131m g\u00f6st\u0259rilib. Faktla ba\u011fl\u0131 ara\u015fd\u0131rma apar\u0131l\u0131r.oxu.az","_links":{"self":[{"href":"https:\/\/arantv.az\/index.php?rest_route=\/wp\/v2\/posts\/64510"}],"collection":[{"href":"https:\/\/arantv.az\/index.php?rest_route=\/wp\/v2\/posts"}],"about":[{"href":"https:\/\/arantv.az\/index.php?rest_route=\/wp\/v2\/types\/post"}],"author":[{"embeddable":true,"href":"https:\/\/arantv.az\/index.php?rest_route=\/wp\/v2\/users\/2"}],"replies":[{"embeddable":true,"href":"https:\/\/arantv.az\/index.php?rest_route=%2Fwp%2Fv2%2Fcomments&post=64510"}],"version-history":[{"count":0,"href":"https:\/\/arantv.az\/index.php?rest_route=\/wp\/v2\/posts\/64510\/revisions"}],"wp:featuredmedia":[{"embeddable":true,"href":"https:\/\/arantv.az\/index.php?rest_route=\/wp\/v2\/media\/64511"}],"wp:attachment":[{"href":"https:\/\/arantv.az\/index.php?rest_route=%2Fwp%2Fv2%2Fmedia&parent=64510"}],"wp:term":[{"taxonomy":"category","embeddable":true,"href":"https:\/\/arantv.az\/index.php?rest_route=%2Fwp%2Fv2%2Fcategories&post=64510"},{"taxonomy":"post_tag","embeddable":true,"href":"https:\/\/arantv.az\/index.php?rest_route=%2Fwp%2Fv2%2Ftags&post=64510"}],"curies":[{"name":"wp","href":"https:\/\/api.w.org\/{rel}","templated":true}]}}