{"id":645102,"date":"2023-10-13T19:42:24","date_gmt":"2023-10-13T15:42:24","guid":{"rendered":"https:\/\/arantv.az\/?p=645102"},"modified":"2023-10-13T19:42:24","modified_gmt":"2023-10-13T15:42:24","slug":"tdt-nin-bas-katibi-turk-dovl%c9%99tl%c9%99ri-arasinda-d%c9%99rin-m%c9%99d%c9%99ni-v%c9%99-tarixi-%c9%99laq%c9%99l%c9%99ri-gucl%c9%99ndirm%c9%99y%c9%99-sadiqik-foto","status":"publish","type":"post","link":"https:\/\/arantv.az\/?p=645102","title":{"rendered":"TDT-nin Ba\u015f katibi: \u201cT\u00fcrk d\u00f6vl\u0259tl\u0259ri aras\u0131nda d\u0259rin m\u0259d\u0259ni v\u0259 tarixi \u0259laq\u0259l\u0259ri g\u00fccl\u0259ndirm\u0259y\u0259 sadiqik\u201d &#8211; FOTO"},"content":{"rendered":"<p>\u201cT\u00fcrk d\u00f6vl\u0259tl\u0259ri aras\u0131nda d\u0259rin m\u0259d\u0259ni v\u0259 tarixi \u0259laq\u0259l\u0259ri qavrayaraq davaml\u0131 s\u0259yl\u0259rimizl\u0259 bu \u0259laq\u0259l\u0259ri g\u00fccl\u0259ndirm\u0259y\u0259 sadiqik\u201d.<\/p>\n<p>Bunu T\u00fcrk D\u00f6vl\u0259tl\u0259ri T\u0259\u015fkilat\u0131n\u0131n (TDT) Ba\u015f katibi Kuban\u0131\u00e7bek Omuraliev \u201cX\u201d sosial \u015f\u0259b\u0259k\u0259 hesab\u0131nda yaz\u0131b.<\/p>\n<p>O, t\u00fcrk d\u00fcnyas\u0131n\u0131n m\u0259d\u0259niyy\u0259t paytaxt\u0131 \u015eu\u015fada ke\u00e7iril\u0259n I T\u00fcrk D\u00fcnyas\u0131 M\u0259d\u0259niyy\u0259t Forumunda i\u015ftirak v\u0259 \u00e7\u0131x\u0131\u015f etm\u0259kd\u0259n m\u0259mnun oldu\u011funu bildirib.<\/p>\n<div>\n<div class=\"twitter-tweet twitter-tweet-rendered\"><iframe id=\"twitter-widget-0\" class=\"\" title=\"Twitter Tweet\" src=\"https:\/\/platform.twitter.com\/embed\/Tweet.html?creatorScreenName=oxuaz&amp;dnt=false&amp;embedId=twitter-widget-0&amp;features=eyJ0ZndfdGltZWxpbmVfbGlzdCI6eyJidWNrZXQiOltdLCJ2ZXJzaW9uIjpudWxsfSwidGZ3X2ZvbGxvd2VyX2NvdW50X3N1bnNldCI6eyJidWNrZXQiOnRydWUsInZlcnNpb24iOm51bGx9LCJ0ZndfdHdlZXRfZWRpdF9iYWNrZW5kIjp7ImJ1Y2tldCI6Im9uIiwidmVyc2lvbiI6bnVsbH0sInRmd19yZWZzcmNfc2Vzc2lvbiI6eyJidWNrZXQiOiJvbiIsInZlcnNpb24iOm51bGx9LCJ0ZndfZm9zbnJfc29mdF9pbnRlcnZlbnRpb25zX2VuYWJsZWQiOnsiYnVja2V0Ijoib24iLCJ2ZXJzaW9uIjpudWxsfSwidGZ3X21peGVkX21lZGlhXzE1ODk3Ijp7ImJ1Y2tldCI6InRyZWF0bWVudCIsInZlcnNpb24iOm51bGx9LCJ0ZndfZXhwZXJpbWVudHNfY29va2llX2V4cGlyYXRpb24iOnsiYnVja2V0IjoxMjA5NjAwLCJ2ZXJzaW9uIjpudWxsfSwidGZ3X3Nob3dfYmlyZHdhdGNoX3Bpdm90c19lbmFibGVkIjp7ImJ1Y2tldCI6Im9uIiwidmVyc2lvbiI6bnVsbH0sInRmd19kdXBsaWNhdGVfc2NyaWJlc190b19zZXR0aW5ncyI6eyJidWNrZXQiOiJvbiIsInZlcnNpb24iOm51bGx9LCJ0ZndfdXNlX3Byb2ZpbGVfaW1hZ2Vfc2hhcGVfZW5hYmxlZCI6eyJidWNrZXQiOiJvbiIsInZlcnNpb24iOm51bGx9LCJ0ZndfdmlkZW9faGxzX2R5bmFtaWNfbWFuaWZlc3RzXzE1MDgyIjp7ImJ1Y2tldCI6InRydWVfYml0cmF0ZSIsInZlcnNpb24iOm51bGx9LCJ0ZndfbGVnYWN5X3RpbWVsaW5lX3N1bnNldCI6eyJidWNrZXQiOnRydWUsInZlcnNpb24iOm51bGx9LCJ0ZndfdHdlZXRfZWRpdF9mcm9udGVuZCI6eyJidWNrZXQiOiJvbiIsInZlcnNpb24iOm51bGx9fQ%3D%3D&amp;frame=false&amp;hideCard=false&amp;hideThread=false&amp;id=1712831458899886562&amp;lang=en&amp;origin=https%3A%2F%2Foxu.az%2Fpolitics%2F789818&amp;sessionId=25bed411c1c97d2adb853a003cc1ab655bd739db&amp;siteScreenName=oxuaz&amp;theme=light&amp;widgetsVersion=01917f4d1d4cb%3A1696883169554&amp;width=550px\" frameborder=\"0\" scrolling=\"no\" allowfullscreen=\"allowfullscreen\" data-tweet-id=\"1712831458899886562\" data-mce-fragment=\"1\"><\/iframe><\/div>\n<\/div>\n<p>&nbsp;<\/p>\n","protected":false},"excerpt":{"rendered":"<p>\u201cT\u00fcrk d\u00f6vl\u0259tl\u0259ri aras\u0131nda d\u0259rin m\u0259d\u0259ni v\u0259 tarixi \u0259laq\u0259l\u0259ri qavrayaraq davaml\u0131 s\u0259yl\u0259rimizl\u0259 bu \u0259laq\u0259l\u0259ri g\u00fccl\u0259ndirm\u0259y\u0259 sadiqik\u201d. Bunu T\u00fcrk D\u00f6vl\u0259tl\u0259ri T\u0259\u015fkilat\u0131n\u0131n (TDT) Ba\u015f katibi Kuban\u0131\u00e7bek Omuraliev \u201cX\u201d sosial \u015f\u0259b\u0259k\u0259 hesab\u0131nda yaz\u0131b. O, t\u00fcrk d\u00fcnyas\u0131n\u0131n m\u0259d\u0259niyy\u0259t paytaxt\u0131 \u015eu\u015fada ke\u00e7iril\u0259n I T\u00fcrk D\u00fcnyas\u0131 M\u0259d\u0259niyy\u0259t Forumunda i\u015ftirak v\u0259 \u00e7\u0131x\u0131\u015f etm\u0259kd\u0259n m\u0259mnun oldu\u011funu bildirib. &nbsp;<\/p>\n","protected":false},"author":2,"featured_media":645105,"comment_status":"closed","ping_status":"closed","sticky":false,"template":"","format":"standard","meta":{"om_disable_all_campaigns":false,"_monsterinsights_skip_tracking":false,"_monsterinsights_sitenote_active":false,"_monsterinsights_sitenote_note":"","_monsterinsights_sitenote_category":0},"categories":[4],"tags":[],"aioseo_notices":[],"gutentor_comment":0,"rttpg_featured_image_url":{"full":["https:\/\/arantv.az\/wp-content\/uploads\/2023\/10\/0f5016e9-52d8-38a6-ad3c-59994f870970_850.jpg",620,413,false],"landscape":["https:\/\/arantv.az\/wp-content\/uploads\/2023\/10\/0f5016e9-52d8-38a6-ad3c-59994f870970_850.jpg",620,413,false],"portraits":["https:\/\/arantv.az\/wp-content\/uploads\/2023\/10\/0f5016e9-52d8-38a6-ad3c-59994f870970_850.jpg",620,413,false],"thumbnail":["https:\/\/arantv.az\/wp-content\/uploads\/2023\/10\/0f5016e9-52d8-38a6-ad3c-59994f870970_850-500x280.jpg",500,280,true],"medium":["https:\/\/arantv.az\/wp-content\/uploads\/2023\/10\/0f5016e9-52d8-38a6-ad3c-59994f870970_850-548x365.jpg",548,365,true],"large":["https:\/\/arantv.az\/wp-content\/uploads\/2023\/10\/0f5016e9-52d8-38a6-ad3c-59994f870970_850.jpg",620,413,false],"1536x1536":["https:\/\/arantv.az\/wp-content\/uploads\/2023\/10\/0f5016e9-52d8-38a6-ad3c-59994f870970_850.jpg",620,413,false],"2048x2048":["https:\/\/arantv.az\/wp-content\/uploads\/2023\/10\/0f5016e9-52d8-38a6-ad3c-59994f870970_850.jpg",620,413,false],"post-thumbnail":["https:\/\/arantv.az\/wp-content\/uploads\/2023\/10\/0f5016e9-52d8-38a6-ad3c-59994f870970_850-240x172.jpg",240,172,true],"advps-thumb-one":["https:\/\/arantv.az\/wp-content\/uploads\/2023\/10\/0f5016e9-52d8-38a6-ad3c-59994f870970_850.jpg",620,413,false]},"rttpg_author":{"display_name":"V\u00fcsal Rafiqo\u011flu","author_link":"https:\/\/arantv.az\/?author=2"},"rttpg_comment":0,"rttpg_category":"<a href=\"https:\/\/arantv.az\/?cat=4\" rel=\"category\">Siyas\u0259t<\/a>","rttpg_excerpt":"\u201cT\u00fcrk d\u00f6vl\u0259tl\u0259ri aras\u0131nda d\u0259rin m\u0259d\u0259ni v\u0259 tarixi \u0259laq\u0259l\u0259ri qavrayaraq davaml\u0131 s\u0259yl\u0259rimizl\u0259 bu \u0259laq\u0259l\u0259ri g\u00fccl\u0259ndirm\u0259y\u0259 sadiqik\u201d. Bunu T\u00fcrk D\u00f6vl\u0259tl\u0259ri T\u0259\u015fkilat\u0131n\u0131n (TDT) Ba\u015f katibi Kuban\u0131\u00e7bek Omuraliev \u201cX\u201d sosial \u015f\u0259b\u0259k\u0259 hesab\u0131nda yaz\u0131b. O, t\u00fcrk d\u00fcnyas\u0131n\u0131n m\u0259d\u0259niyy\u0259t paytaxt\u0131 \u015eu\u015fada ke\u00e7iril\u0259n I T\u00fcrk D\u00fcnyas\u0131 M\u0259d\u0259niyy\u0259t Forumunda i\u015ftirak v\u0259 \u00e7\u0131x\u0131\u015f etm\u0259kd\u0259n m\u0259mnun oldu\u011funu bildirib. &nbsp;","_links":{"self":[{"href":"https:\/\/arantv.az\/index.php?rest_route=\/wp\/v2\/posts\/645102"}],"collection":[{"href":"https:\/\/arantv.az\/index.php?rest_route=\/wp\/v2\/posts"}],"about":[{"href":"https:\/\/arantv.az\/index.php?rest_route=\/wp\/v2\/types\/post"}],"author":[{"embeddable":true,"href":"https:\/\/arantv.az\/index.php?rest_route=\/wp\/v2\/users\/2"}],"replies":[{"embeddable":true,"href":"https:\/\/arantv.az\/index.php?rest_route=%2Fwp%2Fv2%2Fcomments&post=645102"}],"version-history":[{"count":0,"href":"https:\/\/arantv.az\/index.php?rest_route=\/wp\/v2\/posts\/645102\/revisions"}],"wp:featuredmedia":[{"embeddable":true,"href":"https:\/\/arantv.az\/index.php?rest_route=\/wp\/v2\/media\/645105"}],"wp:attachment":[{"href":"https:\/\/arantv.az\/index.php?rest_route=%2Fwp%2Fv2%2Fmedia&parent=645102"}],"wp:term":[{"taxonomy":"category","embeddable":true,"href":"https:\/\/arantv.az\/index.php?rest_route=%2Fwp%2Fv2%2Fcategories&post=645102"},{"taxonomy":"post_tag","embeddable":true,"href":"https:\/\/arantv.az\/index.php?rest_route=%2Fwp%2Fv2%2Ftags&post=645102"}],"curies":[{"name":"wp","href":"https:\/\/api.w.org\/{rel}","templated":true}]}}