{"id":645106,"date":"2023-10-13T19:42:54","date_gmt":"2023-10-13T15:42:54","guid":{"rendered":"https:\/\/arantv.az\/?p=645106"},"modified":"2023-10-13T19:42:54","modified_gmt":"2023-10-13T15:42:54","slug":"zahidanda-etiraz-yurusu-kecirilib-video","status":"publish","type":"post","link":"https:\/\/arantv.az\/?p=645106","title":{"rendered":"Zahidanda etiraz y\u00fcr\u00fc\u015f\u00fc ke\u00e7irilib &#8211; V\u0130DEO"},"content":{"rendered":"<p>H\u0259r c\u00fcm\u0259 g\u00fcn\u00fc oldu\u011fu kimi, bu g\u00fcn d\u0259 Zahidan b\u00f6lg\u0259sinin etnik b\u0259luc\u00a0\u0259halisi \u015f\u0259h\u0259rd\u0259 g\u00fccl\u00fc t\u0259hl\u00fck\u0259sizlik q\u00fcvv\u0259l\u0259rinin olmas\u0131na baxmayaraq, c\u00fcm\u0259 namaz\u0131ndan sonra k\u00fc\u00e7\u0259l\u0259r\u0259 \u00e7\u0131xaraq aksiya ke\u00e7iribl\u0259r.<\/p>\n<p>Bu bar\u0259d\u0259 \u201cAzad \u0130ran\u201d \u201cTelegram\u201d kanal\u0131 x\u0259b\u0259r verib.<\/p>\n<p>M\u0259lumata g\u00f6r\u0259, onlar aksiya zaman\u0131 \u201c\u015e\u0259hid qarda\u015f\u0131m, qan\u0131n\u0131 geri alaca\u011fam!\u201d, \u201c\u015e\u0259hid Yasir kimi \u00f6lm\u0259y\u0259 haz\u0131ram!\u201d, \u201c\u015e\u0259r\u0259fsiz, \u015f\u0259r\u0259fsiz!\u201d, \u201cXameneiy\u0259 \u00f6l\u00fcm olsun!\u201d kimi anti-h\u00f6kum\u0259t \u015f\u00fcarlar\u0131 s\u0259sl\u0259ndiribl\u0259r.<\/p>\n<div><iframe loading=\"lazy\" id=\"telegram-post-AzadIranTelegram-27363\" src=\"https:\/\/t.me\/AzadIranTelegram\/27363?embed=1\" width=\"100%\" height=\"\" frameborder=\"0\" scrolling=\"no\" data-mce-fragment=\"1\"><\/iframe><\/div>\n<p>&nbsp;<\/p>\n","protected":false},"excerpt":{"rendered":"<p>H\u0259r c\u00fcm\u0259 g\u00fcn\u00fc oldu\u011fu kimi, bu g\u00fcn d\u0259 Zahidan b\u00f6lg\u0259sinin etnik b\u0259luc\u00a0\u0259halisi \u015f\u0259h\u0259rd\u0259 g\u00fccl\u00fc t\u0259hl\u00fck\u0259sizlik q\u00fcvv\u0259l\u0259rinin olmas\u0131na baxmayaraq, c\u00fcm\u0259 namaz\u0131ndan sonra k\u00fc\u00e7\u0259l\u0259r\u0259 \u00e7\u0131xaraq aksiya ke\u00e7iribl\u0259r. Bu bar\u0259d\u0259 \u201cAzad \u0130ran\u201d \u201cTelegram\u201d kanal\u0131 x\u0259b\u0259r verib. M\u0259lumata g\u00f6r\u0259, onlar aksiya zaman\u0131 \u201c\u015e\u0259hid qarda\u015f\u0131m, qan\u0131n\u0131 geri alaca\u011fam!\u201d, \u201c\u015e\u0259hid Yasir kimi \u00f6lm\u0259y\u0259 haz\u0131ram!\u201d, \u201c\u015e\u0259r\u0259fsiz, \u015f\u0259r\u0259fsiz!\u201d, \u201cXameneiy\u0259 \u00f6l\u00fcm olsun!\u201d kimi anti-h\u00f6kum\u0259t \u015f\u00fcarlar\u0131 s\u0259sl\u0259ndiribl\u0259r. &nbsp;<\/p>\n","protected":false},"author":2,"featured_media":645108,"comment_status":"closed","ping_status":"closed","sticky":false,"template":"","format":"standard","meta":{"om_disable_all_campaigns":false,"_monsterinsights_skip_tracking":false,"_monsterinsights_sitenote_active":false,"_monsterinsights_sitenote_note":"","_monsterinsights_sitenote_category":0},"categories":[7],"tags":[],"aioseo_notices":[],"gutentor_comment":0,"rttpg_featured_image_url":{"full":["https:\/\/arantv.az\/wp-content\/uploads\/2023\/10\/FotoJet-2023-10-13T171212.920.jpg",620,413,false],"landscape":["https:\/\/arantv.az\/wp-content\/uploads\/2023\/10\/FotoJet-2023-10-13T171212.920.jpg",620,413,false],"portraits":["https:\/\/arantv.az\/wp-content\/uploads\/2023\/10\/FotoJet-2023-10-13T171212.920.jpg",620,413,false],"thumbnail":["https:\/\/arantv.az\/wp-content\/uploads\/2023\/10\/FotoJet-2023-10-13T171212.920-500x280.jpg",500,280,true],"medium":["https:\/\/arantv.az\/wp-content\/uploads\/2023\/10\/FotoJet-2023-10-13T171212.920-548x365.jpg",548,365,true],"large":["https:\/\/arantv.az\/wp-content\/uploads\/2023\/10\/FotoJet-2023-10-13T171212.920.jpg",620,413,false],"1536x1536":["https:\/\/arantv.az\/wp-content\/uploads\/2023\/10\/FotoJet-2023-10-13T171212.920.jpg",620,413,false],"2048x2048":["https:\/\/arantv.az\/wp-content\/uploads\/2023\/10\/FotoJet-2023-10-13T171212.920.jpg",620,413,false],"post-thumbnail":["https:\/\/arantv.az\/wp-content\/uploads\/2023\/10\/FotoJet-2023-10-13T171212.920-240x172.jpg",240,172,true],"advps-thumb-one":["https:\/\/arantv.az\/wp-content\/uploads\/2023\/10\/FotoJet-2023-10-13T171212.920.jpg",620,413,false]},"rttpg_author":{"display_name":"V\u00fcsal Rafiqo\u011flu","author_link":"https:\/\/arantv.az\/?author=2"},"rttpg_comment":0,"rttpg_category":"<a href=\"https:\/\/arantv.az\/?cat=7\" rel=\"category\">D\u00fcnya<\/a>","rttpg_excerpt":"H\u0259r c\u00fcm\u0259 g\u00fcn\u00fc oldu\u011fu kimi, bu g\u00fcn d\u0259 Zahidan b\u00f6lg\u0259sinin etnik b\u0259luc\u00a0\u0259halisi \u015f\u0259h\u0259rd\u0259 g\u00fccl\u00fc t\u0259hl\u00fck\u0259sizlik q\u00fcvv\u0259l\u0259rinin olmas\u0131na baxmayaraq, c\u00fcm\u0259 namaz\u0131ndan sonra k\u00fc\u00e7\u0259l\u0259r\u0259 \u00e7\u0131xaraq aksiya ke\u00e7iribl\u0259r. Bu bar\u0259d\u0259 \u201cAzad \u0130ran\u201d \u201cTelegram\u201d kanal\u0131 x\u0259b\u0259r verib. M\u0259lumata g\u00f6r\u0259, onlar aksiya zaman\u0131 \u201c\u015e\u0259hid qarda\u015f\u0131m, qan\u0131n\u0131 geri alaca\u011fam!\u201d, \u201c\u015e\u0259hid Yasir kimi \u00f6lm\u0259y\u0259 haz\u0131ram!\u201d, \u201c\u015e\u0259r\u0259fsiz, \u015f\u0259r\u0259fsiz!\u201d, \u201cXameneiy\u0259 \u00f6l\u00fcm olsun!\u201d kimi anti-h\u00f6kum\u0259t&hellip;","_links":{"self":[{"href":"https:\/\/arantv.az\/index.php?rest_route=\/wp\/v2\/posts\/645106"}],"collection":[{"href":"https:\/\/arantv.az\/index.php?rest_route=\/wp\/v2\/posts"}],"about":[{"href":"https:\/\/arantv.az\/index.php?rest_route=\/wp\/v2\/types\/post"}],"author":[{"embeddable":true,"href":"https:\/\/arantv.az\/index.php?rest_route=\/wp\/v2\/users\/2"}],"replies":[{"embeddable":true,"href":"https:\/\/arantv.az\/index.php?rest_route=%2Fwp%2Fv2%2Fcomments&post=645106"}],"version-history":[{"count":0,"href":"https:\/\/arantv.az\/index.php?rest_route=\/wp\/v2\/posts\/645106\/revisions"}],"wp:featuredmedia":[{"embeddable":true,"href":"https:\/\/arantv.az\/index.php?rest_route=\/wp\/v2\/media\/645108"}],"wp:attachment":[{"href":"https:\/\/arantv.az\/index.php?rest_route=%2Fwp%2Fv2%2Fmedia&parent=645106"}],"wp:term":[{"taxonomy":"category","embeddable":true,"href":"https:\/\/arantv.az\/index.php?rest_route=%2Fwp%2Fv2%2Fcategories&post=645106"},{"taxonomy":"post_tag","embeddable":true,"href":"https:\/\/arantv.az\/index.php?rest_route=%2Fwp%2Fv2%2Ftags&post=645106"}],"curies":[{"name":"wp","href":"https:\/\/api.w.org\/{rel}","templated":true}]}}