{"id":645109,"date":"2023-10-13T19:45:07","date_gmt":"2023-10-13T15:45:07","guid":{"rendered":"https:\/\/arantv.az\/?p=645109"},"modified":"2023-10-13T19:45:07","modified_gmt":"2023-10-13T15:45:07","slug":"az%c9%99rbaycan-numay%c9%99nd%c9%99-hey%c9%99ti-gurcustanda-keciril%c9%99n-beyn%c9%99lxalq-konfransda-istirak-edib-foto","status":"publish","type":"post","link":"https:\/\/arantv.az\/?p=645109","title":{"rendered":"Az\u0259rbaycan n\u00fcmay\u0259nd\u0259 hey\u0259ti G\u00fcrc\u00fcstanda ke\u00e7iril\u0259n beyn\u0259lxalq konfransda i\u015ftirak edib &#8211; FOTO"},"content":{"rendered":"<p>Az\u0259rbaycan n\u00fcmay\u0259nd\u0259 hey\u0259ti G\u00fcrc\u00fcstan\u0131n paytaxt\u0131 Tbilisid\u0259 \u201cCinay\u0259t m\u0259s\u0259l\u0259l\u0259rind\u0259 b\u0259rpaedici \u0259dliyy\u0259nin rolu\u201d m\u00f6vzusunda ke\u00e7iril\u0259n beyn\u0259lxalq konfransda i\u015ftirak edib.<\/p>\n<p>\u201cReport\u201dun yerli b\u00fcrosunun x\u0259b\u0259rin\u0259 g\u00f6r\u0259, t\u0259dbir\u0259 \u018fdliyy\u0259 Nazirliyinin, Ali M\u0259hk\u0259m\u0259nin, Ba\u015f Prokurorlu\u011fun, UNICEF-in Az\u0259rbaycan n\u00fcmay\u0259nd\u0259liyinin \u0259m\u0259kda\u015flar\u0131 qat\u0131l\u0131blar.<\/p>\n<p>N\u00fcmay\u0259nd\u0259 hey\u0259tinin \u00fczvl\u0259ri toplant\u0131 i\u015ftirak\u00e7\u0131lar\u0131na Az\u0259rbaycanda u\u015faq h\u00fcquqlar\u0131n\u0131n, cinay\u0259t v\u0259 inzibati x\u0259ta t\u00f6r\u0259tmi\u015f u\u015faqlar\u0131n m\u0259suliyy\u0259t\u0259 c\u0259lb olunmas\u0131, i\u015fl\u0259rin ara\u015fd\u0131r\u0131lmas\u0131, istintaq v\u0259 m\u0259hk\u0259m\u0259 zaman\u0131 onlar\u0131n h\u00fcquqlar\u0131n\u0131n qorunmas\u0131, c\u0259zas\u0131n\u0131 \u00e7\u0259kdikd\u0259n sonra azadl\u0131\u011fa \u00e7\u0131xanlar\u0131n adaptasiyas\u0131 v\u0259 c\u0259miyy\u0259t\u0259 inteqrasiyas\u0131 istiqam\u0259tind\u0259 h\u0259yata ke\u00e7iril\u0259n layih\u0259l\u0259r bar\u0259d\u0259 m\u0259lumat veribl\u0259r.<\/p>\n<p>Konfransda Avropa \u00f6lk\u0259l\u0259rinin v\u0259 G\u00fcrc\u00fcstan\u0131n bu sah\u0259d\u0259ki t\u0259cr\u00fcb\u0259si il\u0259 ba\u011fl\u0131 m\u0259lumatlar da i\u015ftirak\u00e7\u0131lar\u0131n diqq\u0259tin\u0259 \u00e7atd\u0131r\u0131l\u0131b.<\/p>\n<p>&nbsp;<\/p>\n<div class=\"gallery\">\n<div class=\"gallery-i\"><img src=\"https:\/\/cdn.oxu.az\/uploads\/W1siZiIsIjIwMjMvMTAvMTMvMTgvMjcvMjAvYzFlOTA1YzUtMjUxOS00YjYxLWIyYWYtMDQxZDQ5MzllNThiLzVlZDZmMWVjLWMyNTgtMzBjNC1hYjYyLTM5NmY0MWVjNWY3Ny5qcGVnIl0sWyJwIiwiZW5jb2RlIiwianBnIiwiLXF1YWxpdHkgODAiXSxbInAiLCJ0aHVtYiIsIjU5MHg1OTBcdTAwM2UiXV0?sha=7acc4b03ac1d0526\" alt=\"\" \/><\/p>\n<div class=\"gallery-i-caption\"><\/div>\n<\/div>\n<div class=\"gallery-i\"><img src=\"https:\/\/cdn.oxu.az\/uploads\/W1siZiIsIjIwMjMvMTAvMTMvMTgvMjcvMjAvZmEyZDY4NjAtYTIwOS00NjE1LTk5MjEtYjA5OTA4ODY4M2NkLzUyZWI3MmJkLTM5MjYtM2Y2ZS1hYTM5LTM1MGQ2ZmU3ODlmZC5qcGVnIl0sWyJwIiwiZW5jb2RlIiwianBnIiwiLXF1YWxpdHkgODAiXSxbInAiLCJ0aHVtYiIsIjU5MHg1OTBcdTAwM2UiXV0?sha=a5073cf2a35fd7da\" alt=\"\" \/><\/div>\n<\/div>\n","protected":false},"excerpt":{"rendered":"<p>Az\u0259rbaycan n\u00fcmay\u0259nd\u0259 hey\u0259ti G\u00fcrc\u00fcstan\u0131n paytaxt\u0131 Tbilisid\u0259 \u201cCinay\u0259t m\u0259s\u0259l\u0259l\u0259rind\u0259 b\u0259rpaedici \u0259dliyy\u0259nin rolu\u201d m\u00f6vzusunda ke\u00e7iril\u0259n beyn\u0259lxalq konfransda i\u015ftirak edib. \u201cReport\u201dun yerli b\u00fcrosunun x\u0259b\u0259rin\u0259 g\u00f6r\u0259, t\u0259dbir\u0259 \u018fdliyy\u0259 Nazirliyinin, Ali M\u0259hk\u0259m\u0259nin, Ba\u015f Prokurorlu\u011fun, UNICEF-in Az\u0259rbaycan n\u00fcmay\u0259nd\u0259liyinin \u0259m\u0259kda\u015flar\u0131 qat\u0131l\u0131blar. N\u00fcmay\u0259nd\u0259 hey\u0259tinin \u00fczvl\u0259ri toplant\u0131 i\u015ftirak\u00e7\u0131lar\u0131na Az\u0259rbaycanda u\u015faq h\u00fcquqlar\u0131n\u0131n, cinay\u0259t v\u0259 inzibati x\u0259ta t\u00f6r\u0259tmi\u015f u\u015faqlar\u0131n m\u0259suliyy\u0259t\u0259 c\u0259lb olunmas\u0131, i\u015fl\u0259rin ara\u015fd\u0131r\u0131lmas\u0131, istintaq v\u0259 m\u0259hk\u0259m\u0259 zaman\u0131 onlar\u0131n h\u00fcquqlar\u0131n\u0131n qorunmas\u0131, c\u0259zas\u0131n\u0131 \u00e7\u0259kdikd\u0259n sonra azadl\u0131\u011fa \u00e7\u0131xanlar\u0131n adaptasiyas\u0131 v\u0259 c\u0259miyy\u0259t\u0259 inteqrasiyas\u0131 istiqam\u0259tind\u0259 h\u0259yata ke\u00e7iril\u0259n layih\u0259l\u0259r bar\u0259d\u0259 m\u0259lumat veribl\u0259r. Konfransda Avropa \u00f6lk\u0259l\u0259rinin v\u0259 G\u00fcrc\u00fcstan\u0131n bu sah\u0259d\u0259ki t\u0259cr\u00fcb\u0259si il\u0259 ba\u011fl\u0131 m\u0259lumatlar da i\u015ftirak\u00e7\u0131lar\u0131n diqq\u0259tin\u0259&hellip;<\/p>\n","protected":false},"author":2,"featured_media":645112,"comment_status":"closed","ping_status":"closed","sticky":false,"template":"","format":"standard","meta":{"om_disable_all_campaigns":false,"_monsterinsights_skip_tracking":false,"_monsterinsights_sitenote_active":false,"_monsterinsights_sitenote_note":"","_monsterinsights_sitenote_category":0},"categories":[4],"tags":[],"aioseo_notices":[],"gutentor_comment":0,"rttpg_featured_image_url":{"full":["https:\/\/arantv.az\/wp-content\/uploads\/2023\/10\/11c29289-a04b-38a7-af34-29df4c26ce59_850.jpg",620,413,false],"landscape":["https:\/\/arantv.az\/wp-content\/uploads\/2023\/10\/11c29289-a04b-38a7-af34-29df4c26ce59_850.jpg",620,413,false],"portraits":["https:\/\/arantv.az\/wp-content\/uploads\/2023\/10\/11c29289-a04b-38a7-af34-29df4c26ce59_850.jpg",620,413,false],"thumbnail":["https:\/\/arantv.az\/wp-content\/uploads\/2023\/10\/11c29289-a04b-38a7-af34-29df4c26ce59_850-500x280.jpg",500,280,true],"medium":["https:\/\/arantv.az\/wp-content\/uploads\/2023\/10\/11c29289-a04b-38a7-af34-29df4c26ce59_850-548x365.jpg",548,365,true],"large":["https:\/\/arantv.az\/wp-content\/uploads\/2023\/10\/11c29289-a04b-38a7-af34-29df4c26ce59_850.jpg",620,413,false],"1536x1536":["https:\/\/arantv.az\/wp-content\/uploads\/2023\/10\/11c29289-a04b-38a7-af34-29df4c26ce59_850.jpg",620,413,false],"2048x2048":["https:\/\/arantv.az\/wp-content\/uploads\/2023\/10\/11c29289-a04b-38a7-af34-29df4c26ce59_850.jpg",620,413,false],"post-thumbnail":["https:\/\/arantv.az\/wp-content\/uploads\/2023\/10\/11c29289-a04b-38a7-af34-29df4c26ce59_850-240x172.jpg",240,172,true],"advps-thumb-one":["https:\/\/arantv.az\/wp-content\/uploads\/2023\/10\/11c29289-a04b-38a7-af34-29df4c26ce59_850.jpg",620,413,false]},"rttpg_author":{"display_name":"V\u00fcsal Rafiqo\u011flu","author_link":"https:\/\/arantv.az\/?author=2"},"rttpg_comment":0,"rttpg_category":"<a href=\"https:\/\/arantv.az\/?cat=4\" rel=\"category\">Siyas\u0259t<\/a>","rttpg_excerpt":"Az\u0259rbaycan n\u00fcmay\u0259nd\u0259 hey\u0259ti G\u00fcrc\u00fcstan\u0131n paytaxt\u0131 Tbilisid\u0259 \u201cCinay\u0259t m\u0259s\u0259l\u0259l\u0259rind\u0259 b\u0259rpaedici \u0259dliyy\u0259nin rolu\u201d m\u00f6vzusunda ke\u00e7iril\u0259n beyn\u0259lxalq konfransda i\u015ftirak edib. \u201cReport\u201dun yerli b\u00fcrosunun x\u0259b\u0259rin\u0259 g\u00f6r\u0259, t\u0259dbir\u0259 \u018fdliyy\u0259 Nazirliyinin, Ali M\u0259hk\u0259m\u0259nin, Ba\u015f Prokurorlu\u011fun, UNICEF-in Az\u0259rbaycan n\u00fcmay\u0259nd\u0259liyinin \u0259m\u0259kda\u015flar\u0131 qat\u0131l\u0131blar. N\u00fcmay\u0259nd\u0259 hey\u0259tinin \u00fczvl\u0259ri toplant\u0131 i\u015ftirak\u00e7\u0131lar\u0131na Az\u0259rbaycanda u\u015faq h\u00fcquqlar\u0131n\u0131n, cinay\u0259t v\u0259 inzibati x\u0259ta t\u00f6r\u0259tmi\u015f u\u015faqlar\u0131n m\u0259suliyy\u0259t\u0259 c\u0259lb olunmas\u0131, i\u015fl\u0259rin ara\u015fd\u0131r\u0131lmas\u0131, istintaq v\u0259&hellip;","_links":{"self":[{"href":"https:\/\/arantv.az\/index.php?rest_route=\/wp\/v2\/posts\/645109"}],"collection":[{"href":"https:\/\/arantv.az\/index.php?rest_route=\/wp\/v2\/posts"}],"about":[{"href":"https:\/\/arantv.az\/index.php?rest_route=\/wp\/v2\/types\/post"}],"author":[{"embeddable":true,"href":"https:\/\/arantv.az\/index.php?rest_route=\/wp\/v2\/users\/2"}],"replies":[{"embeddable":true,"href":"https:\/\/arantv.az\/index.php?rest_route=%2Fwp%2Fv2%2Fcomments&post=645109"}],"version-history":[{"count":0,"href":"https:\/\/arantv.az\/index.php?rest_route=\/wp\/v2\/posts\/645109\/revisions"}],"wp:featuredmedia":[{"embeddable":true,"href":"https:\/\/arantv.az\/index.php?rest_route=\/wp\/v2\/media\/645112"}],"wp:attachment":[{"href":"https:\/\/arantv.az\/index.php?rest_route=%2Fwp%2Fv2%2Fmedia&parent=645109"}],"wp:term":[{"taxonomy":"category","embeddable":true,"href":"https:\/\/arantv.az\/index.php?rest_route=%2Fwp%2Fv2%2Fcategories&post=645109"},{"taxonomy":"post_tag","embeddable":true,"href":"https:\/\/arantv.az\/index.php?rest_route=%2Fwp%2Fv2%2Ftags&post=645109"}],"curies":[{"name":"wp","href":"https:\/\/api.w.org\/{rel}","templated":true}]}}