{"id":645111,"date":"2023-10-13T19:45:12","date_gmt":"2023-10-13T15:45:12","guid":{"rendered":"https:\/\/arantv.az\/?p=645111"},"modified":"2023-10-13T19:45:12","modified_gmt":"2023-10-13T15:45:12","slug":"informasiya-v%c9%99-dovl%c9%99t-kommunikasiyasi-sah%c9%99sind%c9%99-az%c9%99rbaycan-turkiy%c9%99-%c9%99m%c9%99kdasligi-muzakir%c9%99-olunub-foto","status":"publish","type":"post","link":"https:\/\/arantv.az\/?p=645111","title":{"rendered":"\u0130nformasiya v\u0259 d\u00f6vl\u0259t kommunikasiyas\u0131 sah\u0259sind\u0259 Az\u0259rbaycan-T\u00fcrkiy\u0259 \u0259m\u0259kda\u015fl\u0131\u011f\u0131 m\u00fczakir\u0259 olunub &#8211; FOTO"},"content":{"rendered":"<p>Az\u0259rbaycan Respublikas\u0131nda d\u00f6vl\u0259t kommunikasiyas\u0131n\u0131n t\u0259kmill\u0259\u015fdirilm\u0259si v\u0259 bu sah\u0259d\u0259 t\u0259cr\u00fcb\u0259 m\u00fcbadil\u0259si m\u0259qs\u0259dil\u0259 30 d\u00f6vl\u0259t qurumunun ictimaiyy\u0259tl\u0259 \u0259laq\u0259l\u0259r sah\u0259sin\u0259 m\u0259sul \u0259m\u0259kda\u015flar\u0131ndan ibar\u0259t n\u00fcmay\u0259nd\u0259 hey\u0259tinin T\u00fcrkiy\u0259 Respublikas\u0131na s\u0259f\u0259ri davam edir.<\/p>\n<p>\u201cReport\u201d\u00a0x\u0259b\u0259r verir ki,\u00a0Az\u0259rbaycan n\u00fcmay\u0259nd\u0259 hey\u0259ti T\u00fcrkiy\u0259nin Milli M\u00fcdafi\u0259 Nazirliyind\u0259, M\u0259d\u0259niyy\u0259t v\u0259 Turizm Nazirliyind\u0259,\u00a0Anadolu Agentliyind\u0259 g\u00f6r\u00fc\u015fl\u0259r ke\u00e7irib.<\/p>\n<p>G\u00f6r\u00fc\u015fl\u0259r zaman\u0131 T\u00fcrkiy\u0259 Milli M\u00fcdafi\u0259 Nazirliyinin media v\u0259 d\u00f6vl\u0259t kommunikasiyas\u0131 il\u0259 yana\u015f\u0131, strateji kommunikasiya mexanizmi, M\u0259d\u0259niyy\u0259t v\u0259 Turizm Nazirliyinin PR strategiyas\u0131, \u00f6lk\u0259 tan\u0131t\u0131m\u0131 v\u0259 turizmin potensial\u0131n\u0131n t\u0259\u015fviqi, Anadolu Agentliyinin \u00f6lk\u0259daxili, regionda v\u0259 qlobal miqyasda f\u0259aliyy\u0259ti, m\u00fcasir d\u00f6vrd\u0259 jurnalistika v\u0259 media il\u0259 i\u015f m\u00f6vzusunda t\u0259qdimatlar edilib v\u0259 t\u0259cr\u00fcb\u0259 m\u00fcbadil\u0259si apar\u0131l\u0131b. Az\u0259rbaycan il\u0259 T\u00fcrkiy\u0259 aras\u0131nda informasiya v\u0259 d\u00f6vl\u0259t kommunikasiyas\u0131 sah\u0259sind\u0259 birg\u0259 \u0259m\u0259kda\u015fl\u0131q m\u0259s\u0259l\u0259l\u0259ri m\u00fczakir\u0259 edilib.<\/p>\n<p>&nbsp;<\/p>\n<div class=\"gallery\">\n<div class=\"gallery-i\"><img src=\"https:\/\/cdn.oxu.az\/uploads\/W1siZiIsIjIwMjMvMTAvMTMvMTgvMDkvNTkvZTgyM2FhNGQtNDM1ZC00OTRiLWJjMzktMjFmOWYzNWFlOWJmLzFlOWIyN2FiLWE3YTYtMzY1Ni1iODg4LTBkODY0MTczYzlhOC5qcGVnIl0sWyJwIiwiZW5jb2RlIiwianBnIiwiLXF1YWxpdHkgODAiXSxbInAiLCJ0aHVtYiIsIjU5MHg1OTBcdTAwM2UiXV0?sha=d2f40a7e0ba38725\" alt=\"\" \/><\/p>\n<div class=\"gallery-i-caption\"><\/div>\n<\/div>\n<div class=\"gallery-i\"><img src=\"https:\/\/cdn.oxu.az\/uploads\/W1siZiIsIjIwMjMvMTAvMTMvMTgvMDkvNTkvOWQ2ZjgwNmQtYmFkZS00ZjQ0LTliZTgtYzVjOTBlOTBjNWY2LzNmNjViYjkwLWRiMjEtM2IwMC1iYWE1LWJiYWFiMzNmMGExNy5qcGVnIl0sWyJwIiwiZW5jb2RlIiwianBnIiwiLXF1YWxpdHkgODAiXSxbInAiLCJ0aHVtYiIsIjU5MHg1OTBcdTAwM2UiXV0?sha=f0d8426830efc77b\" alt=\"\" \/><\/p>\n<div class=\"gallery-i-caption\"><\/div>\n<\/div>\n<div class=\"gallery-i\"><img src=\"https:\/\/cdn.oxu.az\/uploads\/W1siZiIsIjIwMjMvMTAvMTMvMTgvMDkvNTkvYWYwMjkzN2EtYjY3NS00MzQ3LTlmMWQtOTZhMDBiMDQ0NjNiLzI5YTMxNzg2LTZmZTYtM2M3Ni04MGNjLTY1NDlhMzk3OTAyZi5qcGVnIl0sWyJwIiwiZW5jb2RlIiwianBnIiwiLXF1YWxpdHkgODAiXSxbInAiLCJ0aHVtYiIsIjU5MHg1OTBcdTAwM2UiXV0?sha=baad7ee095701bbd\" alt=\"\" \/><\/p>\n<div class=\"gallery-i-caption\"><\/div>\n<\/div>\n<div class=\"gallery-i\"><img src=\"https:\/\/cdn.oxu.az\/uploads\/W1siZiIsIjIwMjMvMTAvMTMvMTgvMDkvNTkvODg1ZjJlMjMtZDExNC00NGRiLWFjNWYtZjJlYjZjZTdkMDgxL2ViODA5NGIzLTRjOWItMzliOS1hYTIwLWY5ZGZkMjM4OGQxYi5qcGVnIl0sWyJwIiwiZW5jb2RlIiwianBnIiwiLXF1YWxpdHkgODAiXSxbInAiLCJ0aHVtYiIsIjU5MHg1OTBcdTAwM2UiXV0?sha=4656eaa89154b5f1\" alt=\"\" \/><\/div>\n<\/div>\n","protected":false},"excerpt":{"rendered":"<p>Az\u0259rbaycan Respublikas\u0131nda d\u00f6vl\u0259t kommunikasiyas\u0131n\u0131n t\u0259kmill\u0259\u015fdirilm\u0259si v\u0259 bu sah\u0259d\u0259 t\u0259cr\u00fcb\u0259 m\u00fcbadil\u0259si m\u0259qs\u0259dil\u0259 30 d\u00f6vl\u0259t qurumunun ictimaiyy\u0259tl\u0259 \u0259laq\u0259l\u0259r sah\u0259sin\u0259 m\u0259sul \u0259m\u0259kda\u015flar\u0131ndan ibar\u0259t n\u00fcmay\u0259nd\u0259 hey\u0259tinin T\u00fcrkiy\u0259 Respublikas\u0131na s\u0259f\u0259ri davam edir. \u201cReport\u201d\u00a0x\u0259b\u0259r verir ki,\u00a0Az\u0259rbaycan n\u00fcmay\u0259nd\u0259 hey\u0259ti T\u00fcrkiy\u0259nin Milli M\u00fcdafi\u0259 Nazirliyind\u0259, M\u0259d\u0259niyy\u0259t v\u0259 Turizm Nazirliyind\u0259,\u00a0Anadolu Agentliyind\u0259 g\u00f6r\u00fc\u015fl\u0259r ke\u00e7irib. G\u00f6r\u00fc\u015fl\u0259r zaman\u0131 T\u00fcrkiy\u0259 Milli M\u00fcdafi\u0259 Nazirliyinin media v\u0259 d\u00f6vl\u0259t kommunikasiyas\u0131 il\u0259 yana\u015f\u0131, strateji kommunikasiya mexanizmi, M\u0259d\u0259niyy\u0259t v\u0259 Turizm Nazirliyinin PR strategiyas\u0131, \u00f6lk\u0259 tan\u0131t\u0131m\u0131 v\u0259 turizmin potensial\u0131n\u0131n t\u0259\u015fviqi, Anadolu Agentliyinin \u00f6lk\u0259daxili, regionda v\u0259 qlobal miqyasda f\u0259aliyy\u0259ti, m\u00fcasir d\u00f6vrd\u0259 jurnalistika v\u0259 media il\u0259 i\u015f m\u00f6vzusunda t\u0259qdimatlar edilib v\u0259 t\u0259cr\u00fcb\u0259&hellip;<\/p>\n","protected":false},"author":2,"featured_media":645113,"comment_status":"closed","ping_status":"closed","sticky":false,"template":"","format":"standard","meta":{"om_disable_all_campaigns":false,"_monsterinsights_skip_tracking":false,"_monsterinsights_sitenote_active":false,"_monsterinsights_sitenote_note":"","_monsterinsights_sitenote_category":0},"categories":[4],"tags":[],"aioseo_notices":[],"gutentor_comment":0,"rttpg_featured_image_url":{"full":["https:\/\/arantv.az\/wp-content\/uploads\/2023\/10\/857c0046-28bc-3d26-a665-9e39b6a2f433_850.jpg",620,413,false],"landscape":["https:\/\/arantv.az\/wp-content\/uploads\/2023\/10\/857c0046-28bc-3d26-a665-9e39b6a2f433_850.jpg",620,413,false],"portraits":["https:\/\/arantv.az\/wp-content\/uploads\/2023\/10\/857c0046-28bc-3d26-a665-9e39b6a2f433_850.jpg",620,413,false],"thumbnail":["https:\/\/arantv.az\/wp-content\/uploads\/2023\/10\/857c0046-28bc-3d26-a665-9e39b6a2f433_850-500x280.jpg",500,280,true],"medium":["https:\/\/arantv.az\/wp-content\/uploads\/2023\/10\/857c0046-28bc-3d26-a665-9e39b6a2f433_850-548x365.jpg",548,365,true],"large":["https:\/\/arantv.az\/wp-content\/uploads\/2023\/10\/857c0046-28bc-3d26-a665-9e39b6a2f433_850.jpg",620,413,false],"1536x1536":["https:\/\/arantv.az\/wp-content\/uploads\/2023\/10\/857c0046-28bc-3d26-a665-9e39b6a2f433_850.jpg",620,413,false],"2048x2048":["https:\/\/arantv.az\/wp-content\/uploads\/2023\/10\/857c0046-28bc-3d26-a665-9e39b6a2f433_850.jpg",620,413,false],"post-thumbnail":["https:\/\/arantv.az\/wp-content\/uploads\/2023\/10\/857c0046-28bc-3d26-a665-9e39b6a2f433_850-240x172.jpg",240,172,true],"advps-thumb-one":["https:\/\/arantv.az\/wp-content\/uploads\/2023\/10\/857c0046-28bc-3d26-a665-9e39b6a2f433_850.jpg",620,413,false]},"rttpg_author":{"display_name":"V\u00fcsal Rafiqo\u011flu","author_link":"https:\/\/arantv.az\/?author=2"},"rttpg_comment":0,"rttpg_category":"<a href=\"https:\/\/arantv.az\/?cat=4\" rel=\"category\">Siyas\u0259t<\/a>","rttpg_excerpt":"Az\u0259rbaycan Respublikas\u0131nda d\u00f6vl\u0259t kommunikasiyas\u0131n\u0131n t\u0259kmill\u0259\u015fdirilm\u0259si v\u0259 bu sah\u0259d\u0259 t\u0259cr\u00fcb\u0259 m\u00fcbadil\u0259si m\u0259qs\u0259dil\u0259 30 d\u00f6vl\u0259t qurumunun ictimaiyy\u0259tl\u0259 \u0259laq\u0259l\u0259r sah\u0259sin\u0259 m\u0259sul \u0259m\u0259kda\u015flar\u0131ndan ibar\u0259t n\u00fcmay\u0259nd\u0259 hey\u0259tinin T\u00fcrkiy\u0259 Respublikas\u0131na s\u0259f\u0259ri davam edir. \u201cReport\u201d\u00a0x\u0259b\u0259r verir ki,\u00a0Az\u0259rbaycan n\u00fcmay\u0259nd\u0259 hey\u0259ti T\u00fcrkiy\u0259nin Milli M\u00fcdafi\u0259 Nazirliyind\u0259, M\u0259d\u0259niyy\u0259t v\u0259 Turizm Nazirliyind\u0259,\u00a0Anadolu Agentliyind\u0259 g\u00f6r\u00fc\u015fl\u0259r ke\u00e7irib. G\u00f6r\u00fc\u015fl\u0259r zaman\u0131 T\u00fcrkiy\u0259 Milli M\u00fcdafi\u0259 Nazirliyinin media v\u0259 d\u00f6vl\u0259t kommunikasiyas\u0131 il\u0259 yana\u015f\u0131,&hellip;","_links":{"self":[{"href":"https:\/\/arantv.az\/index.php?rest_route=\/wp\/v2\/posts\/645111"}],"collection":[{"href":"https:\/\/arantv.az\/index.php?rest_route=\/wp\/v2\/posts"}],"about":[{"href":"https:\/\/arantv.az\/index.php?rest_route=\/wp\/v2\/types\/post"}],"author":[{"embeddable":true,"href":"https:\/\/arantv.az\/index.php?rest_route=\/wp\/v2\/users\/2"}],"replies":[{"embeddable":true,"href":"https:\/\/arantv.az\/index.php?rest_route=%2Fwp%2Fv2%2Fcomments&post=645111"}],"version-history":[{"count":0,"href":"https:\/\/arantv.az\/index.php?rest_route=\/wp\/v2\/posts\/645111\/revisions"}],"wp:featuredmedia":[{"embeddable":true,"href":"https:\/\/arantv.az\/index.php?rest_route=\/wp\/v2\/media\/645113"}],"wp:attachment":[{"href":"https:\/\/arantv.az\/index.php?rest_route=%2Fwp%2Fv2%2Fmedia&parent=645111"}],"wp:term":[{"taxonomy":"category","embeddable":true,"href":"https:\/\/arantv.az\/index.php?rest_route=%2Fwp%2Fv2%2Fcategories&post=645111"},{"taxonomy":"post_tag","embeddable":true,"href":"https:\/\/arantv.az\/index.php?rest_route=%2Fwp%2Fv2%2Ftags&post=645111"}],"curies":[{"name":"wp","href":"https:\/\/api.w.org\/{rel}","templated":true}]}}