{"id":645120,"date":"2023-10-13T19:47:37","date_gmt":"2023-10-13T15:47:37","guid":{"rendered":"https:\/\/arantv.az\/?p=645120"},"modified":"2023-10-13T19:47:37","modified_gmt":"2023-10-13T15:47:37","slug":"milli-m%c9%99clisin-deputatlari-italiyaya-ged%c9%99c%c9%99kl%c9%99r","status":"publish","type":"post","link":"https:\/\/arantv.az\/?p=645120","title":{"rendered":"Milli M\u0259clisin deputatlar\u0131 \u0130taliyaya ged\u0259c\u0259kl\u0259r"},"content":{"rendered":"<p>Milli M\u0259clisin deputatlar\u0131 &#8211; Beyn\u0259lxalq m\u00fcnasib\u0259tl\u0259r v\u0259 parlamentl\u0259raras\u0131 \u0259laq\u0259l\u0259r komit\u0259sinin s\u0259dri S\u0259m\u0259d Seyidov v\u0259 Az\u0259rbaycan-\u0130taliya parlamentl\u0259raras\u0131 \u0259laq\u0259l\u0259r \u00fczr\u0259 i\u015f\u00e7i qrupunun r\u0259hb\u0259ri Az\u0259r K\u0259rimli oktyabr\u0131n 16-da \u0130taliyan\u0131n paytaxt\u0131 Roma \u015f\u0259h\u0259rin\u0259 s\u0259f\u0259r ed\u0259c\u0259kl\u0259r.<\/p>\n<p>Bu bar\u0259d\u0259 Milli M\u0259clisin M\u0259tbuat v\u0259 ictimaiyy\u0259tl\u0259 \u0259laq\u0259l\u0259r \u015f\u00f6b\u0259sind\u0259n bildirilib.<\/p>\n<p>Deputatlar s\u0259f\u0259r \u00e7\u0259r\u00e7iv\u0259sind\u0259 \u0130taliya parlamentind\u0259 ke\u00e7iril\u0259c\u0259k bir s\u0131ra ikit\u0259r\u0259fli g\u00f6r\u00fc\u015fl\u0259rd\u0259 i\u015ftirak ed\u0259c\u0259kl\u0259r.<\/p>\n<p>S\u0259f\u0259r oktyabr\u0131n 20-d\u0259 ba\u015fa \u00e7atacaq.<\/p>\n","protected":false},"excerpt":{"rendered":"<p>Milli M\u0259clisin deputatlar\u0131 &#8211; Beyn\u0259lxalq m\u00fcnasib\u0259tl\u0259r v\u0259 parlamentl\u0259raras\u0131 \u0259laq\u0259l\u0259r komit\u0259sinin s\u0259dri S\u0259m\u0259d Seyidov v\u0259 Az\u0259rbaycan-\u0130taliya parlamentl\u0259raras\u0131 \u0259laq\u0259l\u0259r \u00fczr\u0259 i\u015f\u00e7i qrupunun r\u0259hb\u0259ri Az\u0259r K\u0259rimli oktyabr\u0131n 16-da \u0130taliyan\u0131n paytaxt\u0131 Roma \u015f\u0259h\u0259rin\u0259 s\u0259f\u0259r ed\u0259c\u0259kl\u0259r. Bu bar\u0259d\u0259 Milli M\u0259clisin M\u0259tbuat v\u0259 ictimaiyy\u0259tl\u0259 \u0259laq\u0259l\u0259r \u015f\u00f6b\u0259sind\u0259n bildirilib. Deputatlar s\u0259f\u0259r \u00e7\u0259r\u00e7iv\u0259sind\u0259 \u0130taliya parlamentind\u0259 ke\u00e7iril\u0259c\u0259k bir s\u0131ra ikit\u0259r\u0259fli g\u00f6r\u00fc\u015fl\u0259rd\u0259 i\u015ftirak ed\u0259c\u0259kl\u0259r. S\u0259f\u0259r oktyabr\u0131n 20-d\u0259 ba\u015fa \u00e7atacaq.<\/p>\n","protected":false},"author":2,"featured_media":461675,"comment_status":"closed","ping_status":"closed","sticky":false,"template":"","format":"standard","meta":{"om_disable_all_campaigns":false,"_monsterinsights_skip_tracking":false,"_monsterinsights_sitenote_active":false,"_monsterinsights_sitenote_note":"","_monsterinsights_sitenote_category":0},"categories":[4],"tags":[],"aioseo_notices":[],"gutentor_comment":0,"rttpg_featured_image_url":{"full":["https:\/\/arantv.az\/wp-content\/uploads\/2022\/04\/milli_meclis_11.jpg",800,600,false],"landscape":["https:\/\/arantv.az\/wp-content\/uploads\/2022\/04\/milli_meclis_11.jpg",800,600,false],"portraits":["https:\/\/arantv.az\/wp-content\/uploads\/2022\/04\/milli_meclis_11.jpg",800,600,false],"thumbnail":["https:\/\/arantv.az\/wp-content\/uploads\/2022\/04\/milli_meclis_11-500x280.jpg",500,280,true],"medium":["https:\/\/arantv.az\/wp-content\/uploads\/2022\/04\/milli_meclis_11-487x365.jpg",487,365,true],"large":["https:\/\/arantv.az\/wp-content\/uploads\/2022\/04\/milli_meclis_11.jpg",640,480,false],"1536x1536":["https:\/\/arantv.az\/wp-content\/uploads\/2022\/04\/milli_meclis_11.jpg",800,600,false],"2048x2048":["https:\/\/arantv.az\/wp-content\/uploads\/2022\/04\/milli_meclis_11.jpg",800,600,false],"post-thumbnail":["https:\/\/arantv.az\/wp-content\/uploads\/2022\/04\/milli_meclis_11-240x172.jpg",240,172,true],"advps-thumb-one":["https:\/\/arantv.az\/wp-content\/uploads\/2022\/04\/milli_meclis_11.jpg",800,600,false]},"rttpg_author":{"display_name":"V\u00fcsal Rafiqo\u011flu","author_link":"https:\/\/arantv.az\/?author=2"},"rttpg_comment":0,"rttpg_category":"<a href=\"https:\/\/arantv.az\/?cat=4\" rel=\"category\">Siyas\u0259t<\/a>","rttpg_excerpt":"Milli M\u0259clisin deputatlar\u0131 &#8211; Beyn\u0259lxalq m\u00fcnasib\u0259tl\u0259r v\u0259 parlamentl\u0259raras\u0131 \u0259laq\u0259l\u0259r komit\u0259sinin s\u0259dri S\u0259m\u0259d Seyidov v\u0259 Az\u0259rbaycan-\u0130taliya parlamentl\u0259raras\u0131 \u0259laq\u0259l\u0259r \u00fczr\u0259 i\u015f\u00e7i qrupunun r\u0259hb\u0259ri Az\u0259r K\u0259rimli oktyabr\u0131n 16-da \u0130taliyan\u0131n paytaxt\u0131 Roma \u015f\u0259h\u0259rin\u0259 s\u0259f\u0259r ed\u0259c\u0259kl\u0259r. Bu bar\u0259d\u0259 Milli M\u0259clisin M\u0259tbuat v\u0259 ictimaiyy\u0259tl\u0259 \u0259laq\u0259l\u0259r \u015f\u00f6b\u0259sind\u0259n bildirilib. Deputatlar s\u0259f\u0259r \u00e7\u0259r\u00e7iv\u0259sind\u0259 \u0130taliya parlamentind\u0259 ke\u00e7iril\u0259c\u0259k bir s\u0131ra ikit\u0259r\u0259fli g\u00f6r\u00fc\u015fl\u0259rd\u0259 i\u015ftirak ed\u0259c\u0259kl\u0259r. S\u0259f\u0259r oktyabr\u0131n&hellip;","_links":{"self":[{"href":"https:\/\/arantv.az\/index.php?rest_route=\/wp\/v2\/posts\/645120"}],"collection":[{"href":"https:\/\/arantv.az\/index.php?rest_route=\/wp\/v2\/posts"}],"about":[{"href":"https:\/\/arantv.az\/index.php?rest_route=\/wp\/v2\/types\/post"}],"author":[{"embeddable":true,"href":"https:\/\/arantv.az\/index.php?rest_route=\/wp\/v2\/users\/2"}],"replies":[{"embeddable":true,"href":"https:\/\/arantv.az\/index.php?rest_route=%2Fwp%2Fv2%2Fcomments&post=645120"}],"version-history":[{"count":0,"href":"https:\/\/arantv.az\/index.php?rest_route=\/wp\/v2\/posts\/645120\/revisions"}],"wp:featuredmedia":[{"embeddable":true,"href":"https:\/\/arantv.az\/index.php?rest_route=\/wp\/v2\/media\/461675"}],"wp:attachment":[{"href":"https:\/\/arantv.az\/index.php?rest_route=%2Fwp%2Fv2%2Fmedia&parent=645120"}],"wp:term":[{"taxonomy":"category","embeddable":true,"href":"https:\/\/arantv.az\/index.php?rest_route=%2Fwp%2Fv2%2Fcategories&post=645120"},{"taxonomy":"post_tag","embeddable":true,"href":"https:\/\/arantv.az\/index.php?rest_route=%2Fwp%2Fv2%2Ftags&post=645120"}],"curies":[{"name":"wp","href":"https:\/\/api.w.org\/{rel}","templated":true}]}}