{"id":645123,"date":"2023-10-13T19:48:32","date_gmt":"2023-10-13T15:48:32","guid":{"rendered":"https:\/\/arantv.az\/?p=645123"},"modified":"2023-10-13T19:48:32","modified_gmt":"2023-10-13T15:48:32","slug":"pasinyan-biskek%c9%99-getm%c9%99m%c9%99kl%c9%99-qeyri-konstruktiv-movqeyini-bir-daha-ortaya-qoydu-r%c9%99y-foto","status":"publish","type":"post","link":"https:\/\/arantv.az\/?p=645123","title":{"rendered":"\u201cPa\u015finyan Bi\u015fkek\u0259 getm\u0259m\u0259kl\u0259 qeyri-konstruktiv m\u00f6vqeyini bir daha ortaya qoydu\u201d &#8211; R\u018fY + FOTO"},"content":{"rendered":"<p>\u201cErm\u0259nistan\u0131n ba\u015f naziri Nikol Pa\u015finyan M\u00fcst\u0259qil D\u00f6vl\u0259tl\u0259r Birliyinin (MDB) Q\u0131r\u011f\u0131z\u0131stan\u0131n Bi\u015fkek \u015f\u0259h\u0259rind\u0259 ke\u00e7iril\u0259n Zirv\u0259 g\u00f6r\u00fc\u015f\u00fcnd\u0259 i\u015ftirakdan imtina etm\u0259kl\u0259 qeyri-konstruktiv m\u00f6vqeyini bir daha ortaya qoydu\u201d.<\/p>\n<p>Bunu\u00a0\u201cReport\u201da a\u00e7\u0131qlamas\u0131nda Milli M\u0259clisin deputat\u0131 Sevinc H\u00fcseynova deyib.<\/p>\n<p><img src=\"https:\/\/cdn.oxu.az\/uploads\/W1siZiIsIjIwMjMvMTAvMTMvMTYvNTEvNTMvNGY0MThiZGMtOTViNC00ZDIwLWJkMjktNjQwYmMxNzYxYWI5L3NldmluY19odXNleW5vdmFfMDYwMzIzLmpwZyJdLFsicCIsImVuY29kZSIsImpwZyIsIi1xdWFsaXR5IDgwIl0sWyJwIiwidGh1bWIiLCI1OTB4NTkwXHUwMDNlIl1d?sha=9d9c5a007e3ab7fe\" alt=\"\" \/><\/p>\n<p>Onun s\u00f6zl\u0259rin\u0259 g\u00f6r\u0259, Pa\u015finyan bu add\u0131m\u0131 \u00f6z havadarlar\u0131n\u0131n t\u0259kidi il\u0259 at\u0131b:<\/p>\n<p>\u201cNec\u0259 olur ki, Pa\u015finyan 6 saatl\u0131q yolu q\u0259t ed\u0259r\u0259k Qranada g\u00f6r\u00fc\u015f\u00fcn\u0259 gedir, lakin 2-3 saatl\u0131q yolu olan Bi\u015fkek\u0259 getm\u0259kd\u0259n imtina edir?! Pa\u015finyan\u0131n bu add\u0131m\u0131 n\u0259y\u0259 g\u00f6r\u0259 atd\u0131\u011f\u0131 h\u0259r k\u0259s\u0259 b\u0259llidir. \u00c7\u00fcnki Qranada g\u00f6r\u00fc\u015f\u00fcnd\u0259 Erm\u0259nistan\u0131n havadarlar\u0131, Fransa, Almaniya i\u015ftirak edirdi. Fransan\u0131n is\u0259 erm\u0259nip\u0259r\u0259st m\u00f6vqeyi ham\u0131ya yax\u015f\u0131 m\u0259lumdur. Pa\u015finyan \u00fcmid edirdi ki, havadarlar\u0131n\u0131n i\u015ftirak\u0131 il\u0259 ke\u00e7iril\u0259n g\u00f6r\u00fc\u015fd\u0259 n\u0259y\u0259s\u0259 nail olacaq, lakin onun bu \u00fcmidi d\u0259 pu\u00e7a \u00e7\u0131xd\u0131. Az\u0259rbaycan haql\u0131 olaraq bu g\u00f6r\u00fc\u015f\u0259 getm\u0259kd\u0259n imtina etdi, \u00e7\u00fcnki erm\u0259nip\u0259r\u0259st Fransan\u0131n \u0259dal\u0259tli v\u0259 s\u0259mimi vasit\u0259\u00e7i olmad\u0131\u011f\u0131 d\u0259qiq m\u0259lumdur\u201d.<\/p>\n<p><img src=\"https:\/\/cdn.oxu.az\/uploads\/W1siZiIsIjIwMjMvMTAvMTMvMTYvNTEvNTQvZGJiNWYwMWQtNDRlNi00OTAyLTgzZjktZTVjM2ZmOThhNDRiLzdkZDJmYjVjLWQxZDMtMzA0NS05Nzk5LWJjOTE4NThhNmNhMi5qcGciXSxbInAiLCJlbmNvZGUiLCJqcGciLCItcXVhbGl0eSA4MCJdLFsicCIsInRodW1iIiwiNTkweDU5MFx1MDAzZSJdXQ?sha=009eef7df32fdff4\" alt=\"\" \/><\/p>\n<p>Milli M\u0259clisin \u00fczv\u00fc bildirib ki, Erm\u0259nistan\u0131n xarici i\u015fl\u0259r naziri Ararat Mirzoyan da MDB Xarici \u0130\u015fl\u0259r Nazirl\u0259ri \u015euras\u0131n\u0131n iclas\u0131nda i\u015ftirak etm\u0259kd\u0259n imtina edib:<\/p>\n<p>\u201cHalbuki Az\u0259rbaycan, Rusiya v\u0259 Erm\u0259nistan xarici i\u015fl\u0259r nazirl\u0259rinin Bi\u015fkekd\u0259 g\u00f6r\u00fc\u015f\u00fc g\u00f6zl\u0259nilirdi. Prosesl\u0259r g\u00f6st\u0259rir ki, Erm\u0259nistan bu add\u0131mlar\u0131 m\u0259qs\u0259dli v\u0259 planla\u015fd\u0131r\u0131l\u0131m\u0131\u015f \u015f\u0259kild\u0259 at\u0131r v\u0259 onun niyy\u0259ti \u00f6z havadarlar\u0131n\u0131n t\u0259kidi il\u0259 s\u00fclh prosesini l\u0259ngitm\u0259kdir. Bu onu g\u00f6st\u0259rir ki, Pa\u015finyan s\u00fclh prosesind\u0259n boyun qa\u00e7\u0131r\u0131r. \u018fg\u0259r Erm\u0259nistan h\u0259qiq\u0259t\u0259n s\u00fclh t\u0259r\u0259fdar\u0131 olsayd\u0131, d\u00f6vl\u0259t ba\u015f\u00e7\u0131lar\u0131n\u0131n, o c\u00fcml\u0259d\u0259n Az\u0259rbaycan v\u0259 Rusiya prezidentl\u0259rinin i\u015ftirak etdiyi zirv\u0259 toplant\u0131s\u0131na qat\u0131lard\u0131. \u00c7\u00fcnki Bi\u015fkekd\u0259 d\u00f6vl\u0259t ba\u015f\u00e7\u0131lar\u0131n\u0131n i\u015ftirak\u0131 il\u0259 C\u0259nubi Qafqazda s\u00fclh prosesinin m\u00fczakir\u0259 edil\u0259c\u0259yi ehtimal olunurdu\u201d.<\/p>\n<p>\u201cErm\u0259nistan v\u0259 havadarlar\u0131 h\u0259l\u0259 d\u0259 anlam\u0131rlar ki, s\u00fclh prosesi h\u0259r k\u0259sd\u0259n \u00e7ox Erm\u0259nistana laz\u0131md\u0131r. Bu g\u00fcn Erm\u0259nistan\u0131n d\u0259rin sosial-iqtisadi b\u00f6hrandan \u00e7\u0131xmaq v\u0259 dalan \u00f6lk\u0259 statusundan azad olmaq \u00fc\u00e7\u00fcn yegan\u0259 \u00e7\u0131x\u0131\u015f yolu region \u00f6lk\u0259l\u0259ri il\u0259 \u0259m\u0259kda\u015fl\u0131qdan ke\u00e7ir. Hans\u0131sa havadar\u0131n d\u0259st\u0259yi Erm\u0259nistan\u0131 h\u0259r g\u00fcn daha da \u00e7\u0259tin v\u0259ziyy\u0259t\u0259 sal\u0131r. Erm\u0259nistan bunu n\u0259 q\u0259d\u0259r tez anlasa bir o q\u0259d\u0259r onun \u00fc\u00e7\u00fcn faydal\u0131 ola bil\u0259r\u201d, &#8211; S.H\u00fcseynova vur\u011fulay\u0131b.<\/p>\n","protected":false},"excerpt":{"rendered":"<p>\u201cErm\u0259nistan\u0131n ba\u015f naziri Nikol Pa\u015finyan M\u00fcst\u0259qil D\u00f6vl\u0259tl\u0259r Birliyinin (MDB) Q\u0131r\u011f\u0131z\u0131stan\u0131n Bi\u015fkek \u015f\u0259h\u0259rind\u0259 ke\u00e7iril\u0259n Zirv\u0259 g\u00f6r\u00fc\u015f\u00fcnd\u0259 i\u015ftirakdan imtina etm\u0259kl\u0259 qeyri-konstruktiv m\u00f6vqeyini bir daha ortaya qoydu\u201d. Bunu\u00a0\u201cReport\u201da a\u00e7\u0131qlamas\u0131nda Milli M\u0259clisin deputat\u0131 Sevinc H\u00fcseynova deyib. Onun s\u00f6zl\u0259rin\u0259 g\u00f6r\u0259, Pa\u015finyan bu add\u0131m\u0131 \u00f6z havadarlar\u0131n\u0131n t\u0259kidi il\u0259 at\u0131b: \u201cNec\u0259 olur ki, Pa\u015finyan 6 saatl\u0131q yolu q\u0259t ed\u0259r\u0259k Qranada g\u00f6r\u00fc\u015f\u00fcn\u0259 gedir, lakin 2-3 saatl\u0131q yolu olan Bi\u015fkek\u0259 getm\u0259kd\u0259n imtina edir?! Pa\u015finyan\u0131n bu add\u0131m\u0131 n\u0259y\u0259 g\u00f6r\u0259 atd\u0131\u011f\u0131 h\u0259r k\u0259s\u0259 b\u0259llidir. \u00c7\u00fcnki Qranada g\u00f6r\u00fc\u015f\u00fcnd\u0259 Erm\u0259nistan\u0131n havadarlar\u0131, Fransa, Almaniya i\u015ftirak edirdi. Fransan\u0131n is\u0259 erm\u0259nip\u0259r\u0259st m\u00f6vqeyi ham\u0131ya yax\u015f\u0131 m\u0259lumdur. Pa\u015finyan&hellip;<\/p>\n","protected":false},"author":2,"featured_media":645126,"comment_status":"closed","ping_status":"closed","sticky":false,"template":"","format":"standard","meta":{"om_disable_all_campaigns":false,"_monsterinsights_skip_tracking":false,"_monsterinsights_sitenote_active":false,"_monsterinsights_sitenote_note":"","_monsterinsights_sitenote_category":0},"categories":[4],"tags":[],"aioseo_notices":[],"gutentor_comment":0,"rttpg_featured_image_url":{"full":["https:\/\/arantv.az\/wp-content\/uploads\/2023\/10\/b6b8d036-e2a8-3622-a7e4-5b48f476b5d8_850.jpg",620,413,false],"landscape":["https:\/\/arantv.az\/wp-content\/uploads\/2023\/10\/b6b8d036-e2a8-3622-a7e4-5b48f476b5d8_850.jpg",620,413,false],"portraits":["https:\/\/arantv.az\/wp-content\/uploads\/2023\/10\/b6b8d036-e2a8-3622-a7e4-5b48f476b5d8_850.jpg",620,413,false],"thumbnail":["https:\/\/arantv.az\/wp-content\/uploads\/2023\/10\/b6b8d036-e2a8-3622-a7e4-5b48f476b5d8_850-500x280.jpg",500,280,true],"medium":["https:\/\/arantv.az\/wp-content\/uploads\/2023\/10\/b6b8d036-e2a8-3622-a7e4-5b48f476b5d8_850-548x365.jpg",548,365,true],"large":["https:\/\/arantv.az\/wp-content\/uploads\/2023\/10\/b6b8d036-e2a8-3622-a7e4-5b48f476b5d8_850.jpg",620,413,false],"1536x1536":["https:\/\/arantv.az\/wp-content\/uploads\/2023\/10\/b6b8d036-e2a8-3622-a7e4-5b48f476b5d8_850.jpg",620,413,false],"2048x2048":["https:\/\/arantv.az\/wp-content\/uploads\/2023\/10\/b6b8d036-e2a8-3622-a7e4-5b48f476b5d8_850.jpg",620,413,false],"post-thumbnail":["https:\/\/arantv.az\/wp-content\/uploads\/2023\/10\/b6b8d036-e2a8-3622-a7e4-5b48f476b5d8_850-240x172.jpg",240,172,true],"advps-thumb-one":["https:\/\/arantv.az\/wp-content\/uploads\/2023\/10\/b6b8d036-e2a8-3622-a7e4-5b48f476b5d8_850.jpg",620,413,false]},"rttpg_author":{"display_name":"V\u00fcsal Rafiqo\u011flu","author_link":"https:\/\/arantv.az\/?author=2"},"rttpg_comment":0,"rttpg_category":"<a href=\"https:\/\/arantv.az\/?cat=4\" rel=\"category\">Siyas\u0259t<\/a>","rttpg_excerpt":"\u201cErm\u0259nistan\u0131n ba\u015f naziri Nikol Pa\u015finyan M\u00fcst\u0259qil D\u00f6vl\u0259tl\u0259r Birliyinin (MDB) Q\u0131r\u011f\u0131z\u0131stan\u0131n Bi\u015fkek \u015f\u0259h\u0259rind\u0259 ke\u00e7iril\u0259n Zirv\u0259 g\u00f6r\u00fc\u015f\u00fcnd\u0259 i\u015ftirakdan imtina etm\u0259kl\u0259 qeyri-konstruktiv m\u00f6vqeyini bir daha ortaya qoydu\u201d. Bunu\u00a0\u201cReport\u201da a\u00e7\u0131qlamas\u0131nda Milli M\u0259clisin deputat\u0131 Sevinc H\u00fcseynova deyib. Onun s\u00f6zl\u0259rin\u0259 g\u00f6r\u0259, Pa\u015finyan bu add\u0131m\u0131 \u00f6z havadarlar\u0131n\u0131n t\u0259kidi il\u0259 at\u0131b: \u201cNec\u0259 olur ki, Pa\u015finyan 6 saatl\u0131q yolu q\u0259t ed\u0259r\u0259k Qranada g\u00f6r\u00fc\u015f\u00fcn\u0259 gedir,&hellip;","_links":{"self":[{"href":"https:\/\/arantv.az\/index.php?rest_route=\/wp\/v2\/posts\/645123"}],"collection":[{"href":"https:\/\/arantv.az\/index.php?rest_route=\/wp\/v2\/posts"}],"about":[{"href":"https:\/\/arantv.az\/index.php?rest_route=\/wp\/v2\/types\/post"}],"author":[{"embeddable":true,"href":"https:\/\/arantv.az\/index.php?rest_route=\/wp\/v2\/users\/2"}],"replies":[{"embeddable":true,"href":"https:\/\/arantv.az\/index.php?rest_route=%2Fwp%2Fv2%2Fcomments&post=645123"}],"version-history":[{"count":0,"href":"https:\/\/arantv.az\/index.php?rest_route=\/wp\/v2\/posts\/645123\/revisions"}],"wp:featuredmedia":[{"embeddable":true,"href":"https:\/\/arantv.az\/index.php?rest_route=\/wp\/v2\/media\/645126"}],"wp:attachment":[{"href":"https:\/\/arantv.az\/index.php?rest_route=%2Fwp%2Fv2%2Fmedia&parent=645123"}],"wp:term":[{"taxonomy":"category","embeddable":true,"href":"https:\/\/arantv.az\/index.php?rest_route=%2Fwp%2Fv2%2Fcategories&post=645123"},{"taxonomy":"post_tag","embeddable":true,"href":"https:\/\/arantv.az\/index.php?rest_route=%2Fwp%2Fv2%2Ftags&post=645123"}],"curies":[{"name":"wp","href":"https:\/\/api.w.org\/{rel}","templated":true}]}}