{"id":645125,"date":"2023-10-13T19:49:18","date_gmt":"2023-10-13T15:49:18","guid":{"rendered":"https:\/\/arantv.az\/?p=645125"},"modified":"2023-10-13T19:49:18","modified_gmt":"2023-10-13T15:49:18","slug":"az%c9%99rbaycan-%c9%99razisi-yaxin-dord-ild%c9%99-tamamil%c9%99-r%c9%99q%c9%99msal-radioyayimla-%c9%99hat%c9%99-olunacaq","status":"publish","type":"post","link":"https:\/\/arantv.az\/?p=645125","title":{"rendered":"Az\u0259rbaycan \u0259razisi yax\u0131n d\u00f6rd ild\u0259 tamamil\u0259 r\u0259q\u0259msal radioyay\u0131mla \u0259hat\u0259 olunacaq"},"content":{"rendered":"<p>2027-ci il\u0259 q\u0259d\u0259r Az\u0259rbaycan\u0131n b\u00fct\u00fcn \u0259razisinin tamamil\u0259 r\u0259q\u0259msal radio yay\u0131m\u0131 il\u0259 \u0259hat\u0259 olunmas\u0131 g\u00f6zl\u0259nir.<\/p>\n<p>\u201cReport\u201d\u00a0x\u0259b\u0259r veirr ki, bu, Nazirl\u0259r Kabinetinin t\u0259sdiq etdiyi \u201cR\u0259q\u0259msal radio yay\u0131m\u0131n\u0131n t\u0259tbiqi v\u0259 inki\u015faf\u0131 \u00fczr\u0259 T\u0259dbirl\u0259r Plan\u0131\u201dnda \u00f6z \u0259ksini tap\u0131b.<\/p>\n<p>S\u0259n\u0259d\u0259 \u0259sas\u0259n, r\u0259q\u0259msal radioyay\u0131ma ke\u00e7idl\u0259 \u0259laq\u0259dar Avropa \u0130ttifaq\u0131 v\u0259 dig\u0259r inki\u015faf etmi\u015f \u00f6lk\u0259l\u0259rd\u0259 DAB+ standartl\u0131 r\u0259q\u0259msal radionun t\u0259tbiqin\u0259 ba\u015flan\u0131lmas\u0131 Az\u0259rbaycanda da bu standarta ke\u00e7idl\u0259 \u0259laq\u0259dar m\u00fcvafiq t\u0259dbirl\u0259rin g\u00f6r\u00fclm\u0259sini z\u0259ruri edib.<\/p>\n<p>S\u00f6z\u00fcged\u0259n ke\u00e7idin m\u0259qs\u0259di radioyay\u0131m sah\u0259sind\u0259 r\u0259q\u0259msalla\u015fman\u0131n t\u0259min olunmas\u0131, tezlik resurslar\u0131ndan s\u0259m\u0259r\u0259li istifad\u0259, \u00f6lk\u0259 \u0259razisind\u0259 m\u00fcasir v\u0259 daha keyfiyy\u0259tli radio yay\u0131m\u0131n\u0131n t\u0259tbiqi, yeni n\u00f6v r\u0259q\u0259msal informasiya xidm\u0259tl\u0259rinin t\u0259\u015fkili, el\u0259c\u0259 d\u0259 efir m\u0259kan\u0131n\u0131n t\u0259hl\u00fck\u0259sizliyinin g\u00fccl\u0259ndirilm\u0259sin\u0259 nail olmaqd\u0131r.<\/p>\n<p>2019-cu ilin 26 avqust tarixind\u0259n etibar\u0259n Bak\u0131 \u015f\u0259h\u0259rind\u0259 v\u0259 Ab\u015feron yar\u0131madas\u0131 \u0259razisind\u0259 DAB+ standart\u0131nda r\u0259q\u0259msal radionun test yay\u0131m\u0131 h\u0259yata ke\u00e7irilir.<\/p>\n<p>T\u0259dbirl\u0259r Plan\u0131n\u0131n icras\u0131 n\u0259tic\u0259sind\u0259\u00a02026-c\u0131 il\u0259 q\u0259d\u0259rrespublikan\u0131n \u015f\u0259h\u0259rl\u0259rinin v\u0259 rayon m\u0259rk\u0259zl\u0259rinin, h\u0259m\u00e7inin magistral avtomobil yollar\u0131n\u0131n t\u0259xmin\u0259n\u00a070\u00a0%-nin, 2027-ci ild\u0259 \u00f6lk\u0259 \u0259razisinin\u00a099,6\u00a0%-nin r\u0259q\u0259msal radio yay\u0131m\u0131 il\u0259 \u0259hat\u0259 olunmas\u0131 n\u0259z\u0259rd\u0259 tutulur. Prosesin yekunu olaraq \u00f6lk\u0259 \u0259razisind\u0259 r\u0259q\u0259msal radio yay\u0131m\u0131na tam ke\u00e7id t\u0259min edil\u0259c\u0259k.<\/p>\n<p>Ke\u00e7id zaman\u0131 r\u0259q\u0259msal radio il\u0259 t\u0259chiz olunmu\u015f n\u0259qliyyat vasit\u0259l\u0259rinin say\u0131, DAB+ radioq\u0259buledici qur\u011fular\u0131n sat\u0131\u015fda kifay\u0259t q\u0259d\u0259r olmas\u0131, h\u0259m\u00e7inin \u0259halinin m\u0259lumatl\u0131l\u0131q s\u0259viyy\u0259si n\u0259z\u0259r\u0259 al\u0131nacaq.<\/p>\n<p>Eyni zamanda r\u0259q\u0259msal radio avadanl\u0131qlar\u0131n \u00f6lk\u0259y\u0259 idxal\u0131n\u0131n t\u0259\u015fviq edilm\u0259si v\u0259 yay\u0131m\u00e7\u0131lara d\u0259st\u0259yin g\u00f6st\u0259rilm\u0259si il\u0259 ba\u011fl\u0131 m\u00fcvafiq t\u0259dbirl\u0259rin g\u00f6r\u00fclm\u0259si n\u0259z\u0259rd\u0259 tutulur.<\/p>\n","protected":false},"excerpt":{"rendered":"<p>2027-ci il\u0259 q\u0259d\u0259r Az\u0259rbaycan\u0131n b\u00fct\u00fcn \u0259razisinin tamamil\u0259 r\u0259q\u0259msal radio yay\u0131m\u0131 il\u0259 \u0259hat\u0259 olunmas\u0131 g\u00f6zl\u0259nir. \u201cReport\u201d\u00a0x\u0259b\u0259r veirr ki, bu, Nazirl\u0259r Kabinetinin t\u0259sdiq etdiyi \u201cR\u0259q\u0259msal radio yay\u0131m\u0131n\u0131n t\u0259tbiqi v\u0259 inki\u015faf\u0131 \u00fczr\u0259 T\u0259dbirl\u0259r Plan\u0131\u201dnda \u00f6z \u0259ksini tap\u0131b. S\u0259n\u0259d\u0259 \u0259sas\u0259n, r\u0259q\u0259msal radioyay\u0131ma ke\u00e7idl\u0259 \u0259laq\u0259dar Avropa \u0130ttifaq\u0131 v\u0259 dig\u0259r inki\u015faf etmi\u015f \u00f6lk\u0259l\u0259rd\u0259 DAB+ standartl\u0131 r\u0259q\u0259msal radionun t\u0259tbiqin\u0259 ba\u015flan\u0131lmas\u0131 Az\u0259rbaycanda da bu standarta ke\u00e7idl\u0259 \u0259laq\u0259dar m\u00fcvafiq t\u0259dbirl\u0259rin g\u00f6r\u00fclm\u0259sini z\u0259ruri edib. S\u00f6z\u00fcged\u0259n ke\u00e7idin m\u0259qs\u0259di radioyay\u0131m sah\u0259sind\u0259 r\u0259q\u0259msalla\u015fman\u0131n t\u0259min olunmas\u0131, tezlik resurslar\u0131ndan s\u0259m\u0259r\u0259li istifad\u0259, \u00f6lk\u0259 \u0259razisind\u0259 m\u00fcasir v\u0259 daha keyfiyy\u0259tli radio yay\u0131m\u0131n\u0131n t\u0259tbiqi, yeni n\u00f6v r\u0259q\u0259msal informasiya xidm\u0259tl\u0259rinin&hellip;<\/p>\n","protected":false},"author":2,"featured_media":645129,"comment_status":"closed","ping_status":"closed","sticky":false,"template":"","format":"standard","meta":{"om_disable_all_campaigns":false,"_monsterinsights_skip_tracking":false,"_monsterinsights_sitenote_active":false,"_monsterinsights_sitenote_note":"","_monsterinsights_sitenote_category":0},"categories":[1],"tags":[],"aioseo_notices":[],"gutentor_comment":0,"rttpg_featured_image_url":{"full":["https:\/\/arantv.az\/wp-content\/uploads\/2023\/10\/560c6ba5-96d2-4ebc-bab9-c7f6b9e43819_850.jpg",620,413,false],"landscape":["https:\/\/arantv.az\/wp-content\/uploads\/2023\/10\/560c6ba5-96d2-4ebc-bab9-c7f6b9e43819_850.jpg",620,413,false],"portraits":["https:\/\/arantv.az\/wp-content\/uploads\/2023\/10\/560c6ba5-96d2-4ebc-bab9-c7f6b9e43819_850.jpg",620,413,false],"thumbnail":["https:\/\/arantv.az\/wp-content\/uploads\/2023\/10\/560c6ba5-96d2-4ebc-bab9-c7f6b9e43819_850-500x280.jpg",500,280,true],"medium":["https:\/\/arantv.az\/wp-content\/uploads\/2023\/10\/560c6ba5-96d2-4ebc-bab9-c7f6b9e43819_850-548x365.jpg",548,365,true],"large":["https:\/\/arantv.az\/wp-content\/uploads\/2023\/10\/560c6ba5-96d2-4ebc-bab9-c7f6b9e43819_850.jpg",620,413,false],"1536x1536":["https:\/\/arantv.az\/wp-content\/uploads\/2023\/10\/560c6ba5-96d2-4ebc-bab9-c7f6b9e43819_850.jpg",620,413,false],"2048x2048":["https:\/\/arantv.az\/wp-content\/uploads\/2023\/10\/560c6ba5-96d2-4ebc-bab9-c7f6b9e43819_850.jpg",620,413,false],"post-thumbnail":["https:\/\/arantv.az\/wp-content\/uploads\/2023\/10\/560c6ba5-96d2-4ebc-bab9-c7f6b9e43819_850-240x172.jpg",240,172,true],"advps-thumb-one":["https:\/\/arantv.az\/wp-content\/uploads\/2023\/10\/560c6ba5-96d2-4ebc-bab9-c7f6b9e43819_850.jpg",620,413,false]},"rttpg_author":{"display_name":"V\u00fcsal Rafiqo\u011flu","author_link":"https:\/\/arantv.az\/?author=2"},"rttpg_comment":0,"rttpg_category":"<a href=\"https:\/\/arantv.az\/?cat=1\" rel=\"category\">C\u0259miyy\u0259t<\/a>","rttpg_excerpt":"2027-ci il\u0259 q\u0259d\u0259r Az\u0259rbaycan\u0131n b\u00fct\u00fcn \u0259razisinin tamamil\u0259 r\u0259q\u0259msal radio yay\u0131m\u0131 il\u0259 \u0259hat\u0259 olunmas\u0131 g\u00f6zl\u0259nir. \u201cReport\u201d\u00a0x\u0259b\u0259r veirr ki, bu, Nazirl\u0259r Kabinetinin t\u0259sdiq etdiyi \u201cR\u0259q\u0259msal radio yay\u0131m\u0131n\u0131n t\u0259tbiqi v\u0259 inki\u015faf\u0131 \u00fczr\u0259 T\u0259dbirl\u0259r Plan\u0131\u201dnda \u00f6z \u0259ksini tap\u0131b. S\u0259n\u0259d\u0259 \u0259sas\u0259n, r\u0259q\u0259msal radioyay\u0131ma ke\u00e7idl\u0259 \u0259laq\u0259dar Avropa \u0130ttifaq\u0131 v\u0259 dig\u0259r inki\u015faf etmi\u015f \u00f6lk\u0259l\u0259rd\u0259 DAB+ standartl\u0131 r\u0259q\u0259msal radionun t\u0259tbiqin\u0259 ba\u015flan\u0131lmas\u0131 Az\u0259rbaycanda da&hellip;","_links":{"self":[{"href":"https:\/\/arantv.az\/index.php?rest_route=\/wp\/v2\/posts\/645125"}],"collection":[{"href":"https:\/\/arantv.az\/index.php?rest_route=\/wp\/v2\/posts"}],"about":[{"href":"https:\/\/arantv.az\/index.php?rest_route=\/wp\/v2\/types\/post"}],"author":[{"embeddable":true,"href":"https:\/\/arantv.az\/index.php?rest_route=\/wp\/v2\/users\/2"}],"replies":[{"embeddable":true,"href":"https:\/\/arantv.az\/index.php?rest_route=%2Fwp%2Fv2%2Fcomments&post=645125"}],"version-history":[{"count":0,"href":"https:\/\/arantv.az\/index.php?rest_route=\/wp\/v2\/posts\/645125\/revisions"}],"wp:featuredmedia":[{"embeddable":true,"href":"https:\/\/arantv.az\/index.php?rest_route=\/wp\/v2\/media\/645129"}],"wp:attachment":[{"href":"https:\/\/arantv.az\/index.php?rest_route=%2Fwp%2Fv2%2Fmedia&parent=645125"}],"wp:term":[{"taxonomy":"category","embeddable":true,"href":"https:\/\/arantv.az\/index.php?rest_route=%2Fwp%2Fv2%2Fcategories&post=645125"},{"taxonomy":"post_tag","embeddable":true,"href":"https:\/\/arantv.az\/index.php?rest_route=%2Fwp%2Fv2%2Ftags&post=645125"}],"curies":[{"name":"wp","href":"https:\/\/api.w.org\/{rel}","templated":true}]}}