{"id":645128,"date":"2023-10-13T19:50:09","date_gmt":"2023-10-13T15:50:09","guid":{"rendered":"https:\/\/arantv.az\/?p=645128"},"modified":"2023-10-13T19:50:09","modified_gmt":"2023-10-13T15:50:09","slug":"az%c9%99rbaycan-v%c9%99-turkiy%c9%99y%c9%99-qarsi-birl%c9%99s%c9%99nl%c9%99r-livan-erm%c9%99nistan-fransa-s%c9%99rh-foto","status":"publish","type":"post","link":"https:\/\/arantv.az\/?p=645128","title":{"rendered":"Az\u0259rbaycan v\u0259 T\u00fcrkiy\u0259y\u0259 qar\u015f\u0131 birl\u0259\u015f\u0259nl\u0259r: Livan, Erm\u0259nistan, Fransa &#8211; \u015e\u018fRH + FOTO"},"content":{"rendered":"<p>Dostlar d\u00fc\u015fm\u0259nl\u0259ri tan\u0131ma\u011fa da yard\u0131m edirl\u0259r. ASALA, PKK v\u0259 ba\u015fqa terror\u00e7u qrupla\u015fmalar, el\u0259c\u0259 d\u0259 Fransa kimi d\u00f6vl\u0259t he\u00e7 bir s\u0259b\u0259b v\u0259 izah g\u00f6st\u0259rm\u0259d\u0259n T\u00fcrkiy\u0259 il\u0259 m\u00fcbariz\u0259 apar\u0131blar. Onlar t\u00fcrk diplomatlar\u0131, i\u015f adamlar\u0131 v\u0259 n\u00fcfuzlu ictimai, siyasi xadiml\u0259r\u0259 qar\u015f\u0131 sui-q\u0259sdl\u0259r t\u0259\u015fkil edibl\u0259r.<\/p>\n<p>Terror\u00e7ular v\u0259 bu t\u0259f\u0259kk\u00fcrd\u0259 olan b\u0259zi qruplar m\u00fcst\u0259qilliyini b\u0259rpa etdikd\u0259n sonra Az\u0259rbaycan\u0131 da h\u0259d\u0259f al\u0131blar. Bu d\u00fc\u015fm\u0259n \u00fcns\u00fcrl\u0259r (onlar\u0131 ba\u015fqa c\u00fcr adland\u0131rmaq olmur &#8211; red.) b\u00fct\u00fcn f\u00fcrs\u0259tl\u0259rd\u0259n T\u00fcrkiy\u0259 v\u0259 Az\u0259rbaycana qar\u015f\u0131 istifad\u0259 edirl\u0259r. R\u0259smi Ankara v\u0259 Bak\u0131n\u0131n \u0130srail\u0259 v\u0259 F\u0259l\u0259stin\u0259 m\u00fcnasib\u0259ti m\u0259lumdur. H\u018fMAS-\u0130srail qar\u015f\u0131durmas\u0131nda da Az\u0259rbaycan v\u0259 T\u00fcrkiy\u0259 m\u00fcharib\u0259nin dayand\u0131r\u0131lmas\u0131n\u0131n t\u0259r\u0259fdar\u0131 kimi \u00e7\u0131x\u0131\u015f edirl\u0259r, onlar m\u00fcnaqi\u015f\u0259nin q\u0131z\u0131\u015fd\u0131r\u0131lmas\u0131n\u0131n \u0259leyhin\u0259dirl\u0259r. Prezident R\u0259c\u0259b Tayyib \u018frdo\u011fan m\u00fcnaqi\u015f\u0259nin dayand\u0131r\u0131lmas\u0131 v\u0259 girovlar\u0131n qaytar\u0131lmas\u0131 il\u0259 ba\u011fl\u0131 \u00f6lk\u0259sinin vasit\u0259\u00e7iliyini d\u0259 t\u0259klif edib.<\/p>\n<p>Ba\u015fqa s\u00f6zl\u0259, Ankara v\u0259 Bak\u0131 \u0130sraill\u0259 F\u0259l\u0259stin aras\u0131nda m\u00fcnasib\u0259tl\u0259rin s\u00fclh yolu il\u0259 h\u0259llinin t\u0259r\u0259fdar\u0131d\u0131r. Ancaq d\u00fc\u015fm\u0259nl\u0259r yen\u0259 meydandad\u0131rlar. Oktyabr\u0131n \u0259vv\u0259lind\u0259 Livanda bir qrup fitn\u0259kar Az\u0259rbaycan v\u0259 T\u00fcrkiy\u0259nin qar\u015f\u0131durmaya m\u00fcnasib\u0259ti il\u0259 ba\u011fl\u0131 t\u0259hrifedici m\u00f6vqed\u0259n \u00e7\u0131x\u0131\u015f edibl\u0259r. H\u018fMAS v\u0259 Livan\u0131n \u201cHizbullah\u201d qrupla\u015fmalar\u0131n\u0131n t\u0259r\u0259fdarlar\u0131 kimi \u00e7\u0131x\u0131\u015f ed\u0259n, bu \u00f6lk\u0259d\u0259 ya\u015fayan erm\u0259ni etnik qrupunun n\u00fcmay\u0259nd\u0259l\u0259ri Beyrutda Erm\u0259nistan v\u0259 m\u00f6vcud olmayan qondarma \u201cDQR\u201d bayraqlar\u0131 il\u0259 aksiya ke\u00e7iribl\u0259r. Az\u0259rbaycan, T\u00fcrkiy\u0259 v\u0259 \u0130srailin d\u00f6vl\u0259t bayraqlar\u0131n\u0131 yand\u0131r\u0131blar. \u0130\u015f\u011fal\u0131, separatizmi t\u0259bli\u011f edib d\u0259st\u0259kl\u0259y\u0259n, mill\u0259tl\u0259r, d\u00f6vl\u0259tl\u0259r aras\u0131nda d\u00fc\u015fm\u0259n\u00e7ilik toxumu s\u0259p\u0259n bu \u00fcns\u00fcrl\u0259r T\u00fcrkiy\u0259 v\u0259 Az\u0259rbaycan \u0259leyhin\u0259 \u015f\u00fcarlar s\u0259sl\u0259ndiribl\u0259r.<\/p>\n<p><img src=\"https:\/\/cdn.oxu.az\/uploads\/W1siZiIsIjIwMjMvMTAvMTMvMTYvMTIvMjMvZGU4MGY3NzktOTFkYS00OTY3LThiZDQtY2U0N2E4MTNiNWY1L1doYXRzQXBwIEltYWdlIDIwMjMtMTAtMTMgYXQgMTYuMTIuMTAuanBlZyJdLFsicCIsImVuY29kZSIsImpwZyIsIi1xdWFsaXR5IDgwIl0sWyJwIiwidGh1bWIiLCI1OTB4NTkwXHUwMDNlIl1d?sha=c1ac02a39a26bf41\" alt=\"\" \/><\/p>\n<p>Livandak\u0131 siyasi q\u00fcvv\u0259l\u0259r v\u0259 hakimiyy\u0259t Fransan\u0131n, \u0130ran\u0131n n\u00fcfuz dair\u0259sind\u0259dirl\u0259r. Bu \u00f6lk\u0259d\u0259ki \u201cHizbullah\u201d qrupla\u015fmas\u0131n\u0131 Tehran\u0131n d\u0259st\u0259kl\u0259diyi d\u0259 yenilik deyil. Bu siyasi-h\u0259rbi qrupla\u015fma \u0130randak\u0131 hakimiyy\u0259tin xeyir-duas\u0131 v\u0259 maliyy\u0259si hesab\u0131na yarad\u0131l\u0131b.<\/p>\n<p>T\u0259\u0259ss\u00fcf ki, \u201cHizbullah\u201d he\u00e7 vaxt Az\u0259rbaycan\u0131n i\u015f\u011fal\u00e7\u0131lara qar\u015f\u0131 haql\u0131 m\u00fcbariz\u0259sini bir a\u00e7\u0131qlama il\u0259 d\u0259 olsun d\u0259st\u0259kl\u0259m\u0259yib, el\u0259c\u0259 d\u0259, Az\u0259rbaycan \u0259leyhin\u0259 t\u0259dbirl\u0259r\u0259 qar\u015f\u0131 \u00e7\u0131x\u0131\u015f etm\u0259yib.<\/p>\n<p>S\u00f6z\u00fcged\u0259n aksiya Az\u0259rbaycana qar\u015f\u0131 son \u00fc\u00e7 ayda sayca \u00fc\u00e7\u00fcnc\u00fcd\u00fcr. Cari ilin avqustunda erm\u0259ni etnik qrupuna m\u0259xsus 50 n\u0259f\u0259rlik qrup Az\u0259rbaycan\u0131n Livandak\u0131 s\u0259firliyinin inzibati binas\u0131n\u0131n \u0259traf\u0131ndak\u0131 hasara z\u0259rb\u0259l\u0259r endiribl\u0259r. \u0130\u00e7\u0259risind\u0259 boya olan v\u0259 partlay\u0131c\u0131 b\u0259rkidilmi\u015f butulkalar\u0131 s\u0259firliyin inzibati binas\u0131na at\u0131blar. Diplomatik missiya binas\u0131n\u0131n polis t\u0259r\u0259find\u0259n qorunmamas\u0131 Livan\u0131n m\u00fcvafiq qurumlar\u0131 \u00fc\u00e7\u00fcn yax\u015f\u0131 hal say\u0131lm\u0131r. Cinay\u0259ti t\u00f6r\u0259d\u0259nl\u0259r hadis\u0259 yerind\u0259n uzaqla\u015fandan sonra polis \u0259m\u0259kda\u015flar\u0131n\u0131n \u0259raziy\u0259 g\u0259lm\u0259si is\u0259 hadis\u0259nin d\u00fc\u015f\u00fcn\u00fclm\u00fc\u015f oldu\u011funu ehtimal etm\u0259y\u0259 \u0259sas verir. T\u0259xribat\u0131n t\u0259\u015fkilat\u00e7\u0131s\u0131 da Erm\u0259nistan\u0131n \u201cDa\u015fnaks\u00fctyun\u201d partiyas\u0131n\u0131n yerli \u015f\u00f6b\u0259si olub.<\/p>\n<p><img src=\"https:\/\/cdn.oxu.az\/uploads\/W1siZiIsIjIwMjMvMTAvMTMvMTYvMTIvMjkvMWIwOWY4NWMtZjAwOC00ZTE5LTliYjQtZTA2ZTY4NzYzNmRmLzk0OWM4NzU5LWI4ZDctMzIyYy04OWYzLTNjOWJkZDZhN2Y2OC5qcGciXSxbInAiLCJlbmNvZGUiLCJqcGciLCItcXVhbGl0eSA4MCJdLFsicCIsInRodW1iIiwiNTkweDU5MFx1MDAzZSJdXQ?sha=fdb95b015f9f1f07\" alt=\"\" \/><\/p>\n<p>S\u0259firliyin m\u00fchafiz\u0259sinin g\u00fccl\u0259ndirildiyi deyils\u0259 d\u0259, t\u0259xmin\u0259n bir ay sonra, sentyabr\u0131n 29-da erm\u0259ni etnik qrupunun n\u00fcmay\u0259nd\u0259l\u0259rind\u0259n ibar\u0259t bir d\u0259st\u0259 Az\u0259rbaycan\u0131n Beyrutdak\u0131 s\u0259firliyin\u0259 h\u00fccum etm\u0259y\u0259 s\u0259y g\u00f6st\u0259rib. Bu n\u0259dir? H\u018fMAS-\u0131n, F\u0259l\u0259stin m\u00fcs\u0259lmanlar\u0131n\u0131n m\u00fcdafi\u0259 olundu\u011fu, onlara g\u00f6r\u0259 \u0130sraill\u0259 m\u00fcharib\u0259y\u0259 giri\u015f\u0259n bir \u00f6lk\u0259d\u0259 Az\u0259rbaycan s\u0259firliyi h\u00fccuma m\u0259ruz qal\u0131r, T\u00fcrkiy\u0259 il\u0259 birlikd\u0259 onun d\u00f6vl\u0259t bayra\u011f\u0131 yand\u0131r\u0131l\u0131r, \u0259razi b\u00fct\u00f6vl\u00fcy\u00fcn\u0259 qar\u015f\u0131 \u015f\u00fcarlar s\u0259sl\u0259nir.<\/p>\n<p>\u018fslind\u0259, h\u0259min q\u00fcvv\u0259l\u0259r H\u018fMAS-\u0131n, yaxud m\u00fcs\u0259lmanlar\u0131n t\u0259\u0259ss\u00fcb\u00fcn\u00fc \u00e7\u0259kmir. Onlar yaranm\u0131\u015f v\u0259ziyy\u0259td\u0259n yararlanaraq Az\u0259rbaycan v\u0259 T\u00fcrkiy\u0259y\u0259 qar\u015f\u0131 d\u00fc\u015fm\u0259n\u00e7iliyi t\u0259bli\u011f edibl\u0259r.<\/p>\n<p>Bu tip aksiyalar\u0131n k\u00f6kl\u0259ri Livanla m\u0259hdudla\u015fm\u0131r. Bu, Livan-Erm\u0259nistan-Fransa \u00fc\u00e7l\u00fcy\u00fcn\u00fcn T\u00fcrkiy\u0259 v\u0259 Az\u0259rbaycana qar\u015f\u0131 m\u00f6vqel\u0259rinin t\u0259zah\u00fcr\u00fcd\u00fcr.<\/p>\n<p>1929-cu il yanvar\u0131n 25-d\u0259 Livan\u0131n paytaxt\u0131 Beyrutda erm\u0259nil\u0259rin Ba\u015f yeparxiyas\u0131 (M\u00fcq\u0259dd\u0259s \u0130lyas v\u0259 Nurland\u0131r\u0131c\u0131 Qriqorinin Kafedrali) t\u0259sis edilib. 1975-ci ild\u0259 is\u0259 Beyrutda erm\u0259nil\u0259rin ASALA terror qrupla\u015fmas\u0131 yarad\u0131l\u0131b. \u00d6zl\u0259rini antiimperialist adland\u0131rsalar da, \u0259slind\u0259, antit\u00fcrk f\u0259aliyy\u0259ti il\u0259 se\u00e7ilibl\u0259r. D\u00fczd\u00fcr, \u00f6zl\u0259rini buraxd\u0131qlar\u0131n\u0131 bildirs\u0259l\u0259r d\u0259, son hadis\u0259l\u0259r bunun formal oldu\u011funu t\u0259sdiql\u0259yir. Onlar\u0131n F\u0259l\u0259stin silahl\u0131lar\u0131 v\u0259 Suriyadak\u0131 PKK terror\u00e7ular\u0131 il\u0259 \u0259laq\u0259l\u0259rinin oldu\u011fu da m\u0259lumdur.<\/p>\n<p><img src=\"https:\/\/cdn.oxu.az\/uploads\/W1siZiIsIjIwMjMvMTAvMTMvMTYvMTIvMjkvNTYyODkyOGUtZDVmNS00ZjAzLWJkZDktNmU5MTAwZDlmZGNmL2JmOGEwZGIyLTgwN2YtMzE4Ni1hZWQ3LWJkMmM5ZThjMDdmMi5qcGciXSxbInAiLCJlbmNvZGUiLCJqcGciLCItcXVhbGl0eSA4MCJdLFsicCIsInRodW1iIiwiNTkweDU5MFx1MDAzZSJdXQ?sha=dec324910e2e29c7\" alt=\"\" \/><\/p>\n<p>Livan-Erm\u0259nistan-Fransa antit\u00fcrk z\u0259nciri Az\u0259rbaycan\u0131n V\u0259t\u0259n m\u00fcharib\u0259si zaman\u0131 da \u00f6z\u00fcn\u00fc daha qabar\u0131q g\u00f6st\u0259rdi. O zaman da Beyrutdak\u0131 erm\u0259ni kils\u0259si i\u015f\u011fal\u0131 v\u0259 d\u00fc\u015fm\u0259n\u00e7iliyi t\u0259bli\u011f ed\u0259n ba\u015fl\u0131ca rupor rolunda \u00e7\u0131x\u0131\u015f etdi. H\u0259tta Livandan terror\u00e7ular\u0131n Qaraba\u011fa g\u0259tiril\u0259r\u0259k Az\u0259rbaycana qar\u015f\u0131 d\u00f6y\u00fc\u015fl\u0259r\u0259 c\u0259lb edildiyin\u0259 dair m\u0259lumatlar yay\u0131l\u0131rd\u0131. Bu \u00f6lk\u0259 v\u0259t\u0259nda\u015flar\u0131n\u0131n Erm\u0259nistan\u0131n o vaxt i\u015f\u011fal alt\u0131nda saxlad\u0131\u011f\u0131 Az\u0259rbaycan b\u00f6lg\u0259l\u0259rind\u0259 yerl\u0259\u015fdirildikl\u0259ri d\u0259 sirr deyil. Torpaqlar i\u015f\u011faldan t\u0259mizl\u0259n\u0259nd\u0259n sonra \u00fc\u00e7l\u00fcy\u00fcn bu qanunsuz \u0259m\u0259li d\u0259 if\u015fa edildi. \u0130ndi d\u0259 r\u0259smi Paris Az\u0259rbaycanla Erm\u0259nistan aras\u0131nda yenid\u0259n vasit\u0259\u00e7i olmaq ist\u0259yir. Halbuki, AT\u018fT-in ke\u00e7mi\u015f Minsk qrupunun h\u0259ms\u0259dri kimi yar\u0131tmaz f\u0259aliyy\u0259t g\u00f6st\u0259rmi\u015fdi. Vasit\u0259\u00e7i iddias\u0131nda olmaq ist\u0259y\u0259n Fransa erm\u0259ni etnik qrupun Livanda Az\u0259rbaycan v\u0259 T\u00fcrkiy\u0259y\u0259 qar\u015f\u0131 t\u00f6r\u0259tdikl\u0259ri qanunazid \u0259m\u0259ll\u0259ri he\u00e7 vaxt t\u0259nqid etm\u0259yib. Halbuki, r\u0259smi Bak\u0131 il\u0259 yaranm\u0131\u015f soyuqlu\u011fu aradan qald\u0131rmaq \u00fc\u00e7\u00fcn bel\u0259 bir a\u00e7\u0131qlama yerin\u0259 d\u00fc\u015f\u0259rdi.<\/p>\n<p><img src=\"https:\/\/cdn.oxu.az\/uploads\/W1siZiIsIjIwMjMvMTAvMTMvMTYvMTIvMjkvN2M4MjM1MWEtMDI5OS00ZTAwLTk3YzctNzNlZGI5ZDdmOWQ1L2ZkZTFmMDk2LTljMTAtM2JkNi1hYTg0LTRiNTEyZGFiMjQ0NS5qcGVnIl0sWyJwIiwiZW5jb2RlIiwianBnIiwiLXF1YWxpdHkgODAiXSxbInAiLCJ0aHVtYiIsIjU5MHg1OTBcdTAwM2UiXV0?sha=6ee73158bd8039f3\" alt=\"\" \/><\/p>\n<p>Fransada H\u018fMAS-\u0131 d\u0259st\u0259kl\u0259y\u0259nl\u0259rin aksiyas\u0131 polis q\u00fcvv\u0259l\u0259ri t\u0259r\u0259find\u0259n da\u011f\u0131d\u0131l\u0131b.<\/p>\n<p>Dem\u0259li, Livandak\u0131lar\u0131n, Erm\u0259nistan v\u0259 Fransan\u0131n \u0259sas h\u0259d\u0259fi T\u00fcrkiy\u0259 v\u0259 Az\u0259rbaycand\u0131r. R\u0259smi \u0130r\u0259van\u0131n \u00e7\u0131x\u0131\u015flar\u0131, Yelisey saray\u0131n\u0131n ba\u015f\u00e7\u0131s\u0131 Emmanuel Makronun erm\u0259nil\u0259ri yersiz m\u00fcdafi\u0259si v\u0259 Beyrutda \u201cHizbullah\u201d\u0131n g\u00f6z\u00fc qaba\u011f\u0131nda Az\u0259rbaycana, T\u00fcrkiy\u0259y\u0259 qar\u015f\u0131 aksiyalar onlar\u0131n bir m\u0259rk\u0259zd\u0259n idar\u0259 edildikl\u0259rini t\u0259sdiql\u0259yir. Bu kimi \u0259m\u0259ll\u0259ri il\u0259 Paris Livan v\u0259 Erm\u0259nistandak\u0131 erm\u0259nil\u0259ri u\u00e7uruma s\u00fcr\u00fckl\u0259yir, onlar\u0131n qon\u015fular\u0131 il\u0259 s\u00fclh i\u00e7ind\u0259 ya\u015famalar\u0131n\u0131 \u0259ng\u0259ll\u0259yir. Odur ki, d\u00fc\u015fm\u0259n h\u0259r yerd\u0259 eyni dild\u0259, eyni xisl\u0259td\u0259dir. Onlar bu d\u00fc\u015fm\u0259nlik z\u0259h\u0259rini d\u00fcnya erm\u0259nil\u0259rin\u0259 yedizdirir, i\u00e7irdirl\u0259r&#8230;<\/p>\n<p><strong>\u201cReport\u201d \u0130nformasiya Agentliyi<\/strong><\/p>\n","protected":false},"excerpt":{"rendered":"<p>Dostlar d\u00fc\u015fm\u0259nl\u0259ri tan\u0131ma\u011fa da yard\u0131m edirl\u0259r. ASALA, PKK v\u0259 ba\u015fqa terror\u00e7u qrupla\u015fmalar, el\u0259c\u0259 d\u0259 Fransa kimi d\u00f6vl\u0259t he\u00e7 bir s\u0259b\u0259b v\u0259 izah g\u00f6st\u0259rm\u0259d\u0259n T\u00fcrkiy\u0259 il\u0259 m\u00fcbariz\u0259 apar\u0131blar. Onlar t\u00fcrk diplomatlar\u0131, i\u015f adamlar\u0131 v\u0259 n\u00fcfuzlu ictimai, siyasi xadiml\u0259r\u0259 qar\u015f\u0131 sui-q\u0259sdl\u0259r t\u0259\u015fkil edibl\u0259r. Terror\u00e7ular v\u0259 bu t\u0259f\u0259kk\u00fcrd\u0259 olan b\u0259zi qruplar m\u00fcst\u0259qilliyini b\u0259rpa etdikd\u0259n sonra Az\u0259rbaycan\u0131 da h\u0259d\u0259f al\u0131blar. Bu d\u00fc\u015fm\u0259n \u00fcns\u00fcrl\u0259r (onlar\u0131 ba\u015fqa c\u00fcr adland\u0131rmaq olmur &#8211; red.) b\u00fct\u00fcn f\u00fcrs\u0259tl\u0259rd\u0259n T\u00fcrkiy\u0259 v\u0259 Az\u0259rbaycana qar\u015f\u0131 istifad\u0259 edirl\u0259r. R\u0259smi Ankara v\u0259 Bak\u0131n\u0131n \u0130srail\u0259 v\u0259 F\u0259l\u0259stin\u0259 m\u00fcnasib\u0259ti m\u0259lumdur. H\u018fMAS-\u0130srail qar\u015f\u0131durmas\u0131nda da Az\u0259rbaycan v\u0259 T\u00fcrkiy\u0259 m\u00fcharib\u0259nin&hellip;<\/p>\n","protected":false},"author":2,"featured_media":645132,"comment_status":"closed","ping_status":"closed","sticky":false,"template":"","format":"standard","meta":{"om_disable_all_campaigns":false,"_monsterinsights_skip_tracking":false,"_monsterinsights_sitenote_active":false,"_monsterinsights_sitenote_note":"","_monsterinsights_sitenote_category":0},"categories":[4],"tags":[],"aioseo_notices":[],"gutentor_comment":0,"rttpg_featured_image_url":{"full":["https:\/\/arantv.az\/wp-content\/uploads\/2023\/10\/4d61a233-3f04-31e9-abff-e7a3b7fda670_850-1.jpg",620,413,false],"landscape":["https:\/\/arantv.az\/wp-content\/uploads\/2023\/10\/4d61a233-3f04-31e9-abff-e7a3b7fda670_850-1.jpg",620,413,false],"portraits":["https:\/\/arantv.az\/wp-content\/uploads\/2023\/10\/4d61a233-3f04-31e9-abff-e7a3b7fda670_850-1.jpg",620,413,false],"thumbnail":["https:\/\/arantv.az\/wp-content\/uploads\/2023\/10\/4d61a233-3f04-31e9-abff-e7a3b7fda670_850-1-500x280.jpg",500,280,true],"medium":["https:\/\/arantv.az\/wp-content\/uploads\/2023\/10\/4d61a233-3f04-31e9-abff-e7a3b7fda670_850-1-548x365.jpg",548,365,true],"large":["https:\/\/arantv.az\/wp-content\/uploads\/2023\/10\/4d61a233-3f04-31e9-abff-e7a3b7fda670_850-1.jpg",620,413,false],"1536x1536":["https:\/\/arantv.az\/wp-content\/uploads\/2023\/10\/4d61a233-3f04-31e9-abff-e7a3b7fda670_850-1.jpg",620,413,false],"2048x2048":["https:\/\/arantv.az\/wp-content\/uploads\/2023\/10\/4d61a233-3f04-31e9-abff-e7a3b7fda670_850-1.jpg",620,413,false],"post-thumbnail":["https:\/\/arantv.az\/wp-content\/uploads\/2023\/10\/4d61a233-3f04-31e9-abff-e7a3b7fda670_850-1-240x172.jpg",240,172,true],"advps-thumb-one":["https:\/\/arantv.az\/wp-content\/uploads\/2023\/10\/4d61a233-3f04-31e9-abff-e7a3b7fda670_850-1.jpg",620,413,false]},"rttpg_author":{"display_name":"V\u00fcsal Rafiqo\u011flu","author_link":"https:\/\/arantv.az\/?author=2"},"rttpg_comment":0,"rttpg_category":"<a href=\"https:\/\/arantv.az\/?cat=4\" rel=\"category\">Siyas\u0259t<\/a>","rttpg_excerpt":"Dostlar d\u00fc\u015fm\u0259nl\u0259ri tan\u0131ma\u011fa da yard\u0131m edirl\u0259r. ASALA, PKK v\u0259 ba\u015fqa terror\u00e7u qrupla\u015fmalar, el\u0259c\u0259 d\u0259 Fransa kimi d\u00f6vl\u0259t he\u00e7 bir s\u0259b\u0259b v\u0259 izah g\u00f6st\u0259rm\u0259d\u0259n T\u00fcrkiy\u0259 il\u0259 m\u00fcbariz\u0259 apar\u0131blar. Onlar t\u00fcrk diplomatlar\u0131, i\u015f adamlar\u0131 v\u0259 n\u00fcfuzlu ictimai, siyasi xadiml\u0259r\u0259 qar\u015f\u0131 sui-q\u0259sdl\u0259r t\u0259\u015fkil edibl\u0259r. Terror\u00e7ular v\u0259 bu t\u0259f\u0259kk\u00fcrd\u0259 olan b\u0259zi qruplar m\u00fcst\u0259qilliyini b\u0259rpa etdikd\u0259n sonra Az\u0259rbaycan\u0131 da h\u0259d\u0259f&hellip;","_links":{"self":[{"href":"https:\/\/arantv.az\/index.php?rest_route=\/wp\/v2\/posts\/645128"}],"collection":[{"href":"https:\/\/arantv.az\/index.php?rest_route=\/wp\/v2\/posts"}],"about":[{"href":"https:\/\/arantv.az\/index.php?rest_route=\/wp\/v2\/types\/post"}],"author":[{"embeddable":true,"href":"https:\/\/arantv.az\/index.php?rest_route=\/wp\/v2\/users\/2"}],"replies":[{"embeddable":true,"href":"https:\/\/arantv.az\/index.php?rest_route=%2Fwp%2Fv2%2Fcomments&post=645128"}],"version-history":[{"count":0,"href":"https:\/\/arantv.az\/index.php?rest_route=\/wp\/v2\/posts\/645128\/revisions"}],"wp:featuredmedia":[{"embeddable":true,"href":"https:\/\/arantv.az\/index.php?rest_route=\/wp\/v2\/media\/645132"}],"wp:attachment":[{"href":"https:\/\/arantv.az\/index.php?rest_route=%2Fwp%2Fv2%2Fmedia&parent=645128"}],"wp:term":[{"taxonomy":"category","embeddable":true,"href":"https:\/\/arantv.az\/index.php?rest_route=%2Fwp%2Fv2%2Fcategories&post=645128"},{"taxonomy":"post_tag","embeddable":true,"href":"https:\/\/arantv.az\/index.php?rest_route=%2Fwp%2Fv2%2Ftags&post=645128"}],"curies":[{"name":"wp","href":"https:\/\/api.w.org\/{rel}","templated":true}]}}