{"id":645138,"date":"2023-10-13T20:56:13","date_gmt":"2023-10-13T16:56:13","guid":{"rendered":"https:\/\/arantv.az\/?p=645138"},"modified":"2023-10-13T20:56:13","modified_gmt":"2023-10-13T16:56:13","slug":"bir-h%c9%99kimin-qazilik-hekay%c9%99si-%c9%99lil-olsam-da-yen%c9%99-c%c9%99bh%c9%99y%c9%99-ged%c9%99r%c9%99m-video","status":"publish","type":"post","link":"https:\/\/arantv.az\/?p=645138","title":{"rendered":"Bir h\u0259kimin qazilik hekay\u0259si: \u201c\u018flil olsam da, yen\u0259 c\u0259bh\u0259y\u0259 ged\u0259r\u0259m\u201d &#8211; V\u0130DEO"},"content":{"rendered":"<article class=\"news\">\n<div class=\"news-inner\">\n<p>Baku TV V\u0259t\u0259n m\u00fcharib\u0259si qazisi Ruslan Qurbanini ziyar\u0259t edib.<\/p>\n<p>H\u0259rbi h\u0259kim Ruslan Qurbani qazilik hekay\u0259sind\u0259n b\u0259hs edib.<\/p>\n<p>O qeyd edib ki, onlar\u0131n xidm\u0259t etdiyi h\u0259rbi hiss\u0259 sentyabr\u0131n 27-si d\u00f6y\u00fc\u015fl\u0259r ba\u015flayan zaman F\u00fczulinin Qaraxanb\u0259yli istiqam\u0259tind\u0259 h\u00fccuma ke\u00e7ib.<\/p>\n<p>\u201cOktyabr\u0131n 10-da m\u0259lumat verildi ki, yaral\u0131 \u0259sg\u0259rimiz var. Biz yaral\u0131n\u0131n oldu\u011fu yer\u0259 ged\u0259rk\u0259n ma\u015f\u0131n\u0131 vurdular. M\u0259n v\u0259 s\u00fcr\u00fcc\u00fc yaraland\u0131q. Bir m\u00fcdd\u0259t Az\u0259rbaycanda m\u00fcalic\u0259 olunduq. 2021-ci ilin iyun ay\u0131nda qarda\u015f T\u00fcrkiy\u0259y\u0259 m\u00fcalic\u0259min davam etdirilm\u0259si \u00fc\u00e7\u00fcn g\u00f6nd\u0259rildim. 2022-ci ild\u0259 avtomobil v\u0259 i\u015fl\u0259 t\u0259min olundum\u201d, &#8211;\u00a0R.Qurbani bildirib.<\/p>\n<p>\u018flil olma\u011f\u0131n\u0131 q\u00fcsur kimi g\u00f6rm\u0259diyini bildir\u0259n qazimiz ehtiyac olarsa, yen\u0259 d\u0259 c\u0259bh\u0259y\u0259 getm\u0259y\u0259 haz\u0131r oldu\u011funu deyib.<\/p>\n<p>\u018ftrafl\u0131 s\u00fcjetd\u0259:<\/p>\n<div><iframe loading=\"lazy\" title=\"YouTube video player\" src=\"https:\/\/www.youtube.com\/embed\/_2Upg7lP3WU?si=KuBaAWpRwlonTg8_\" width=\"560\" height=\"315\" frameborder=\"0\" allowfullscreen=\"allowfullscreen\" data-mce-fragment=\"1\"><\/iframe><\/div>\n<\/div>\n<\/article>\n","protected":false},"excerpt":{"rendered":"<p>Baku TV V\u0259t\u0259n m\u00fcharib\u0259si qazisi Ruslan Qurbanini ziyar\u0259t edib. H\u0259rbi h\u0259kim Ruslan Qurbani qazilik hekay\u0259sind\u0259n b\u0259hs edib. O qeyd edib ki, onlar\u0131n xidm\u0259t etdiyi h\u0259rbi hiss\u0259 sentyabr\u0131n 27-si d\u00f6y\u00fc\u015fl\u0259r ba\u015flayan zaman F\u00fczulinin Qaraxanb\u0259yli istiqam\u0259tind\u0259 h\u00fccuma ke\u00e7ib. \u201cOktyabr\u0131n 10-da m\u0259lumat verildi ki, yaral\u0131 \u0259sg\u0259rimiz var. Biz yaral\u0131n\u0131n oldu\u011fu yer\u0259 ged\u0259rk\u0259n ma\u015f\u0131n\u0131 vurdular. M\u0259n v\u0259 s\u00fcr\u00fcc\u00fc yaraland\u0131q. Bir m\u00fcdd\u0259t Az\u0259rbaycanda m\u00fcalic\u0259 olunduq. 2021-ci ilin iyun ay\u0131nda qarda\u015f T\u00fcrkiy\u0259y\u0259 m\u00fcalic\u0259min davam etdirilm\u0259si \u00fc\u00e7\u00fcn g\u00f6nd\u0259rildim. 2022-ci ild\u0259 avtomobil v\u0259 i\u015fl\u0259 t\u0259min olundum\u201d, &#8211;\u00a0R.Qurbani bildirib. \u018flil olma\u011f\u0131n\u0131 q\u00fcsur kimi g\u00f6rm\u0259diyini bildir\u0259n qazimiz ehtiyac olarsa, yen\u0259&hellip;<\/p>\n","protected":false},"author":2,"featured_media":645141,"comment_status":"closed","ping_status":"closed","sticky":false,"template":"","format":"standard","meta":{"om_disable_all_campaigns":false,"_monsterinsights_skip_tracking":false,"_monsterinsights_sitenote_active":false,"_monsterinsights_sitenote_note":"","_monsterinsights_sitenote_category":0},"categories":[1],"tags":[],"aioseo_notices":[],"gutentor_comment":0,"rttpg_featured_image_url":{"full":["https:\/\/arantv.az\/wp-content\/uploads\/2023\/10\/FotoJet-2023-10-13T194125.026.jpg",620,413,false],"landscape":["https:\/\/arantv.az\/wp-content\/uploads\/2023\/10\/FotoJet-2023-10-13T194125.026.jpg",620,413,false],"portraits":["https:\/\/arantv.az\/wp-content\/uploads\/2023\/10\/FotoJet-2023-10-13T194125.026.jpg",620,413,false],"thumbnail":["https:\/\/arantv.az\/wp-content\/uploads\/2023\/10\/FotoJet-2023-10-13T194125.026-500x280.jpg",500,280,true],"medium":["https:\/\/arantv.az\/wp-content\/uploads\/2023\/10\/FotoJet-2023-10-13T194125.026-548x365.jpg",548,365,true],"large":["https:\/\/arantv.az\/wp-content\/uploads\/2023\/10\/FotoJet-2023-10-13T194125.026.jpg",620,413,false],"1536x1536":["https:\/\/arantv.az\/wp-content\/uploads\/2023\/10\/FotoJet-2023-10-13T194125.026.jpg",620,413,false],"2048x2048":["https:\/\/arantv.az\/wp-content\/uploads\/2023\/10\/FotoJet-2023-10-13T194125.026.jpg",620,413,false],"post-thumbnail":["https:\/\/arantv.az\/wp-content\/uploads\/2023\/10\/FotoJet-2023-10-13T194125.026-240x172.jpg",240,172,true],"advps-thumb-one":["https:\/\/arantv.az\/wp-content\/uploads\/2023\/10\/FotoJet-2023-10-13T194125.026.jpg",620,413,false]},"rttpg_author":{"display_name":"V\u00fcsal Rafiqo\u011flu","author_link":"https:\/\/arantv.az\/?author=2"},"rttpg_comment":0,"rttpg_category":"<a href=\"https:\/\/arantv.az\/?cat=1\" rel=\"category\">C\u0259miyy\u0259t<\/a>","rttpg_excerpt":"Baku TV V\u0259t\u0259n m\u00fcharib\u0259si qazisi Ruslan Qurbanini ziyar\u0259t edib. H\u0259rbi h\u0259kim Ruslan Qurbani qazilik hekay\u0259sind\u0259n b\u0259hs edib. O qeyd edib ki, onlar\u0131n xidm\u0259t etdiyi h\u0259rbi hiss\u0259 sentyabr\u0131n 27-si d\u00f6y\u00fc\u015fl\u0259r ba\u015flayan zaman F\u00fczulinin Qaraxanb\u0259yli istiqam\u0259tind\u0259 h\u00fccuma ke\u00e7ib. \u201cOktyabr\u0131n 10-da m\u0259lumat verildi ki, yaral\u0131 \u0259sg\u0259rimiz var. Biz yaral\u0131n\u0131n oldu\u011fu yer\u0259 ged\u0259rk\u0259n ma\u015f\u0131n\u0131 vurdular. M\u0259n v\u0259 s\u00fcr\u00fcc\u00fc yaraland\u0131q.&hellip;","_links":{"self":[{"href":"https:\/\/arantv.az\/index.php?rest_route=\/wp\/v2\/posts\/645138"}],"collection":[{"href":"https:\/\/arantv.az\/index.php?rest_route=\/wp\/v2\/posts"}],"about":[{"href":"https:\/\/arantv.az\/index.php?rest_route=\/wp\/v2\/types\/post"}],"author":[{"embeddable":true,"href":"https:\/\/arantv.az\/index.php?rest_route=\/wp\/v2\/users\/2"}],"replies":[{"embeddable":true,"href":"https:\/\/arantv.az\/index.php?rest_route=%2Fwp%2Fv2%2Fcomments&post=645138"}],"version-history":[{"count":0,"href":"https:\/\/arantv.az\/index.php?rest_route=\/wp\/v2\/posts\/645138\/revisions"}],"wp:featuredmedia":[{"embeddable":true,"href":"https:\/\/arantv.az\/index.php?rest_route=\/wp\/v2\/media\/645141"}],"wp:attachment":[{"href":"https:\/\/arantv.az\/index.php?rest_route=%2Fwp%2Fv2%2Fmedia&parent=645138"}],"wp:term":[{"taxonomy":"category","embeddable":true,"href":"https:\/\/arantv.az\/index.php?rest_route=%2Fwp%2Fv2%2Fcategories&post=645138"},{"taxonomy":"post_tag","embeddable":true,"href":"https:\/\/arantv.az\/index.php?rest_route=%2Fwp%2Fv2%2Ftags&post=645138"}],"curies":[{"name":"wp","href":"https:\/\/api.w.org\/{rel}","templated":true}]}}