{"id":645145,"date":"2023-10-13T20:57:45","date_gmt":"2023-10-13T16:57:45","guid":{"rendered":"https:\/\/arantv.az\/?p=645145"},"modified":"2023-10-13T20:57:45","modified_gmt":"2023-10-13T16:57:45","slug":"susada-turksoy-daimi-surasinin-40-ci-iclasi-kecirilib-foto","status":"publish","type":"post","link":"https:\/\/arantv.az\/?p=645145","title":{"rendered":"\u015eu\u015fada T\u00dcRKSOY Daimi \u015euras\u0131n\u0131n 40-c\u0131 iclas\u0131 ke\u00e7irilib &#8211; FOTO"},"content":{"rendered":"<p>Oktyabr\u0131n 13-d\u0259 \u015eu\u015fada T\u00dcRKSOY M\u0259d\u0259niyy\u0259t Nazirl\u0259ri Daimi \u015euras\u0131n\u0131n 40-c\u0131 iclas\u0131 ke\u00e7irilib.<\/p>\n<p>\u201cReport\u201d\u00a0x\u0259b\u0259r verir ki, t\u0259dbir M\u0259d\u0259niyy\u0259t Nazirliyi v\u0259 T\u00dcRKSOY-un birg\u0259 t\u0259\u015fkilat\u00e7\u0131l\u0131\u011f\u0131 il\u0259 ger\u00e7\u0259kl\u0259\u015fib.<\/p>\n<p>\u0130clasda \u00e7\u0131x\u0131\u015f ed\u0259n m\u0259d\u0259niyy\u0259t naziri Adil K\u0259rimli iclas\u0131n \u0259h\u0259miyy\u0259tind\u0259n dan\u0131\u015f\u0131b. \u0130clasda m\u00fczakir\u0259 olunacaq m\u0259s\u0259l\u0259l\u0259rin \u00e7ox oldu\u011funu bildir\u0259n nazir i\u015ftirak\u00e7\u0131lar\u0131 q\u0259rarlar\u0131n q\u0259bul edilm\u0259sind\u0259 f\u0259al olma\u011fa \u00e7a\u011f\u0131r\u0131b.<\/p>\n<p>T\u00dcRKSOY-un Ba\u015f katibi Sultan Raev builki iclas\u0131n \u0259h\u0259miyy\u0259tli bir il\u0259 t\u0259sad\u00fcf etdiyini bildirib. Deyib ki, bu il ulu \u00f6nd\u0259r Heyd\u0259r \u018fliyevin anadan olmas\u0131n\u0131n 100 illiyi, T\u00fcrkiy\u0259 C\u00fcmhuriyy\u0259tinin yaranmas\u0131n\u0131n 100 illiyi v\u0259 T\u00dcRKSOY-un 30 illik yubileyl\u0259ridir.<\/p>\n<p>T\u00fcrk D\u00f6vl\u0259tl\u0259ri T\u0259\u015fkilat\u0131n\u0131n Ba\u015f katibi Kuban\u0131\u00e7bek \u00d6m\u00fcral\u0131yev iclas\u0131n m\u00fch\u00fcm q\u0259rarlarla yadda qalaca\u011f\u0131n\u0131 bildirib.<\/p>\n<p>Az\u0259rbaycan Respublikas\u0131 Prezidentinin \u015eu\u015fa rayonunda x\u00fcsusi n\u00fcmay\u0259nd\u0259si Ayd\u0131n K\u0259rimov qeyd edib ki, 2022-ci il mart\u0131n 31-d\u0259 T\u00fcrkiy\u0259nin Bursa \u015f\u0259h\u0259rind\u0259 T\u00dcRKSOY-a \u00fczv \u00f6lk\u0259l\u0259rin M\u0259d\u0259niyy\u0259t Nazirl\u0259ri Daimi \u015euras\u0131n\u0131n n\u00f6vb\u0259d\u0259nk\u0259nar iclas\u0131nda Az\u0259rbaycan\u0131n m\u0259d\u0259niyy\u0259t paytaxt\u0131 \u015eu\u015fa \u015f\u0259h\u0259ri 2023-c\u00fc il \u00fc\u00e7\u00fcn \u201cT\u00fcrk d\u00fcnyas\u0131n\u0131n m\u0259d\u0259niyy\u0259t paytaxt\u0131\u201d elan edilib. Bununla ba\u011fl\u0131 t\u0259dbirl\u0259r haqq\u0131nda Prezident\u00a0<strong>\u0130lham \u018fliyev<\/strong>\u00a0t\u0259r\u0259find\u0259n m\u00fcvafiq S\u0259r\u0259ncam imzalan\u0131b. S\u0259r\u0259ncama uy\u011fun olaraq, bu il \u015eu\u015fada m\u00fcxt\u0259lif t\u0259dbirl\u0259r h\u0259yata ke\u00e7irilib.<\/p>\n<p>Q\u0131r\u011f\u0131z Respublikas\u0131n\u0131n m\u0259d\u0259niyy\u0259t, informasiya, idman v\u0259 g\u0259ncl\u0259r siyas\u0259ti nazirinin birinci m\u00fcavini Kayrat \u0130manaliyev \u015eu\u015fada olmas\u0131ndan m\u0259mnunlu\u011funu qeyd edib, iclasda al\u0131nacaq q\u0259rarlar\u0131n \u00f6lk\u0259l\u0259rimizin g\u0259l\u0259c\u0259k \u0259m\u0259kda\u015fl\u0131\u011f\u0131na \u00f6z t\u00f6hf\u0259sini ver\u0259c\u0259yini diqq\u0259t\u0259 \u00e7atd\u0131r\u0131b.<\/p>\n<p>\u00d6zb\u0259kistan m\u0259d\u0259niyy\u0259t nazirinin birinci m\u00fcavini Bahodir Axmedov son ill\u0259r T\u00fcrk d\u00fcnyas\u0131n\u0131n m\u00fcxt\u0259lif \u0259h\u0259miyy\u0259tli layih\u0259l\u0259r\u0259 imza atd\u0131\u011f\u0131n\u0131 bildirib. Qeyd edib ki, bu layih\u0259l\u0259r xalq\u0131m\u0131z\u0131n birliyini daha da g\u00fccl\u0259ndir\u0259c\u0259k.<\/p>\n<p>T\u00fcrkiy\u0259 m\u0259d\u0259niyy\u0259t v\u0259 turizm nazirinin m\u00fcavini Serdar \u00c7am Az\u0259rbaycan Ordusunun q\u0259hr\u0259manl\u0131\u011f\u0131 say\u0259sind\u0259 d\u00fc\u015fm\u0259nd\u0259n azad edilmi\u015f \u015eu\u015fada bel\u0259 bir iclas\u0131n ke\u00e7irilm\u0259sinin t\u0259qdir\u0259layiq oldu\u011funu s\u00f6yl\u0259yib. O, iki il \u0259vv\u0259l \u015eu\u015faya s\u0259f\u0259r etdiyini, bu m\u00fcdd\u0259td\u0259 \u015f\u0259h\u0259rin \u00e7ox g\u00f6z\u0259ll\u0259\u015fdiyini vur\u011fulay\u0131b.<\/p>\n<p>\u015eimali Kipr T\u00fcrk Respublikas\u0131 Ba\u015f nazirinin m\u00fcavini &#8211;\u00a0turizm, m\u0259d\u0259niyy\u0259t, ya\u015fay\u0131\u015f v\u0259 \u0259traf m\u00fchit naziri Fikri Atao\u011flu T\u00fcrk d\u00fcnyas\u0131n\u0131n bir araya g\u0259lm\u0259si ad\u0131na T\u00dcRKSOY-un missiyas\u0131n\u0131 y\u00fcks\u0259k qiym\u0259tl\u0259ndirib, \u015eimali Kiprin T\u00fcrk d\u00fcnyas\u0131n\u0131n bir par\u00e7as\u0131 olmas\u0131ndan q\u00fcrur duyduqlar\u0131n\u0131 deyib.<\/p>\n<p>Sonra T\u00fcrkdilli \u00d6lk\u0259l\u0259rin Parlament Assambleyas\u0131n\u0131n (T\u00dcRKPA) Ba\u015f katibi Mehmet S\u00fcreyya Er, Beyn\u0259lxalq T\u00fcrk Akademiyas\u0131n\u0131n prezidenti \u015eahin Mustafayev v\u0259 ba\u015fqalar\u0131n\u0131n \u00e7\u0131x\u0131\u015flar\u0131 dinl\u0259nilib.<\/p>\n<p>\u0130clas daha sonra qapal\u0131 formatda i\u015fini davam etdirib, qar\u015f\u0131l\u0131ql\u0131 maraq do\u011furan m\u0259s\u0259l\u0259l\u0259r \u0259traf\u0131nda fikir m\u00fcbadil\u0259si apar\u0131l\u0131b.<\/p>\n<p>&nbsp;<\/p>\n<div class=\"gallery\">\n<div class=\"gallery-i\"><img src=\"https:\/\/cdn.oxu.az\/uploads\/W1siZiIsIjIwMjMvMTAvMTMvMTkvNDIvMDgvYWYxZTdkZGItZDdjNy00OTY5LThkNTAtYjAxZjAzMThmNjc2LzE2OTcyMTEyNTUyNDU4NTcyOF8xMjAweDYzMC5qcGciXSxbInAiLCJlbmNvZGUiLCJqcGciLCItcXVhbGl0eSA4MCJdLFsicCIsInRodW1iIiwiNTkweDU5MFx1MDAzZSJdXQ?sha=b8de62912fb1739a\" alt=\"\" \/><\/p>\n<div class=\"gallery-i-caption\"><\/div>\n<\/div>\n<div class=\"gallery-i\"><img src=\"https:\/\/cdn.oxu.az\/uploads\/W1siZiIsIjIwMjMvMTAvMTMvMTkvNDIvMDgvYzJkYTE1MWUtYjEyZS00YjkyLTg2NGItZGUxZmRjYjI3MWFmLzE2OTcyMTEyNTQyNjE5MzIxNzIwXzEyMDB4NjMwLmpwZyJdLFsicCIsImVuY29kZSIsImpwZyIsIi1xdWFsaXR5IDgwIl0sWyJwIiwidGh1bWIiLCI1OTB4NTkwXHUwMDNlIl1d?sha=a19c9c1f7368cc30\" alt=\"\" \/><\/p>\n<div class=\"gallery-i-caption\"><\/div>\n<\/div>\n<div class=\"gallery-i\"><img src=\"https:\/\/cdn.oxu.az\/uploads\/W1siZiIsIjIwMjMvMTAvMTMvMTkvNDIvMDgvOTk4MWU3NWItMmM3ZS00ZTEyLWE1ZWYtYjM5NGJmNWFiMDk4LzE2OTcyMTEyNTQ0MTE1MjQ0NzQ1XzEyMDB4NjMwLmpwZyJdLFsicCIsImVuY29kZSIsImpwZyIsIi1xdWFsaXR5IDgwIl0sWyJwIiwidGh1bWIiLCI1OTB4NTkwXHUwMDNlIl1d?sha=3e56579043d396de\" alt=\"\" \/><\/p>\n<div class=\"gallery-i-caption\"><\/div>\n<\/div>\n<div class=\"gallery-i\"><img src=\"https:\/\/cdn.oxu.az\/uploads\/W1siZiIsIjIwMjMvMTAvMTMvMTkvNDIvMDgvNzljMDY3MzItZTU3NS00YzZjLTljYTMtNjM1YzZkZWQ2MmI5LzE2OTcyMTEyNTQ1Njk1MTQ3MjE0XzEyMDB4NjMwLmpwZyJdLFsicCIsImVuY29kZSIsImpwZyIsIi1xdWFsaXR5IDgwIl0sWyJwIiwidGh1bWIiLCI1OTB4NTkwXHUwMDNlIl1d?sha=60da0c783ba83321\" alt=\"\" \/><\/p>\n<div class=\"gallery-i-caption\"><\/div>\n<\/div>\n<div class=\"gallery-i\"><img src=\"https:\/\/cdn.oxu.az\/uploads\/W1siZiIsIjIwMjMvMTAvMTMvMTkvNDIvMDkvOTExNDk4MDMtYTg1My00MzgzLThkMmUtNWE4ODUxNjQwYzEyLzE2OTcyMTEyNTQ1OTM1MDQzMDA2XzEyMDB4NjMwICgxKS5qcGciXSxbInAiLCJlbmNvZGUiLCJqcGciLCItcXVhbGl0eSA4MCJdLFsicCIsInRodW1iIiwiNTkweDU5MFx1MDAzZSJdXQ?sha=dc71f58c379ea899\" alt=\"\" \/><\/p>\n<div class=\"gallery-i-caption\"><\/div>\n<\/div>\n<div class=\"gallery-i\"><img src=\"https:\/\/cdn.oxu.az\/uploads\/W1siZiIsIjIwMjMvMTAvMTMvMTkvNDIvMDkvYmYxMzZlMWEtODg0OC00ZGIwLTgwYjUtMTcxM2I0NTZjNTgxLzE2OTcyMTEyNTQ1OTM1MDQzMDA2XzEyMDB4NjMwLmpwZyJdLFsicCIsImVuY29kZSIsImpwZyIsIi1xdWFsaXR5IDgwIl0sWyJwIiwidGh1bWIiLCI1OTB4NTkwXHUwMDNlIl1d?sha=6e9d6ab5d7a1d609\" alt=\"\" \/><\/p>\n<div class=\"gallery-i-caption\"><\/div>\n<\/div>\n<div class=\"gallery-i\"><img src=\"https:\/\/cdn.oxu.az\/uploads\/W1siZiIsIjIwMjMvMTAvMTMvMTkvNDIvMDkvZWNiMDA3NGYtMzhiYy00YTc4LTg1NTQtOTMyZDA2ZDBkNDA2LzE2OTcyMTEyNTUxMjkxMjQzMjUxXzEyMDB4NjMwLmpwZyJdLFsicCIsImVuY29kZSIsImpwZyIsIi1xdWFsaXR5IDgwIl0sWyJwIiwidGh1bWIiLCI1OTB4NTkwXHUwMDNlIl1d?sha=691b1964b6fad50f\" alt=\"\" \/><\/p>\n<div class=\"gallery-i-caption\"><\/div>\n<\/div>\n<div class=\"gallery-i\"><img src=\"https:\/\/cdn.oxu.az\/uploads\/W1siZiIsIjIwMjMvMTAvMTMvMTkvNDIvMDkvMjg2MDE0ZjEtZTM5Mi00MTRmLTkxYmMtODZhMTg2MWJiNzZmLzE2OTcyMTEyNTUyMTEyMDgzNDlfMTIwMHg2MzAuanBnIl0sWyJwIiwiZW5jb2RlIiwianBnIiwiLXF1YWxpdHkgODAiXSxbInAiLCJ0aHVtYiIsIjU5MHg1OTBcdTAwM2UiXV0?sha=46c7ae47e49a1003\" alt=\"\" \/><\/p>\n<div class=\"gallery-i-caption\"><\/div>\n<\/div>\n<div class=\"gallery-i\"><img src=\"https:\/\/cdn.oxu.az\/uploads\/W1siZiIsIjIwMjMvMTAvMTMvMTkvNDIvMDkvYWE2NTU2OTUtNzNjZS00OGY0LTgxNGUtZGU0MWU1MDgzMzI4LzE2OTcyMTEyNTU0OTI1MjI3OTdfMTIwMHg2MzAuanBnIl0sWyJwIiwiZW5jb2RlIiwianBnIiwiLXF1YWxpdHkgODAiXSxbInAiLCJ0aHVtYiIsIjU5MHg1OTBcdTAwM2UiXV0?sha=c2f54c8b694eda09\" alt=\"\" \/><\/p>\n<div class=\"gallery-i-caption\"><\/div>\n<\/div>\n<div class=\"gallery-i\"><img src=\"https:\/\/cdn.oxu.az\/uploads\/W1siZiIsIjIwMjMvMTAvMTMvMTkvNDIvMDkvYTU3OWZmYTQtOGY4ZS00MTE0LTg5NTAtMTEyOTNiZjM2MjRlLzE2OTcyMTEyNTU2NDMwNzU2OTc1XzEyMDB4NjMwLmpwZyJdLFsicCIsImVuY29kZSIsImpwZyIsIi1xdWFsaXR5IDgwIl0sWyJwIiwidGh1bWIiLCI1OTB4NTkwXHUwMDNlIl1d?sha=6d888c2aa642b013\" alt=\"\" \/><\/p>\n<div class=\"gallery-i-caption\"><\/div>\n<\/div>\n<div class=\"gallery-i\"><img src=\"https:\/\/cdn.oxu.az\/uploads\/W1siZiIsIjIwMjMvMTAvMTMvMTkvNDIvMTAvNmI3YjllMTctYzEzZi00Mjg1LTk1ODEtN2Y0NWI2MjYyZThkLzE2OTcyMTEyNTU3ODc4MzM4NzFfMTIwMHg2MzAuanBnIl0sWyJwIiwiZW5jb2RlIiwianBnIiwiLXF1YWxpdHkgODAiXSxbInAiLCJ0aHVtYiIsIjU5MHg1OTBcdTAwM2UiXV0?sha=eea3d876f04e7959\" alt=\"\" \/><\/div>\n<\/div>\n","protected":false},"excerpt":{"rendered":"<p>Oktyabr\u0131n 13-d\u0259 \u015eu\u015fada T\u00dcRKSOY M\u0259d\u0259niyy\u0259t Nazirl\u0259ri Daimi \u015euras\u0131n\u0131n 40-c\u0131 iclas\u0131 ke\u00e7irilib. \u201cReport\u201d\u00a0x\u0259b\u0259r verir ki, t\u0259dbir M\u0259d\u0259niyy\u0259t Nazirliyi v\u0259 T\u00dcRKSOY-un birg\u0259 t\u0259\u015fkilat\u00e7\u0131l\u0131\u011f\u0131 il\u0259 ger\u00e7\u0259kl\u0259\u015fib. \u0130clasda \u00e7\u0131x\u0131\u015f ed\u0259n m\u0259d\u0259niyy\u0259t naziri Adil K\u0259rimli iclas\u0131n \u0259h\u0259miyy\u0259tind\u0259n dan\u0131\u015f\u0131b. \u0130clasda m\u00fczakir\u0259 olunacaq m\u0259s\u0259l\u0259l\u0259rin \u00e7ox oldu\u011funu bildir\u0259n nazir i\u015ftirak\u00e7\u0131lar\u0131 q\u0259rarlar\u0131n q\u0259bul edilm\u0259sind\u0259 f\u0259al olma\u011fa \u00e7a\u011f\u0131r\u0131b. T\u00dcRKSOY-un Ba\u015f katibi Sultan Raev builki iclas\u0131n \u0259h\u0259miyy\u0259tli bir il\u0259 t\u0259sad\u00fcf etdiyini bildirib. Deyib ki, bu il ulu \u00f6nd\u0259r Heyd\u0259r \u018fliyevin anadan olmas\u0131n\u0131n 100 illiyi, T\u00fcrkiy\u0259 C\u00fcmhuriyy\u0259tinin yaranmas\u0131n\u0131n 100 illiyi v\u0259 T\u00dcRKSOY-un 30 illik yubileyl\u0259ridir. T\u00fcrk D\u00f6vl\u0259tl\u0259ri T\u0259\u015fkilat\u0131n\u0131n Ba\u015f katibi Kuban\u0131\u00e7bek \u00d6m\u00fcral\u0131yev&hellip;<\/p>\n","protected":false},"author":2,"featured_media":645148,"comment_status":"closed","ping_status":"closed","sticky":false,"template":"","format":"standard","meta":{"om_disable_all_campaigns":false,"_monsterinsights_skip_tracking":false,"_monsterinsights_sitenote_active":false,"_monsterinsights_sitenote_note":"","_monsterinsights_sitenote_category":0},"categories":[1],"tags":[],"aioseo_notices":[],"gutentor_comment":0,"rttpg_featured_image_url":{"full":["https:\/\/arantv.az\/wp-content\/uploads\/2023\/10\/16972112545639923900_1200x630.jpg",620,413,false],"landscape":["https:\/\/arantv.az\/wp-content\/uploads\/2023\/10\/16972112545639923900_1200x630.jpg",620,413,false],"portraits":["https:\/\/arantv.az\/wp-content\/uploads\/2023\/10\/16972112545639923900_1200x630.jpg",620,413,false],"thumbnail":["https:\/\/arantv.az\/wp-content\/uploads\/2023\/10\/16972112545639923900_1200x630-500x280.jpg",500,280,true],"medium":["https:\/\/arantv.az\/wp-content\/uploads\/2023\/10\/16972112545639923900_1200x630-548x365.jpg",548,365,true],"large":["https:\/\/arantv.az\/wp-content\/uploads\/2023\/10\/16972112545639923900_1200x630.jpg",620,413,false],"1536x1536":["https:\/\/arantv.az\/wp-content\/uploads\/2023\/10\/16972112545639923900_1200x630.jpg",620,413,false],"2048x2048":["https:\/\/arantv.az\/wp-content\/uploads\/2023\/10\/16972112545639923900_1200x630.jpg",620,413,false],"post-thumbnail":["https:\/\/arantv.az\/wp-content\/uploads\/2023\/10\/16972112545639923900_1200x630-240x172.jpg",240,172,true],"advps-thumb-one":["https:\/\/arantv.az\/wp-content\/uploads\/2023\/10\/16972112545639923900_1200x630.jpg",620,413,false]},"rttpg_author":{"display_name":"V\u00fcsal Rafiqo\u011flu","author_link":"https:\/\/arantv.az\/?author=2"},"rttpg_comment":0,"rttpg_category":"<a href=\"https:\/\/arantv.az\/?cat=1\" rel=\"category\">C\u0259miyy\u0259t<\/a>","rttpg_excerpt":"Oktyabr\u0131n 13-d\u0259 \u015eu\u015fada T\u00dcRKSOY M\u0259d\u0259niyy\u0259t Nazirl\u0259ri Daimi \u015euras\u0131n\u0131n 40-c\u0131 iclas\u0131 ke\u00e7irilib. \u201cReport\u201d\u00a0x\u0259b\u0259r verir ki, t\u0259dbir M\u0259d\u0259niyy\u0259t Nazirliyi v\u0259 T\u00dcRKSOY-un birg\u0259 t\u0259\u015fkilat\u00e7\u0131l\u0131\u011f\u0131 il\u0259 ger\u00e7\u0259kl\u0259\u015fib. \u0130clasda \u00e7\u0131x\u0131\u015f ed\u0259n m\u0259d\u0259niyy\u0259t naziri Adil K\u0259rimli iclas\u0131n \u0259h\u0259miyy\u0259tind\u0259n dan\u0131\u015f\u0131b. \u0130clasda m\u00fczakir\u0259 olunacaq m\u0259s\u0259l\u0259l\u0259rin \u00e7ox oldu\u011funu bildir\u0259n nazir i\u015ftirak\u00e7\u0131lar\u0131 q\u0259rarlar\u0131n q\u0259bul edilm\u0259sind\u0259 f\u0259al olma\u011fa \u00e7a\u011f\u0131r\u0131b. T\u00dcRKSOY-un Ba\u015f katibi Sultan Raev builki iclas\u0131n&hellip;","_links":{"self":[{"href":"https:\/\/arantv.az\/index.php?rest_route=\/wp\/v2\/posts\/645145"}],"collection":[{"href":"https:\/\/arantv.az\/index.php?rest_route=\/wp\/v2\/posts"}],"about":[{"href":"https:\/\/arantv.az\/index.php?rest_route=\/wp\/v2\/types\/post"}],"author":[{"embeddable":true,"href":"https:\/\/arantv.az\/index.php?rest_route=\/wp\/v2\/users\/2"}],"replies":[{"embeddable":true,"href":"https:\/\/arantv.az\/index.php?rest_route=%2Fwp%2Fv2%2Fcomments&post=645145"}],"version-history":[{"count":0,"href":"https:\/\/arantv.az\/index.php?rest_route=\/wp\/v2\/posts\/645145\/revisions"}],"wp:featuredmedia":[{"embeddable":true,"href":"https:\/\/arantv.az\/index.php?rest_route=\/wp\/v2\/media\/645148"}],"wp:attachment":[{"href":"https:\/\/arantv.az\/index.php?rest_route=%2Fwp%2Fv2%2Fmedia&parent=645145"}],"wp:term":[{"taxonomy":"category","embeddable":true,"href":"https:\/\/arantv.az\/index.php?rest_route=%2Fwp%2Fv2%2Fcategories&post=645145"},{"taxonomy":"post_tag","embeddable":true,"href":"https:\/\/arantv.az\/index.php?rest_route=%2Fwp%2Fv2%2Ftags&post=645145"}],"curies":[{"name":"wp","href":"https:\/\/api.w.org\/{rel}","templated":true}]}}