{"id":645150,"date":"2023-10-13T20:58:06","date_gmt":"2023-10-13T16:58:06","guid":{"rendered":"https:\/\/arantv.az\/?p=645150"},"modified":"2023-10-13T20:58:06","modified_gmt":"2023-10-13T16:58:06","slug":"az%c9%99rbaycan-emmanuel-makrona-d%c9%99rs-verdi-r%c9%99y-foto","status":"publish","type":"post","link":"https:\/\/arantv.az\/?p=645150","title":{"rendered":"\u201cAz\u0259rbaycan Emmanuel Makrona d\u0259rs verdi\u201d &#8211; R\u018fY + FOTO"},"content":{"rendered":"<p>\u201cAz\u0259rbaycan\u0131n Fransa Prezidenti Emmanuel Makronun i\u015ftirak etdiyi h\u0259r hans\u0131 bir m\u00fczakir\u0259d\u0259n imtina etm\u0259si Paris \u00fc\u00e7\u00fcn ibr\u0259tamiz d\u0259rsdir\u201d.<\/p>\n<p>Bunu \u201cReport\u201da a\u00e7\u0131qlamas\u0131nda Milli M\u0259clisin Beyn\u0259lxalq m\u00fcnasib\u0259tl\u0259r v\u0259 parlamentl\u0259raras\u0131 \u0259laq\u0259l\u0259r komit\u0259sinin \u00fczv\u00fc, deputat Cavan\u015fir Feyziyev deyib.<\/p>\n<p>Onun s\u00f6zl\u0259rin\u0259 g\u00f6r\u0259, Fransan\u0131n h\u0259m daxili, h\u0259m d\u0259 xarici siyas\u0259ti E.Makronun \u00f6lk\u0259y\u0259 r\u0259hb\u0259rliyi d\u00f6vr\u00fcnd\u0259 n\u0259z\u0259r\u0259\u00e7arpan d\u0259r\u0259c\u0259d\u0259 deqradasiyaya u\u011fray\u0131b:<\/p>\n<p>\u201c\u00d6lk\u0259 daxilind\u0259 insan h\u00fcquqlar\u0131n\u0131n pozulmas\u0131, Makron h\u00f6kum\u0259tinin islahatlar\u0131na qar\u015f\u0131 dinc n\u00fcmayi\u015fl\u0259rin q\u0259ddarl\u0131qla da\u011f\u0131d\u0131lmas\u0131, etiraz aksiyalar\u0131nda \u201csar\u0131 jiletlil\u0259r\u201d h\u0259r\u0259kat\u0131n\u0131n bir ne\u00e7\u0259 \u00fczv\u00fcn\u00fcn \u00f6ld\u00fcr\u00fclm\u0259si v\u0259 yaralanmas\u0131 d\u00f6vl\u0259tin apard\u0131\u011f\u0131 daxili siyas\u0259tin he\u00e7 d\u0259 q\u0259na\u0259tb\u0259x\u015f olmad\u0131\u011f\u0131n\u0131, insan haqlar\u0131n\u0131n kobud \u015f\u0259kild\u0259 pozuldu\u011funu t\u0259sdiql\u0259y\u0259n hadis\u0259l\u0259rdir. Fransa BMT T\u0259hl\u00fck\u0259sizlik \u015euras\u0131n\u0131n daimi \u00fczv\u00fc kimi beyn\u0259lxalq siyas\u0259td\u0259 d\u0259 \u0259sas s\u00f6z sahibl\u0259rind\u0259n biridir. Ancaq bu istiqam\u0259td\u0259 d\u0259 Yelisey saray\u0131 t\u0259r\u0259find\u0259n at\u0131lan add\u0131mlar\u0131n bir \u00e7ox hallarda beyn\u0259lxalq h\u00fcquq normalar\u0131na zidd oldu\u011fu a\u00e7\u0131q-a\u015fkar g\u00f6r\u00fcn\u00fcr. Fransan\u0131n h\u0259l\u0259 d\u0259 m\u00fcst\u0259ml\u0259k\u0259\u00e7ilik \u0259sar\u0259tind\u0259 saxlama\u011fa \u00e7al\u0131\u015fd\u0131\u011f\u0131 bir s\u0131ra Afrika \u00f6lk\u0259l\u0259rind\u0259 Fransa siyas\u0259tin\u0259 qar\u015f\u0131 g\u00fccl\u0259n\u0259n etiraz dal\u011fas\u0131 onlar\u0131n yeni m\u00fcst\u0259ml\u0259k\u0259\u00e7ilik siyas\u0259tinin iflasa u\u011frad\u0131\u011f\u0131n\u0131 g\u00f6st\u0259rir\u201d.<\/p>\n<p><img src=\"https:\/\/cdn.oxu.az\/uploads\/W1siZiIsIjIwMjMvMTAvMTMvMTcvMzQvMjMvOWQ1N2ZkY2EtOTVhNS00ODM4LTgwOTMtNzE3ZDhlYzQ1NzNjL2FhYjc0NDBjLTU4ZTYtMzg2Ny05MThkLWQwNDk2MmUwYTViZi5qcGciXSxbInAiLCJlbmNvZGUiLCJqcGciLCItcXVhbGl0eSA4MCJdLFsicCIsInRodW1iIiwiNTkweDU5MFx1MDAzZSJdXQ?sha=3de653b122ff0415\" alt=\"\" \/><\/p>\n<p>Deputat qeyd edib ki, 2020-ci ild\u0259n ba\u015flayaraq E.Makronun Az\u0259rbaycana v\u0259 T\u00fcrkiy\u0259y\u0259 qar\u015f\u0131 demar\u015f c\u0259hdl\u0259ri d\u0259 Parisin siyas\u0259tinin iki\u00fczl\u00fcl\u00fcy\u00fcn\u00fcn v\u0259 riyakarl\u0131\u011f\u0131n\u0131n s\u00fcbutudur:<\/p>\n<p>\u201cQaraba\u011fla ba\u011fl\u0131 Az\u0259rbaycan v\u0259 Erm\u0259nistan aras\u0131nda m\u00fcnaqi\u015f\u0259nin h\u0259llind\u0259 guya \u0259dal\u0259tli v\u0259 t\u0259r\u0259fsiz vasit\u0259\u00e7i olma\u011fa iddia ed\u0259n Fransa Emmanuel Makronun prezidentliyi d\u00f6vr\u00fcnd\u0259 a\u00e7\u0131q-a\u015fkar Erm\u0259nistan\u0131n i\u015f\u011fal\u00e7\u0131l\u0131q siyas\u0259tin\u0259 d\u0259st\u0259k verdiyini b\u0259yan edib. Prezident Makronun 44 g\u00fcnl\u00fck m\u00fcharib\u0259 zaman\u0131 Erm\u0259nistan\u0131n haqs\u0131z m\u00f6vqeyini d\u0259st\u0259kl\u0259m\u0259k \u00fc\u00e7\u00fcn yalan v\u0259 iftiralarla dolu b\u0259yanatlar verm\u0259sini is\u0259 x\u00fcsusil\u0259 son zamanlar beyn\u0259lxalq siyas\u0259td\u0259 az rast g\u0259lin\u0259n siyasi \u0259xlaqs\u0131zl\u0131q n\u00fcmun\u0259si hesab etm\u0259k olar. M\u00fcharib\u0259 ba\u015fa \u00e7atd\u0131qdan sonra Az\u0259rbaycan v\u0259 Erm\u0259nistan aras\u0131nda m\u00fcnasib\u0259tl\u0259rin normalla\u015fmas\u0131 \u00fc\u00e7\u00fcn m\u00fcnbit z\u0259min yaranm\u0131\u015fd\u0131\u201d.<\/p>\n<p>C.Feyziyev xat\u0131rlad\u0131b ki, m\u00fcharib\u0259d\u0259n sonra Erm\u0259nistan siyasi hakimiyy\u0259ti Az\u0259rbaycanla m\u00fcnasib\u0259tl\u0259ri normalla\u015fd\u0131rma\u011fa haz\u0131r oldu\u011funu b\u0259yan etmi\u015fdi:<\/p>\n<p>\u201cLakin Prezident Makronun s\u00fclh dan\u0131\u015f\u0131qlar\u0131na m\u00fcdaxil\u0259si Erm\u0259nistan\u0131n m\u00f6vqeyini d\u0259yi\u015fdirdi, orada revan\u015fist q\u00fcvv\u0259l\u0259rin f\u0259alla\u015fmas\u0131na v\u0259 n\u0259tic\u0259 etibar\u0131 il\u0259 s\u00fclh dan\u0131\u015f\u0131qlar\u0131n\u0131n dalana dir\u0259nm\u0259sin\u0259 g\u0259tirib \u00e7\u0131xard\u0131. Odur ki, Az\u0259rbaycan haql\u0131 olaraq Makronun i\u015ftirak\u0131 olan h\u0259r hans\u0131 m\u00fczakir\u0259l\u0259rd\u0259n imtina etm\u0259li oldu. Bu, \u0259slind\u0259, Fransa \u00fc\u00e7\u00fcn ibr\u0259tamiz bir d\u0259rs olmal\u0131 idi. Ancaq biz g\u00f6r\u00fcr\u00fck ki, Makron siyasi m\u00fcst\u0259vid\u0259 uduzma\u011f\u0131n\u0131 h\u0259zm ed\u0259 bilmir. O \u0259vv\u0259lki kimi C\u0259nubi Qafqazda s\u00fclh v\u0259 t\u0259hl\u00fck\u0259sizlik m\u00fchitinin b\u0259rpa olunmas\u0131na mane\u00e7ilik t\u00f6r\u0259tm\u0259y\u0259 c\u0259hd g\u00f6st\u0259rir v\u0259 bu m\u0259qs\u0259dl\u0259 d\u0259 Erm\u0259nistandan istifad\u0259 etm\u0259y\u0259 \u00e7al\u0131\u015f\u0131r.<\/p>\n<p><img src=\"https:\/\/cdn.oxu.az\/uploads\/W1siZiIsIjIwMjMvMTAvMTMvMTcvMzQvMjMvZmNiODdiZDUtNmIyZC00ODYwLTk2YmYtOTFkYzRmMGIxZTI0Lzc2NjhjNTBmLTRiM2ItMzZmMS1iZDY2LWY1YjIxZWMyNmE0Yi5qcGciXSxbInAiLCJlbmNvZGUiLCJqcGciLCItcXVhbGl0eSA4MCJdLFsicCIsInRodW1iIiwiNTkweDU5MFx1MDAzZSJdXQ?sha=619dad3571e45781\" alt=\"\" \/><\/p>\n<p>Z\u0259nnimc\u0259, art\u0131q Erm\u0259nistanda da b\u0259zi siyas\u0259t\u00e7il\u0259r ba\u015fa d\u00fc\u015f\u00fcrl\u0259r ki, Makronun m\u0259qs\u0259di erm\u0259nil\u0259rin t\u0259hl\u00fck\u0259sizliyin\u0259 t\u00f6hf\u0259 verm\u0259k yox, onlar\u0131n bu a\u011f\u0131r v\u0259ziyy\u0259tind\u0259n sui-istifad\u0259 etm\u0259kl\u0259 Erm\u0259nistan\u0131 \u00f6z\u00fcn\u00fcn yeni m\u00fcst\u0259ml\u0259k\u0259sin\u0259 \u00e7evirm\u0259kd\u0259n ibar\u0259tdir. Bu is\u0259 b\u00fct\u00f6vl\u00fckd\u0259 C\u0259nubi Qafqaz b\u00f6lg\u0259sinin maraqlar\u0131na ziddir. Ona g\u00f6r\u0259 d\u0259 d\u00fc\u015f\u00fcn\u00fcr\u0259m ki, h\u0259tta Erm\u0259nistan Fransan\u0131n forpostu olma\u011fa raz\u0131la\u015fsa bel\u0259, dig\u0259r b\u00f6lg\u0259 d\u00f6vl\u0259tl\u0259ri &#8211; T\u00fcrkiy\u0259, Az\u0259rbaycan, G\u00fcrc\u00fcstan v\u0259 Rusiya buna yol verm\u0259y\u0259c\u0259kl\u0259r\u201d.<\/p>\n","protected":false},"excerpt":{"rendered":"<p>\u201cAz\u0259rbaycan\u0131n Fransa Prezidenti Emmanuel Makronun i\u015ftirak etdiyi h\u0259r hans\u0131 bir m\u00fczakir\u0259d\u0259n imtina etm\u0259si Paris \u00fc\u00e7\u00fcn ibr\u0259tamiz d\u0259rsdir\u201d. Bunu \u201cReport\u201da a\u00e7\u0131qlamas\u0131nda Milli M\u0259clisin Beyn\u0259lxalq m\u00fcnasib\u0259tl\u0259r v\u0259 parlamentl\u0259raras\u0131 \u0259laq\u0259l\u0259r komit\u0259sinin \u00fczv\u00fc, deputat Cavan\u015fir Feyziyev deyib. Onun s\u00f6zl\u0259rin\u0259 g\u00f6r\u0259, Fransan\u0131n h\u0259m daxili, h\u0259m d\u0259 xarici siyas\u0259ti E.Makronun \u00f6lk\u0259y\u0259 r\u0259hb\u0259rliyi d\u00f6vr\u00fcnd\u0259 n\u0259z\u0259r\u0259\u00e7arpan d\u0259r\u0259c\u0259d\u0259 deqradasiyaya u\u011fray\u0131b: \u201c\u00d6lk\u0259 daxilind\u0259 insan h\u00fcquqlar\u0131n\u0131n pozulmas\u0131, Makron h\u00f6kum\u0259tinin islahatlar\u0131na qar\u015f\u0131 dinc n\u00fcmayi\u015fl\u0259rin q\u0259ddarl\u0131qla da\u011f\u0131d\u0131lmas\u0131, etiraz aksiyalar\u0131nda \u201csar\u0131 jiletlil\u0259r\u201d h\u0259r\u0259kat\u0131n\u0131n bir ne\u00e7\u0259 \u00fczv\u00fcn\u00fcn \u00f6ld\u00fcr\u00fclm\u0259si v\u0259 yaralanmas\u0131 d\u00f6vl\u0259tin apard\u0131\u011f\u0131 daxili siyas\u0259tin he\u00e7 d\u0259 q\u0259na\u0259tb\u0259x\u015f olmad\u0131\u011f\u0131n\u0131, insan haqlar\u0131n\u0131n kobud \u015f\u0259kild\u0259 pozuldu\u011funu t\u0259sdiql\u0259y\u0259n hadis\u0259l\u0259rdir.&hellip;<\/p>\n","protected":false},"author":2,"featured_media":645151,"comment_status":"closed","ping_status":"closed","sticky":false,"template":"","format":"standard","meta":{"om_disable_all_campaigns":false,"_monsterinsights_skip_tracking":false,"_monsterinsights_sitenote_active":false,"_monsterinsights_sitenote_note":"","_monsterinsights_sitenote_category":0},"categories":[4],"tags":[],"aioseo_notices":[],"gutentor_comment":0,"rttpg_featured_image_url":{"full":["https:\/\/arantv.az\/wp-content\/uploads\/2023\/10\/44796b23-1d16-34cf-bfc4-885aacecbdd0_850.jpg",620,413,false],"landscape":["https:\/\/arantv.az\/wp-content\/uploads\/2023\/10\/44796b23-1d16-34cf-bfc4-885aacecbdd0_850.jpg",620,413,false],"portraits":["https:\/\/arantv.az\/wp-content\/uploads\/2023\/10\/44796b23-1d16-34cf-bfc4-885aacecbdd0_850.jpg",620,413,false],"thumbnail":["https:\/\/arantv.az\/wp-content\/uploads\/2023\/10\/44796b23-1d16-34cf-bfc4-885aacecbdd0_850-500x280.jpg",500,280,true],"medium":["https:\/\/arantv.az\/wp-content\/uploads\/2023\/10\/44796b23-1d16-34cf-bfc4-885aacecbdd0_850-548x365.jpg",548,365,true],"large":["https:\/\/arantv.az\/wp-content\/uploads\/2023\/10\/44796b23-1d16-34cf-bfc4-885aacecbdd0_850.jpg",620,413,false],"1536x1536":["https:\/\/arantv.az\/wp-content\/uploads\/2023\/10\/44796b23-1d16-34cf-bfc4-885aacecbdd0_850.jpg",620,413,false],"2048x2048":["https:\/\/arantv.az\/wp-content\/uploads\/2023\/10\/44796b23-1d16-34cf-bfc4-885aacecbdd0_850.jpg",620,413,false],"post-thumbnail":["https:\/\/arantv.az\/wp-content\/uploads\/2023\/10\/44796b23-1d16-34cf-bfc4-885aacecbdd0_850-240x172.jpg",240,172,true],"advps-thumb-one":["https:\/\/arantv.az\/wp-content\/uploads\/2023\/10\/44796b23-1d16-34cf-bfc4-885aacecbdd0_850.jpg",620,413,false]},"rttpg_author":{"display_name":"V\u00fcsal Rafiqo\u011flu","author_link":"https:\/\/arantv.az\/?author=2"},"rttpg_comment":0,"rttpg_category":"<a href=\"https:\/\/arantv.az\/?cat=4\" rel=\"category\">Siyas\u0259t<\/a>","rttpg_excerpt":"\u201cAz\u0259rbaycan\u0131n Fransa Prezidenti Emmanuel Makronun i\u015ftirak etdiyi h\u0259r hans\u0131 bir m\u00fczakir\u0259d\u0259n imtina etm\u0259si Paris \u00fc\u00e7\u00fcn ibr\u0259tamiz d\u0259rsdir\u201d. Bunu \u201cReport\u201da a\u00e7\u0131qlamas\u0131nda Milli M\u0259clisin Beyn\u0259lxalq m\u00fcnasib\u0259tl\u0259r v\u0259 parlamentl\u0259raras\u0131 \u0259laq\u0259l\u0259r komit\u0259sinin \u00fczv\u00fc, deputat Cavan\u015fir Feyziyev deyib. Onun s\u00f6zl\u0259rin\u0259 g\u00f6r\u0259, Fransan\u0131n h\u0259m daxili, h\u0259m d\u0259 xarici siyas\u0259ti E.Makronun \u00f6lk\u0259y\u0259 r\u0259hb\u0259rliyi d\u00f6vr\u00fcnd\u0259 n\u0259z\u0259r\u0259\u00e7arpan d\u0259r\u0259c\u0259d\u0259 deqradasiyaya u\u011fray\u0131b: \u201c\u00d6lk\u0259 daxilind\u0259 insan h\u00fcquqlar\u0131n\u0131n&hellip;","_links":{"self":[{"href":"https:\/\/arantv.az\/index.php?rest_route=\/wp\/v2\/posts\/645150"}],"collection":[{"href":"https:\/\/arantv.az\/index.php?rest_route=\/wp\/v2\/posts"}],"about":[{"href":"https:\/\/arantv.az\/index.php?rest_route=\/wp\/v2\/types\/post"}],"author":[{"embeddable":true,"href":"https:\/\/arantv.az\/index.php?rest_route=\/wp\/v2\/users\/2"}],"replies":[{"embeddable":true,"href":"https:\/\/arantv.az\/index.php?rest_route=%2Fwp%2Fv2%2Fcomments&post=645150"}],"version-history":[{"count":0,"href":"https:\/\/arantv.az\/index.php?rest_route=\/wp\/v2\/posts\/645150\/revisions"}],"wp:featuredmedia":[{"embeddable":true,"href":"https:\/\/arantv.az\/index.php?rest_route=\/wp\/v2\/media\/645151"}],"wp:attachment":[{"href":"https:\/\/arantv.az\/index.php?rest_route=%2Fwp%2Fv2%2Fmedia&parent=645150"}],"wp:term":[{"taxonomy":"category","embeddable":true,"href":"https:\/\/arantv.az\/index.php?rest_route=%2Fwp%2Fv2%2Fcategories&post=645150"},{"taxonomy":"post_tag","embeddable":true,"href":"https:\/\/arantv.az\/index.php?rest_route=%2Fwp%2Fv2%2Ftags&post=645150"}],"curies":[{"name":"wp","href":"https:\/\/api.w.org\/{rel}","templated":true}]}}