{"id":64529,"date":"2019-06-06T09:39:44","date_gmt":"2019-06-06T06:39:44","guid":{"rendered":"http:\/\/arantv.az\/?p=64529"},"modified":"2019-06-06T09:39:44","modified_gmt":"2019-06-06T06:39:44","slug":"bakida-d%c9%99hs%c9%99tli-hadis%c9%99evli-qadinin-evind%c9%99-intim-munasib%c9%99td%c9%99-olan-kisini-gorun-nec%c9%99-c%c9%99zalandirdilar","status":"publish","type":"post","link":"https:\/\/arantv.az\/?p=64529","title":{"rendered":"Bak\u0131da d\u0259h\u015f\u0259tli hadis\u0259:Evli qad\u0131n\u0131n evind\u0259 intim m\u00fcnasib\u0259td\u0259 olan ki\u015fini g\u00f6r\u00fcn nec\u0259 c\u0259zaland\u0131rd\u0131lar"},"content":{"rendered":"<p><b>Bak\u0131da intim m\u00fcnasib\u0259td\u0259 oldu\u011fu qad\u0131n\u0131n \u00a0b\u0131\u00e7aqlamaqda t\u0259qsirli bilin\u0259n 1983-c\u00fc il t\u0259v\u0259ll\u00fcdl\u00fc Samir S\u0259m\u0259dovun (cinay\u0259t i\u015find\u0259 ad\u0131 ke\u00e7\u0259n \u015f\u0259xsl\u0259rin ad v\u0259 soyadlar\u0131 \u015f\u0259rti verilib &#8211; red.) cinay\u0259t i\u015fi \u00fczr\u0259 m\u0259hk\u0259m\u0259 prosesi ba\u015fa \u00e7at\u0131b.<\/b><\/p>\n<p><strong>ARANTV.AZ<\/strong> publika.az-a istinad\u0259n x\u0259b\u0259r verir ki, Samir S\u0259m\u0259dov Sabirabad rayonunda anadan olsa da, Bak\u0131 \u015f\u0259h\u0259ri, Yasamal rayonunda evl\u0259rd\u0259n birind\u0259 kiray\u0259 ya\u015fay\u0131b.<\/p>\n<p>Bacana\u011f\u0131n\u0131n qohumu il\u0259 intim m\u00fcnasib\u0259t<\/p>\n<p>Evli olan iki u\u015faq atas\u0131 Samir S\u0259m\u0259dov paytaxtda tikinti sah\u0259l\u0259rind\u0259 f\u0259hl\u0259lik edib. G\u00fcnd\u0259lik \u0259ld\u0259 etdiyi qazancla ail\u0259sini doland\u0131r\u0131b.<\/p>\n<p>\u0130stintaq s\u0259n\u0259dl\u0259rin\u0259 g\u00f6r\u0259, Samir S\u0259m\u0259dov paytaxt\u0131n S\u0259bail rayonunda ya\u015fayan bald\u0131z\u0131n\u0131n \u0259ri Sahib V\u0259liyevin yax\u0131n qohumu Lamiy\u0259 \u018fliyeva il\u0259 g\u00f6r\u00fc\u015f\u00fcb. Lamiy\u0259 il\u0259 tez-tez g\u00f6r\u00fc\u015f\u0259n Samir S\u0259m\u0259dov bir ne\u00e7\u0259 d\u0259f\u0259 onunla intim \u0259laq\u0259d\u0259 olub.<\/p>\n<p>Gec\u0259 yar\u0131s\u0131 k\u00fc\u00e7\u0259l\u0259rind\u0259 tutdu<\/p>\n<p>Samir S\u0259m\u0259dovun Lamiy\u0259 il\u0259 intim m\u00fcnasib\u0259tind\u0259n Sahib V\u0259liyev x\u0259b\u0259r tutub. Bald\u0131z\u0131n\u0131n \u0259ri olan v\u0259 ail\u0259li olan Samir S\u0259m\u0259dovun onun qohumunu ala bilm\u0259y\u0259c\u0259yini bil\u0259n Sahib V\u0259liyev\u0259 bu intim m\u00fcnasib\u0259t xo\u015f g\u0259lm\u0259yib.<\/p>\n<p>Bu s\u0259b\u0259bd\u0259n Sahib V\u0259liyev 2017-ci il avqustun 25-d\u0259, gec\u0259 saat 03.00-da Samir S\u0259m\u0259dovu ya\u015fad\u0131qlar\u0131 k\u00fc\u00e7\u0259d\u0259 tutub. O, Samir S\u0259m\u0259dovdan burada n\u0259 etm\u0259sini soru\u015fub.<\/p>\n<p>M\u00fcbahis\u0259 v\u0259 5 b\u0131\u00e7aq z\u0259rb\u0259si<\/p>\n<p>H\u0259min vaxt Samir S\u0259m\u0259dov da niyy\u0259tini gizl\u0259tm\u0259yib. O, Sahib V\u0259liyev\u0259 Lamiy\u0259 il\u0259 intim m\u00fcnasib\u0259td\u0259 olma\u011fa g\u0259ldiyini deyib.<\/p>\n<p>\u018fvv\u0259lc\u0259 Sahib V\u0259liyev ona qohum olduqlar\u0131n\u0131, bel\u0259 h\u0259r\u0259k\u0259tin d\u00fczg\u00fcn olmad\u0131\u011f\u0131n\u0131 s\u00f6yl\u0259yib. Amma Samir S\u0259m\u0259dov ona kobud cavab qaytar\u0131b.<\/p>\n<p>Buna g\u00f6r\u0259 d\u0259 qohunmlar\u0131n aras\u0131nda m\u00fcbahis\u0259 yaran\u0131b. M\u00fcbahis\u0259 zaman\u0131 Samir S\u0259m\u0259dov \u00fcst\u00fcnd\u0259 g\u0259zdiridiyi b\u0131\u00e7aqla Sahib V\u0259liyevin qar\u0131n nahiyy\u0259sin\u0259 5 b\u0131\u00e7aq z\u0259rb\u0259si vurub.<br \/>\nSahib V\u0259liyev a\u011f\u0131r v\u0259ziyy\u0259td\u0259 x\u0259st\u0259xanaya yerl\u0259\u015fdirilib. Vaxt\u0131nda tibbi yard\u0131m g\u00f6st\u0259rildiyi \u00fc\u00e7\u00fcn onun h\u0259yat\u0131n\u0131 xilas etm\u0259k m\u00fcmk\u00fcn olub.<\/p>\n<p>4 il 6 ay c\u0259za, \u00fcmumi rejim<\/p>\n<p>\u0130stintaq orqan\u0131 t\u0259r\u0259find\u0259n Samir S\u0259m\u0259dovun bar\u0259sind\u0259 Cinay\u0259t M\u0259c\u0259ll\u0259sinin 126.1-ci (q\u0259sd\u0259n sa\u011flaml\u0131\u011fa a\u011f\u0131r x\u0259sar\u0259t yetirm\u0259) madd\u0259si il\u0259 ittiham elan edilib.<\/p>\n<p>Bu cinay\u0259t i\u015fi Bak\u0131 A\u011f\u0131r Cinay\u0259tl\u0259r M\u0259hk\u0259m\u0259sind\u0259 hakim \u018fl\u00f6vs\u0259t Abbasovun s\u0259drlik etdiyi kollegiyada ara\u015fd\u0131r\u0131l\u0131b. M\u0259hk\u0259m\u0259nin h\u00f6km\u00fc il\u0259 Samir S\u0259m\u0259dov 4 il 6 ay m\u00fcdd\u0259tin\u0259 azadl\u0131qdan m\u0259hrum edilib. Onun c\u0259zas\u0131n\u0131 \u00fcmimi rejimli c\u0259za\u00e7\u0259km\u0259 m\u00fc\u0259ssis\u0259sind\u0259 \u00e7\u0259km\u0259si bar\u0259d\u0259 h\u00f6km edilib.<\/p>\n<p>Bu h\u00f6kmd\u0259n naraz\u0131 qalan Samir S\u0259m\u0259dov apelyasiya \u015fikay\u0259ti verib. O, bar\u0259sind\u0259 azya\u015fl\u0131 u\u015fa\u011f\u0131n\u0131n olmas\u0131n\u0131, z\u0259r\u0259r\u00e7\u0259kmi\u015fl\u0259 bar\u0131\u015fmas\u0131n\u0131 y\u00fcng\u00fcll\u0259\u015fdirici hal kimi q\u0259bul edilm\u0259sini xahi\u015f edib. Samir S\u0259m\u0259dov bar\u0259sind\u0259 h\u0259bs olmayan c\u0259za n\u00f6v\u00fcn\u00fcn t\u0259yin edilm\u0259sini ist\u0259yib.<\/p>\n<p>C\u0259zadan 1 il 6 ay \u00e7\u0131x\u0131ld\u0131<\/p>\n<p>Bak\u0131 Apelyasiya M\u0259hk\u0259m\u0259sind\u0259 hakim Vaqif Mursaqulovun s\u0259drlik etdiyi kollegiyada Samir S\u0259m\u0259dovun apelyasiya \u015fikay\u0259ti ara\u015fd\u0131r\u0131l\u0131b. Hakim hey\u0259ti Samir S\u0259m\u0259dovun apelyasiya \u015fikay\u0259tini qism\u0259n t\u0259min edib v\u0259 onun c\u0259zas\u0131n\u0131n 3 il\u0259 q\u0259d\u0259r endirilm\u0259si bar\u0259d\u0259 q\u0259rar q\u0259bul edib.<\/p>\n<p>Bu q\u0259rardan naraz\u0131 qalan Samir S\u0259m\u0259dov kasasiya \u015fikay\u0259ti verib. Onun kasasiya \u015fikay\u0259ti ara\u015fd\u0131r\u0131lmas\u0131 \u00fc\u00e7\u00fcn Ali M\u0259hk\u0259m\u0259y\u0259 g\u00f6nd\u0259rilib.<\/p>\n<p>Hakim Hafiz N\u0259sibovun s\u0259drlik etdiyi kollegiyada kasasiya \u015fikay\u0259tinin d\u0259lill\u0259ri ara\u015fd\u0131r\u0131l\u0131b, sonda q\u0259rar elan edilib. Q\u0259rara g\u00f6r\u0259, Samir S\u0259m\u0259dovun kasasiya \u015fikay\u0259ti t\u0259min olunmay\u0131b.<\/p>\n","protected":false},"excerpt":{"rendered":"<p>Bak\u0131da intim m\u00fcnasib\u0259td\u0259 oldu\u011fu qad\u0131n\u0131n \u00a0b\u0131\u00e7aqlamaqda t\u0259qsirli bilin\u0259n 1983-c\u00fc il t\u0259v\u0259ll\u00fcdl\u00fc Samir S\u0259m\u0259dovun (cinay\u0259t i\u015find\u0259 ad\u0131 ke\u00e7\u0259n \u015f\u0259xsl\u0259rin ad v\u0259 soyadlar\u0131 \u015f\u0259rti verilib &#8211; red.) cinay\u0259t i\u015fi \u00fczr\u0259 m\u0259hk\u0259m\u0259 prosesi ba\u015fa \u00e7at\u0131b. ARANTV.AZ publika.az-a istinad\u0259n x\u0259b\u0259r verir ki, Samir S\u0259m\u0259dov Sabirabad rayonunda anadan olsa da, Bak\u0131 \u015f\u0259h\u0259ri, Yasamal rayonunda evl\u0259rd\u0259n birind\u0259 kiray\u0259 ya\u015fay\u0131b. Bacana\u011f\u0131n\u0131n qohumu il\u0259 intim m\u00fcnasib\u0259t Evli olan iki u\u015faq atas\u0131 Samir S\u0259m\u0259dov paytaxtda tikinti sah\u0259l\u0259rind\u0259 f\u0259hl\u0259lik edib. G\u00fcnd\u0259lik \u0259ld\u0259 etdiyi qazancla ail\u0259sini doland\u0131r\u0131b. \u0130stintaq s\u0259n\u0259dl\u0259rin\u0259 g\u00f6r\u0259, Samir S\u0259m\u0259dov paytaxt\u0131n S\u0259bail rayonunda ya\u015fayan bald\u0131z\u0131n\u0131n \u0259ri Sahib V\u0259liyevin yax\u0131n&hellip;<\/p>\n","protected":false},"author":2,"featured_media":64530,"comment_status":"closed","ping_status":"closed","sticky":false,"template":"","format":"standard","meta":{"om_disable_all_campaigns":false,"_monsterinsights_skip_tracking":false,"_monsterinsights_sitenote_active":false,"_monsterinsights_sitenote_note":"","_monsterinsights_sitenote_category":0},"categories":[1],"tags":[],"aioseo_notices":[],"gutentor_comment":0,"rttpg_featured_image_url":{"full":["https:\/\/arantv.az\/wp-content\/uploads\/2019\/06\/1559790880_6.jpg",643,333,false],"landscape":["https:\/\/arantv.az\/wp-content\/uploads\/2019\/06\/1559790880_6.jpg",643,333,false],"portraits":["https:\/\/arantv.az\/wp-content\/uploads\/2019\/06\/1559790880_6.jpg",643,333,false],"thumbnail":["https:\/\/arantv.az\/wp-content\/uploads\/2019\/06\/1559790880_6-150x150.jpg",150,150,true],"medium":["https:\/\/arantv.az\/wp-content\/uploads\/2019\/06\/1559790880_6-300x155.jpg",300,155,true],"large":["https:\/\/arantv.az\/wp-content\/uploads\/2019\/06\/1559790880_6.jpg",640,331,false],"1536x1536":["https:\/\/arantv.az\/wp-content\/uploads\/2019\/06\/1559790880_6.jpg",643,333,false],"2048x2048":["https:\/\/arantv.az\/wp-content\/uploads\/2019\/06\/1559790880_6.jpg",643,333,false],"post-thumbnail":["https:\/\/arantv.az\/wp-content\/uploads\/2019\/06\/1559790880_6-240x172.jpg",240,172,true],"advps-thumb-one":["https:\/\/arantv.az\/wp-content\/uploads\/2019\/06\/1559790880_6.jpg",643,333,false]},"rttpg_author":{"display_name":"V\u00fcsal Rafiqo\u011flu","author_link":"https:\/\/arantv.az\/?author=2"},"rttpg_comment":0,"rttpg_category":"<a href=\"https:\/\/arantv.az\/?cat=1\" rel=\"category\">C\u0259miyy\u0259t<\/a>","rttpg_excerpt":"Bak\u0131da intim m\u00fcnasib\u0259td\u0259 oldu\u011fu qad\u0131n\u0131n \u00a0b\u0131\u00e7aqlamaqda t\u0259qsirli bilin\u0259n 1983-c\u00fc il t\u0259v\u0259ll\u00fcdl\u00fc Samir S\u0259m\u0259dovun (cinay\u0259t i\u015find\u0259 ad\u0131 ke\u00e7\u0259n \u015f\u0259xsl\u0259rin ad v\u0259 soyadlar\u0131 \u015f\u0259rti verilib &#8211; red.) cinay\u0259t i\u015fi \u00fczr\u0259 m\u0259hk\u0259m\u0259 prosesi ba\u015fa \u00e7at\u0131b. ARANTV.AZ publika.az-a istinad\u0259n x\u0259b\u0259r verir ki, Samir S\u0259m\u0259dov Sabirabad rayonunda anadan olsa da, Bak\u0131 \u015f\u0259h\u0259ri, Yasamal rayonunda evl\u0259rd\u0259n birind\u0259 kiray\u0259 ya\u015fay\u0131b. Bacana\u011f\u0131n\u0131n qohumu&hellip;","_links":{"self":[{"href":"https:\/\/arantv.az\/index.php?rest_route=\/wp\/v2\/posts\/64529"}],"collection":[{"href":"https:\/\/arantv.az\/index.php?rest_route=\/wp\/v2\/posts"}],"about":[{"href":"https:\/\/arantv.az\/index.php?rest_route=\/wp\/v2\/types\/post"}],"author":[{"embeddable":true,"href":"https:\/\/arantv.az\/index.php?rest_route=\/wp\/v2\/users\/2"}],"replies":[{"embeddable":true,"href":"https:\/\/arantv.az\/index.php?rest_route=%2Fwp%2Fv2%2Fcomments&post=64529"}],"version-history":[{"count":0,"href":"https:\/\/arantv.az\/index.php?rest_route=\/wp\/v2\/posts\/64529\/revisions"}],"wp:featuredmedia":[{"embeddable":true,"href":"https:\/\/arantv.az\/index.php?rest_route=\/wp\/v2\/media\/64530"}],"wp:attachment":[{"href":"https:\/\/arantv.az\/index.php?rest_route=%2Fwp%2Fv2%2Fmedia&parent=64529"}],"wp:term":[{"taxonomy":"category","embeddable":true,"href":"https:\/\/arantv.az\/index.php?rest_route=%2Fwp%2Fv2%2Fcategories&post=64529"},{"taxonomy":"post_tag","embeddable":true,"href":"https:\/\/arantv.az\/index.php?rest_route=%2Fwp%2Fv2%2Ftags&post=64529"}],"curies":[{"name":"wp","href":"https:\/\/api.w.org\/{rel}","templated":true}]}}