{"id":64532,"date":"2019-06-06T10:18:41","date_gmt":"2019-06-06T07:18:41","guid":{"rendered":"http:\/\/arantv.az\/?p=64532"},"modified":"2019-06-06T10:18:41","modified_gmt":"2019-06-06T07:18:41","slug":"yay-f%c9%99slinin-az%c9%99rbaycana-g%c9%99lm%c9%99-vaxti-aciqlandi","status":"publish","type":"post","link":"https:\/\/arantv.az\/?p=64532","title":{"rendered":"Yay f\u0259slinin Az\u0259rbaycana g\u0259lm\u0259 vaxt\u0131 a\u00e7\u0131qland\u0131"},"content":{"rendered":"<p>Bu il yay f\u0259slinin Az\u0259rbaycana g\u0259lm\u0259 vaxt\u0131 a\u00e7\u0131qlan\u0131b.<\/p>\n<div id=\"AdviadNativeVideo0\" class=\"AdviadNativeVideo\"><\/div>\n<p><b>ARANTV.AZ-<\/b>\u0131n AMEA \u015eamax\u0131 Astrofizika R\u0259s\u0259dxanas\u0131na istinad\u0259n verdiyi x\u0259b\u0259r\u0259 g\u00f6r\u0259, yaz f\u0259sli iyunun 21-i Bak\u0131 vaxt\u0131 il\u0259 saat 19:54-d\u0259 yay f\u0259sli il\u0259 \u0259v\u0259zl\u0259n\u0259c\u0259k.<\/p>\n<p>Bu zaman Yerin f\u0131rlanma oxu G\u00fcn\u0259\u015f istiqam\u0259ti il\u0259 \u0259n ki\u00e7ik bucaq \u0259m\u0259l\u0259 g\u0259tir\u0259c\u0259k v\u0259 ya G\u00fcn\u0259\u015f h\u0259min an \u00fcf\u00fcqd\u0259n maksimum h\u00fcnd\u00fcrl\u00fckd\u0259 olacaq. H\u0259min an q\u0131sa gec\u0259 v\u0259 uzun g\u00fcnd\u00fcz qeyd\u0259 al\u0131nacaq.<\/p>\n","protected":false},"excerpt":{"rendered":"<p>Bu il yay f\u0259slinin Az\u0259rbaycana g\u0259lm\u0259 vaxt\u0131 a\u00e7\u0131qlan\u0131b. ARANTV.AZ-\u0131n AMEA \u015eamax\u0131 Astrofizika R\u0259s\u0259dxanas\u0131na istinad\u0259n verdiyi x\u0259b\u0259r\u0259 g\u00f6r\u0259, yaz f\u0259sli iyunun 21-i Bak\u0131 vaxt\u0131 il\u0259 saat 19:54-d\u0259 yay f\u0259sli il\u0259 \u0259v\u0259zl\u0259n\u0259c\u0259k. Bu zaman Yerin f\u0131rlanma oxu G\u00fcn\u0259\u015f istiqam\u0259ti il\u0259 \u0259n ki\u00e7ik bucaq \u0259m\u0259l\u0259 g\u0259tir\u0259c\u0259k v\u0259 ya G\u00fcn\u0259\u015f h\u0259min an \u00fcf\u00fcqd\u0259n maksimum h\u00fcnd\u00fcrl\u00fckd\u0259 olacaq. H\u0259min an q\u0131sa gec\u0259 v\u0259 uzun g\u00fcnd\u00fcz qeyd\u0259 al\u0131nacaq.<\/p>\n","protected":false},"author":2,"featured_media":64533,"comment_status":"closed","ping_status":"closed","sticky":false,"template":"","format":"standard","meta":{"om_disable_all_campaigns":false,"_monsterinsights_skip_tracking":false,"_monsterinsights_sitenote_active":false,"_monsterinsights_sitenote_note":"","_monsterinsights_sitenote_category":0},"categories":[1],"tags":[],"aioseo_notices":[],"gutentor_comment":0,"rttpg_featured_image_url":{"full":["https:\/\/arantv.az\/wp-content\/uploads\/2019\/06\/1498025591_40120123-sunny-day.jpg",620,348,false],"landscape":["https:\/\/arantv.az\/wp-content\/uploads\/2019\/06\/1498025591_40120123-sunny-day.jpg",620,348,false],"portraits":["https:\/\/arantv.az\/wp-content\/uploads\/2019\/06\/1498025591_40120123-sunny-day.jpg",620,348,false],"thumbnail":["https:\/\/arantv.az\/wp-content\/uploads\/2019\/06\/1498025591_40120123-sunny-day-150x150.jpg",150,150,true],"medium":["https:\/\/arantv.az\/wp-content\/uploads\/2019\/06\/1498025591_40120123-sunny-day-300x168.jpg",300,168,true],"large":["https:\/\/arantv.az\/wp-content\/uploads\/2019\/06\/1498025591_40120123-sunny-day.jpg",620,348,false],"1536x1536":["https:\/\/arantv.az\/wp-content\/uploads\/2019\/06\/1498025591_40120123-sunny-day.jpg",620,348,false],"2048x2048":["https:\/\/arantv.az\/wp-content\/uploads\/2019\/06\/1498025591_40120123-sunny-day.jpg",620,348,false],"post-thumbnail":["https:\/\/arantv.az\/wp-content\/uploads\/2019\/06\/1498025591_40120123-sunny-day-240x172.jpg",240,172,true],"advps-thumb-one":["https:\/\/arantv.az\/wp-content\/uploads\/2019\/06\/1498025591_40120123-sunny-day.jpg",620,348,false]},"rttpg_author":{"display_name":"V\u00fcsal Rafiqo\u011flu","author_link":"https:\/\/arantv.az\/?author=2"},"rttpg_comment":0,"rttpg_category":"<a href=\"https:\/\/arantv.az\/?cat=1\" rel=\"category\">C\u0259miyy\u0259t<\/a>","rttpg_excerpt":"Bu il yay f\u0259slinin Az\u0259rbaycana g\u0259lm\u0259 vaxt\u0131 a\u00e7\u0131qlan\u0131b. ARANTV.AZ-\u0131n AMEA \u015eamax\u0131 Astrofizika R\u0259s\u0259dxanas\u0131na istinad\u0259n verdiyi x\u0259b\u0259r\u0259 g\u00f6r\u0259, yaz f\u0259sli iyunun 21-i Bak\u0131 vaxt\u0131 il\u0259 saat 19:54-d\u0259 yay f\u0259sli il\u0259 \u0259v\u0259zl\u0259n\u0259c\u0259k. Bu zaman Yerin f\u0131rlanma oxu G\u00fcn\u0259\u015f istiqam\u0259ti il\u0259 \u0259n ki\u00e7ik bucaq \u0259m\u0259l\u0259 g\u0259tir\u0259c\u0259k v\u0259 ya G\u00fcn\u0259\u015f h\u0259min an \u00fcf\u00fcqd\u0259n maksimum h\u00fcnd\u00fcrl\u00fckd\u0259 olacaq. H\u0259min an q\u0131sa&hellip;","_links":{"self":[{"href":"https:\/\/arantv.az\/index.php?rest_route=\/wp\/v2\/posts\/64532"}],"collection":[{"href":"https:\/\/arantv.az\/index.php?rest_route=\/wp\/v2\/posts"}],"about":[{"href":"https:\/\/arantv.az\/index.php?rest_route=\/wp\/v2\/types\/post"}],"author":[{"embeddable":true,"href":"https:\/\/arantv.az\/index.php?rest_route=\/wp\/v2\/users\/2"}],"replies":[{"embeddable":true,"href":"https:\/\/arantv.az\/index.php?rest_route=%2Fwp%2Fv2%2Fcomments&post=64532"}],"version-history":[{"count":0,"href":"https:\/\/arantv.az\/index.php?rest_route=\/wp\/v2\/posts\/64532\/revisions"}],"wp:featuredmedia":[{"embeddable":true,"href":"https:\/\/arantv.az\/index.php?rest_route=\/wp\/v2\/media\/64533"}],"wp:attachment":[{"href":"https:\/\/arantv.az\/index.php?rest_route=%2Fwp%2Fv2%2Fmedia&parent=64532"}],"wp:term":[{"taxonomy":"category","embeddable":true,"href":"https:\/\/arantv.az\/index.php?rest_route=%2Fwp%2Fv2%2Fcategories&post=64532"},{"taxonomy":"post_tag","embeddable":true,"href":"https:\/\/arantv.az\/index.php?rest_route=%2Fwp%2Fv2%2Ftags&post=64532"}],"curies":[{"name":"wp","href":"https:\/\/api.w.org\/{rel}","templated":true}]}}