{"id":64535,"date":"2019-06-06T10:20:12","date_gmt":"2019-06-06T07:20:12","guid":{"rendered":"http:\/\/arantv.az\/?p=64535"},"modified":"2019-06-06T10:20:12","modified_gmt":"2019-06-06T07:20:12","slug":"az%c9%99rbaycan-k%c9%99ndind%c9%99-maraqli-ad%c9%99t-butun-sakinl%c9%99r-bir-biril%c9%99-salamlasir-video","status":"publish","type":"post","link":"https:\/\/arantv.az\/?p=64535","title":{"rendered":"Az\u0259rbaycan k\u0259ndind\u0259 maraql\u0131 ad\u0259t: b\u00fct\u00fcn sakinl\u0259r bir-biril\u0259 salamla\u015f\u0131r &#8211; V\u0130DEO"},"content":{"rendered":"<p>Q\u0259b\u0259l\u0259nin Q\u0259m\u0259rvan k\u0259ndind\u0259 Ramazan bayram\u0131 il\u0259 ba\u011fl\u0131 uzun ill\u0259rd\u0259n b\u0259ri davam ed\u0259n maraql\u0131 ad\u0259t-\u0259n\u0259n\u0259 bu il d\u0259 h\u0259yata ke\u00e7irilib.<\/p>\n<p>Bayram g\u00fcn\u00fc k\u0259ndin sakinl\u0259ri \u0259sas k\u00fc\u00e7\u0259d\u0259 c\u0259rg\u0259 il\u0259 d\u00fcz\u00fcl\u0259r\u0259k bir-biril\u0259 salamla\u015f\u0131b-qucaqla\u015f\u0131blar v\u0259 bayramla\u015f\u0131blar.<\/p>\n<div id=\"AdviadNativeVideo0\" class=\"AdviadNativeVideo\"><\/div>\n<p>Onlar bu add\u0131mla bir-biril\u0259rin\u0259 qar\u015f\u0131 sevgi v\u0259 qarda\u015fl\u0131qlar\u0131n\u0131 n\u00fcmayi\u015f etdiribl\u0259r.<\/p>\n<p>Bu m\u0259rasimin \u0259n maraql\u0131 t\u0259r\u0259fl\u0259rind\u0259n biri d\u0259 budur ki, h\u0259tta il boyu \u0259dav\u0259ti olanlar bel\u0259 h\u0259min g\u00fcn bar\u0131\u015f\u0131rlar. (BAKU.WS)<\/p>\n<div class=\"embed-responsive embed-responsive-16by9\"><iframe loading=\"lazy\" id=\"nmqembedid\" class=\"embed-responsive-item\" title=\"video player\" src=\"https:\/\/izle.az\/embed\/09fPzS9L1Uus0k_NTUpN0U_1yy8qyfI2Knbz8fZ2zi7w9kkKNjSw9K5yNg_zrowP97Eo8Q1ONjA2yIwP8bZIzy921q3yCwms9AvxrfBzc690yikvj_Qq9g9y1NEBAA~~\" width=\"600\" height=\"340\" frameborder=\"0\" scrolling=\"no\" allowfullscreen=\"allowfullscreen\" data-mce-fragment=\"1\"><\/iframe><\/div>\n<div id=\"myrekopen\" class=\"bannerklass\">\n<div id=\"SC_TBlock_538956\" class=\"SC_TBlock\"><\/div>\n<\/div>\n","protected":false},"excerpt":{"rendered":"<p>Q\u0259b\u0259l\u0259nin Q\u0259m\u0259rvan k\u0259ndind\u0259 Ramazan bayram\u0131 il\u0259 ba\u011fl\u0131 uzun ill\u0259rd\u0259n b\u0259ri davam ed\u0259n maraql\u0131 ad\u0259t-\u0259n\u0259n\u0259 bu il d\u0259 h\u0259yata ke\u00e7irilib. Bayram g\u00fcn\u00fc k\u0259ndin sakinl\u0259ri \u0259sas k\u00fc\u00e7\u0259d\u0259 c\u0259rg\u0259 il\u0259 d\u00fcz\u00fcl\u0259r\u0259k bir-biril\u0259 salamla\u015f\u0131b-qucaqla\u015f\u0131blar v\u0259 bayramla\u015f\u0131blar. Onlar bu add\u0131mla bir-biril\u0259rin\u0259 qar\u015f\u0131 sevgi v\u0259 qarda\u015fl\u0131qlar\u0131n\u0131 n\u00fcmayi\u015f etdiribl\u0259r. Bu m\u0259rasimin \u0259n maraql\u0131 t\u0259r\u0259fl\u0259rind\u0259n biri d\u0259 budur ki, h\u0259tta il boyu \u0259dav\u0259ti olanlar bel\u0259 h\u0259min g\u00fcn bar\u0131\u015f\u0131rlar. (BAKU.WS)<\/p>\n","protected":false},"author":2,"featured_media":64536,"comment_status":"closed","ping_status":"closed","sticky":false,"template":"","format":"standard","meta":{"om_disable_all_campaigns":false,"_monsterinsights_skip_tracking":false,"_monsterinsights_sitenote_active":false,"_monsterinsights_sitenote_note":"","_monsterinsights_sitenote_category":0},"categories":[1],"tags":[],"aioseo_notices":[],"gutentor_comment":0,"rttpg_featured_image_url":{"full":["https:\/\/arantv.az\/wp-content\/uploads\/2019\/06\/1559804314_untitled-1.jpg",549,366,false],"landscape":["https:\/\/arantv.az\/wp-content\/uploads\/2019\/06\/1559804314_untitled-1.jpg",549,366,false],"portraits":["https:\/\/arantv.az\/wp-content\/uploads\/2019\/06\/1559804314_untitled-1.jpg",549,366,false],"thumbnail":["https:\/\/arantv.az\/wp-content\/uploads\/2019\/06\/1559804314_untitled-1-150x150.jpg",150,150,true],"medium":["https:\/\/arantv.az\/wp-content\/uploads\/2019\/06\/1559804314_untitled-1-300x200.jpg",300,200,true],"large":["https:\/\/arantv.az\/wp-content\/uploads\/2019\/06\/1559804314_untitled-1.jpg",549,366,false],"1536x1536":["https:\/\/arantv.az\/wp-content\/uploads\/2019\/06\/1559804314_untitled-1.jpg",549,366,false],"2048x2048":["https:\/\/arantv.az\/wp-content\/uploads\/2019\/06\/1559804314_untitled-1.jpg",549,366,false],"post-thumbnail":["https:\/\/arantv.az\/wp-content\/uploads\/2019\/06\/1559804314_untitled-1-240x172.jpg",240,172,true],"advps-thumb-one":["https:\/\/arantv.az\/wp-content\/uploads\/2019\/06\/1559804314_untitled-1.jpg",549,366,false]},"rttpg_author":{"display_name":"V\u00fcsal Rafiqo\u011flu","author_link":"https:\/\/arantv.az\/?author=2"},"rttpg_comment":0,"rttpg_category":"<a href=\"https:\/\/arantv.az\/?cat=1\" rel=\"category\">C\u0259miyy\u0259t<\/a>","rttpg_excerpt":"Q\u0259b\u0259l\u0259nin Q\u0259m\u0259rvan k\u0259ndind\u0259 Ramazan bayram\u0131 il\u0259 ba\u011fl\u0131 uzun ill\u0259rd\u0259n b\u0259ri davam ed\u0259n maraql\u0131 ad\u0259t-\u0259n\u0259n\u0259 bu il d\u0259 h\u0259yata ke\u00e7irilib. Bayram g\u00fcn\u00fc k\u0259ndin sakinl\u0259ri \u0259sas k\u00fc\u00e7\u0259d\u0259 c\u0259rg\u0259 il\u0259 d\u00fcz\u00fcl\u0259r\u0259k bir-biril\u0259 salamla\u015f\u0131b-qucaqla\u015f\u0131blar v\u0259 bayramla\u015f\u0131blar. Onlar bu add\u0131mla bir-biril\u0259rin\u0259 qar\u015f\u0131 sevgi v\u0259 qarda\u015fl\u0131qlar\u0131n\u0131 n\u00fcmayi\u015f etdiribl\u0259r. Bu m\u0259rasimin \u0259n maraql\u0131 t\u0259r\u0259fl\u0259rind\u0259n biri d\u0259 budur ki, h\u0259tta il boyu \u0259dav\u0259ti&hellip;","_links":{"self":[{"href":"https:\/\/arantv.az\/index.php?rest_route=\/wp\/v2\/posts\/64535"}],"collection":[{"href":"https:\/\/arantv.az\/index.php?rest_route=\/wp\/v2\/posts"}],"about":[{"href":"https:\/\/arantv.az\/index.php?rest_route=\/wp\/v2\/types\/post"}],"author":[{"embeddable":true,"href":"https:\/\/arantv.az\/index.php?rest_route=\/wp\/v2\/users\/2"}],"replies":[{"embeddable":true,"href":"https:\/\/arantv.az\/index.php?rest_route=%2Fwp%2Fv2%2Fcomments&post=64535"}],"version-history":[{"count":0,"href":"https:\/\/arantv.az\/index.php?rest_route=\/wp\/v2\/posts\/64535\/revisions"}],"wp:featuredmedia":[{"embeddable":true,"href":"https:\/\/arantv.az\/index.php?rest_route=\/wp\/v2\/media\/64536"}],"wp:attachment":[{"href":"https:\/\/arantv.az\/index.php?rest_route=%2Fwp%2Fv2%2Fmedia&parent=64535"}],"wp:term":[{"taxonomy":"category","embeddable":true,"href":"https:\/\/arantv.az\/index.php?rest_route=%2Fwp%2Fv2%2Fcategories&post=64535"},{"taxonomy":"post_tag","embeddable":true,"href":"https:\/\/arantv.az\/index.php?rest_route=%2Fwp%2Fv2%2Ftags&post=64535"}],"curies":[{"name":"wp","href":"https:\/\/api.w.org\/{rel}","templated":true}]}}