{"id":64561,"date":"2019-06-06T11:13:57","date_gmt":"2019-06-06T08:13:57","guid":{"rendered":"http:\/\/arantv.az\/?p=64561"},"modified":"2019-06-06T11:13:57","modified_gmt":"2019-06-06T08:13:57","slug":"az%c9%99rbaycan-at%c9%99t-pa-nin-komit%c9%99-iclasinda-istirak-edir","status":"publish","type":"post","link":"https:\/\/arantv.az\/?p=64561","title":{"rendered":"Az\u0259rbaycan AT\u018fT PA-n\u0131n komit\u0259 iclas\u0131nda i\u015ftirak edir"},"content":{"rendered":"<p><strong>Tbilisi \u015f\u0259h\u0259rind\u0259 AT\u018fT Parlament Assambleyas\u0131n\u0131n (PA) &#8220;Parlament n\u0259zar\u0259ti: M\u0259suliyy\u0259t\u0259 c\u0259lbetm\u0259 q\u00fcvv\u0259si&#8221; adl\u0131 beyn\u0259lxalq konfrans\u0131 ke\u00e7irilir.<\/strong><\/p>\n<p><strong>ARANTV.AZ<\/strong> trend-\u0259 istinad\u0259n bildirir ki,\u00a0Milli M\u0259clisin deputat\u0131, AT\u018fT PA-n\u0131n vitse-prezidenti v\u0259 B\u00fcro \u00fczv\u00fc Azay Quliyev, deputatlar Asim Mollazad\u0259 v\u0259 Sevinc F\u0259t\u0259liyeva Az\u0259rbaycan\u0131 bu t\u0259dbird\u0259 t\u0259msil edirl\u0259r.<\/p>\n<p>Qeyd ed\u0259k ki, t\u0259dbirin t\u0259\u015fkilat\u00e7\u0131lar\u0131 AT\u018fT-in Demokratik T\u0259sisatlar v\u0259 \u0130nsan H\u00fcquqlar\u0131 B\u00fcrosu, G\u00fcrc\u00fcstan Parlamenti v\u0259 Milli Demokratiya \u0130nstitutudur.<\/p>\n<p>Konfransda &#8220;Parlament n\u0259zar\u0259tind\u0259 plenar v\u0259 komit\u0259 iclaslar\u0131n\u0131n rolu&#8221; m\u00f6vzusunda I sessiyaya AT\u018fT PA-n\u0131n vitse-prezidenti Azay Quliyev moderatorluq ed\u0259c\u0259k.<\/p>\n<p>Dig\u0259r sessiyalarda &#8220;T\u0259hl\u00fck\u0259sizlik sektoruna n\u0259zar\u0259t v\u0259 maliyy\u0259 n\u0259zar\u0259ti&#8221;, &#8220;Parlament n\u0259zar\u0259ti v\u0259 m\u00fcxalif\u0259tin rolu&#8221;, &#8220;Parlamentin xarici f\u0259aliyy\u0259ti v\u0259 n\u0259zar\u0259tin h\u0259yata ke\u00e7irilm\u0259sind\u0259 ictimaiyy\u0259tin rolu&#8221;, &#8220;Parlament n\u0259zar\u0259ti prosesind\u0259 insan h\u00fcquqlar\u0131n\u0131n t\u0259minat\u0131&#8221; m\u00f6vzular\u0131nda m\u0259ruz\u0259l\u0259r dinl\u0259nil\u0259c\u0259k v\u0259 m\u00fczakir\u0259l\u0259r apar\u0131lacaq.<\/p>\n<p>Deputatlar\u0131m\u0131z m\u00fczakir\u0259 olunan m\u0259s\u0259l\u0259l\u0259r\u0259 \u00f6lk\u0259mizin maraqlar\u0131 m\u00f6vqeyind\u0259n m\u00fcnasib\u0259t bildir\u0259c\u0259kl\u0259r.<\/p>\n","protected":false},"excerpt":{"rendered":"<p>Tbilisi \u015f\u0259h\u0259rind\u0259 AT\u018fT Parlament Assambleyas\u0131n\u0131n (PA) &#8220;Parlament n\u0259zar\u0259ti: M\u0259suliyy\u0259t\u0259 c\u0259lbetm\u0259 q\u00fcvv\u0259si&#8221; adl\u0131 beyn\u0259lxalq konfrans\u0131 ke\u00e7irilir. ARANTV.AZ trend-\u0259 istinad\u0259n bildirir ki,\u00a0Milli M\u0259clisin deputat\u0131, AT\u018fT PA-n\u0131n vitse-prezidenti v\u0259 B\u00fcro \u00fczv\u00fc Azay Quliyev, deputatlar Asim Mollazad\u0259 v\u0259 Sevinc F\u0259t\u0259liyeva Az\u0259rbaycan\u0131 bu t\u0259dbird\u0259 t\u0259msil edirl\u0259r. Qeyd ed\u0259k ki, t\u0259dbirin t\u0259\u015fkilat\u00e7\u0131lar\u0131 AT\u018fT-in Demokratik T\u0259sisatlar v\u0259 \u0130nsan H\u00fcquqlar\u0131 B\u00fcrosu, G\u00fcrc\u00fcstan Parlamenti v\u0259 Milli Demokratiya \u0130nstitutudur. Konfransda &#8220;Parlament n\u0259zar\u0259tind\u0259 plenar v\u0259 komit\u0259 iclaslar\u0131n\u0131n rolu&#8221; m\u00f6vzusunda I sessiyaya AT\u018fT PA-n\u0131n vitse-prezidenti Azay Quliyev moderatorluq ed\u0259c\u0259k. Dig\u0259r sessiyalarda &#8220;T\u0259hl\u00fck\u0259sizlik sektoruna n\u0259zar\u0259t v\u0259 maliyy\u0259 n\u0259zar\u0259ti&#8221;, &#8220;Parlament n\u0259zar\u0259ti v\u0259 m\u00fcxalif\u0259tin rolu&#8221;,&hellip;<\/p>\n","protected":false},"author":2,"featured_media":64562,"comment_status":"closed","ping_status":"closed","sticky":false,"template":"","format":"standard","meta":{"om_disable_all_campaigns":false,"_monsterinsights_skip_tracking":false,"_monsterinsights_sitenote_active":false,"_monsterinsights_sitenote_note":"","_monsterinsights_sitenote_category":0},"categories":[4],"tags":[],"aioseo_notices":[],"gutentor_comment":0,"rttpg_featured_image_url":{"full":["https:\/\/arantv.az\/wp-content\/uploads\/2019\/06\/atet_27837576.jpg",800,600,false],"landscape":["https:\/\/arantv.az\/wp-content\/uploads\/2019\/06\/atet_27837576.jpg",800,600,false],"portraits":["https:\/\/arantv.az\/wp-content\/uploads\/2019\/06\/atet_27837576.jpg",800,600,false],"thumbnail":["https:\/\/arantv.az\/wp-content\/uploads\/2019\/06\/atet_27837576-150x150.jpg",150,150,true],"medium":["https:\/\/arantv.az\/wp-content\/uploads\/2019\/06\/atet_27837576-300x225.jpg",300,225,true],"large":["https:\/\/arantv.az\/wp-content\/uploads\/2019\/06\/atet_27837576.jpg",640,480,false],"1536x1536":["https:\/\/arantv.az\/wp-content\/uploads\/2019\/06\/atet_27837576.jpg",800,600,false],"2048x2048":["https:\/\/arantv.az\/wp-content\/uploads\/2019\/06\/atet_27837576.jpg",800,600,false],"post-thumbnail":["https:\/\/arantv.az\/wp-content\/uploads\/2019\/06\/atet_27837576-240x172.jpg",240,172,true],"advps-thumb-one":["https:\/\/arantv.az\/wp-content\/uploads\/2019\/06\/atet_27837576.jpg",800,600,false]},"rttpg_author":{"display_name":"V\u00fcsal Rafiqo\u011flu","author_link":"https:\/\/arantv.az\/?author=2"},"rttpg_comment":0,"rttpg_category":"<a href=\"https:\/\/arantv.az\/?cat=4\" rel=\"category\">Siyas\u0259t<\/a>","rttpg_excerpt":"Tbilisi \u015f\u0259h\u0259rind\u0259 AT\u018fT Parlament Assambleyas\u0131n\u0131n (PA) &#8220;Parlament n\u0259zar\u0259ti: M\u0259suliyy\u0259t\u0259 c\u0259lbetm\u0259 q\u00fcvv\u0259si&#8221; adl\u0131 beyn\u0259lxalq konfrans\u0131 ke\u00e7irilir. ARANTV.AZ trend-\u0259 istinad\u0259n bildirir ki,\u00a0Milli M\u0259clisin deputat\u0131, AT\u018fT PA-n\u0131n vitse-prezidenti v\u0259 B\u00fcro \u00fczv\u00fc Azay Quliyev, deputatlar Asim Mollazad\u0259 v\u0259 Sevinc F\u0259t\u0259liyeva Az\u0259rbaycan\u0131 bu t\u0259dbird\u0259 t\u0259msil edirl\u0259r. Qeyd ed\u0259k ki, t\u0259dbirin t\u0259\u015fkilat\u00e7\u0131lar\u0131 AT\u018fT-in Demokratik T\u0259sisatlar v\u0259 \u0130nsan H\u00fcquqlar\u0131 B\u00fcrosu, G\u00fcrc\u00fcstan Parlamenti&hellip;","_links":{"self":[{"href":"https:\/\/arantv.az\/index.php?rest_route=\/wp\/v2\/posts\/64561"}],"collection":[{"href":"https:\/\/arantv.az\/index.php?rest_route=\/wp\/v2\/posts"}],"about":[{"href":"https:\/\/arantv.az\/index.php?rest_route=\/wp\/v2\/types\/post"}],"author":[{"embeddable":true,"href":"https:\/\/arantv.az\/index.php?rest_route=\/wp\/v2\/users\/2"}],"replies":[{"embeddable":true,"href":"https:\/\/arantv.az\/index.php?rest_route=%2Fwp%2Fv2%2Fcomments&post=64561"}],"version-history":[{"count":0,"href":"https:\/\/arantv.az\/index.php?rest_route=\/wp\/v2\/posts\/64561\/revisions"}],"wp:featuredmedia":[{"embeddable":true,"href":"https:\/\/arantv.az\/index.php?rest_route=\/wp\/v2\/media\/64562"}],"wp:attachment":[{"href":"https:\/\/arantv.az\/index.php?rest_route=%2Fwp%2Fv2%2Fmedia&parent=64561"}],"wp:term":[{"taxonomy":"category","embeddable":true,"href":"https:\/\/arantv.az\/index.php?rest_route=%2Fwp%2Fv2%2Fcategories&post=64561"},{"taxonomy":"post_tag","embeddable":true,"href":"https:\/\/arantv.az\/index.php?rest_route=%2Fwp%2Fv2%2Ftags&post=64561"}],"curies":[{"name":"wp","href":"https:\/\/api.w.org\/{rel}","templated":true}]}}