{"id":645831,"date":"2023-10-16T09:08:43","date_gmt":"2023-10-16T05:08:43","guid":{"rendered":"https:\/\/arantv.az\/?p=645831"},"modified":"2023-10-16T09:08:43","modified_gmt":"2023-10-16T05:08:43","slug":"prezident-xank%c9%99ndid%c9%99-o-x%c9%99rit%c9%99ni-gorub-maraqli-reaksiya-verdi-video","status":"publish","type":"post","link":"https:\/\/arantv.az\/?p=645831","title":{"rendered":"Prezident Xank\u0259ndid\u0259 o &#8220;x\u0259rit\u0259&#8221;ni g\u00f6r\u00fcb maraql\u0131 reaksiya verdi &#8211; V\u0130DEO"},"content":{"rendered":"<div id=\"mvp-content-body-top\" class=\"left relative\">\n<div id=\"mvp-content-main\" class=\"left relative\">\n<p><strong>X\u0259b\u0259r verdiyimiz kimi, \u00f6t\u0259n g\u00fcn Prezident \u0130lham \u018fliyev Xank\u0259ndi \u015f\u0259h\u0259rin\u0259 s\u0259f\u0259r edib.<\/strong><\/p>\n<p><b>ARANTV.AZ <\/b>x\u0259b\u0259r verir ki, d\u00f6vl\u0259t ba\u015f\u00e7\u0131s\u0131 qondarma rejimin &#8220;prezident saray\u0131&#8221; kimi istifad\u0259 etdiyi binaya bax\u0131\u015f ke\u00e7irdiyi zaman maraql\u0131 anlar ya\u015fan\u0131b.<\/p>\n<p>Bel\u0259 ki, Prezident h\u0259min binada otaqlar\u0131n birind\u0259 \u201cb\u00f6y\u00fck Erm\u0259nistan x\u0259rit\u0259si\u201dn\u0259 rast g\u0259lib v\u0259 maraql\u0131 reaksiya verib:<\/p>\n<p>\u201cBunlar\u0131n x\u0259st\u0259liyi bax, budur &#8211; d\u0131rnaqaras\u0131 b\u00f6y\u00fck Erm\u0259nistan. Onu b\u0259db\u0259xt ed\u0259n bax, budur\u201d.<\/p>\n<p>H\u0259min an\u0131n videosunu t\u0259qdim edirik:<\/p>\n<p><iframe loading=\"lazy\" id=\"telegram-post-endeqiqxeber-3918\" src=\"https:\/\/t.me\/endeqiqxeber\/3918?embed=1\" width=\"100%\" height=\"\" frameborder=\"0\" scrolling=\"no\" data-mce-fragment=\"1\"><\/iframe><\/div>\n<div id=\"mvp-content-bot\" class=\"left\"><\/div>\n<\/div>\n","protected":false},"excerpt":{"rendered":"<p>X\u0259b\u0259r verdiyimiz kimi, \u00f6t\u0259n g\u00fcn Prezident \u0130lham \u018fliyev Xank\u0259ndi \u015f\u0259h\u0259rin\u0259 s\u0259f\u0259r edib. ARANTV.AZ x\u0259b\u0259r verir ki, d\u00f6vl\u0259t ba\u015f\u00e7\u0131s\u0131 qondarma rejimin &#8220;prezident saray\u0131&#8221; kimi istifad\u0259 etdiyi binaya bax\u0131\u015f ke\u00e7irdiyi zaman maraql\u0131 anlar ya\u015fan\u0131b. Bel\u0259 ki, Prezident h\u0259min binada otaqlar\u0131n birind\u0259 \u201cb\u00f6y\u00fck Erm\u0259nistan x\u0259rit\u0259si\u201dn\u0259 rast g\u0259lib v\u0259 maraql\u0131 reaksiya verib: \u201cBunlar\u0131n x\u0259st\u0259liyi bax, budur &#8211; d\u0131rnaqaras\u0131 b\u00f6y\u00fck Erm\u0259nistan. Onu b\u0259db\u0259xt ed\u0259n bax, budur\u201d. H\u0259min an\u0131n videosunu t\u0259qdim edirik:<\/p>\n","protected":false},"author":2,"featured_media":645835,"comment_status":"closed","ping_status":"closed","sticky":false,"template":"","format":"standard","meta":{"om_disable_all_campaigns":false,"_monsterinsights_skip_tracking":false,"_monsterinsights_sitenote_active":false,"_monsterinsights_sitenote_note":"","_monsterinsights_sitenote_category":0},"categories":[19],"tags":[],"aioseo_notices":[],"gutentor_comment":0,"rttpg_featured_image_url":{"full":["https:\/\/arantv.az\/wp-content\/uploads\/2023\/10\/xer.png",637,400,false],"landscape":["https:\/\/arantv.az\/wp-content\/uploads\/2023\/10\/xer.png",637,400,false],"portraits":["https:\/\/arantv.az\/wp-content\/uploads\/2023\/10\/xer.png",637,400,false],"thumbnail":["https:\/\/arantv.az\/wp-content\/uploads\/2023\/10\/xer-500x280.png",500,280,true],"medium":["https:\/\/arantv.az\/wp-content\/uploads\/2023\/10\/xer-581x365.png",581,365,true],"large":["https:\/\/arantv.az\/wp-content\/uploads\/2023\/10\/xer.png",637,400,false],"1536x1536":["https:\/\/arantv.az\/wp-content\/uploads\/2023\/10\/xer.png",637,400,false],"2048x2048":["https:\/\/arantv.az\/wp-content\/uploads\/2023\/10\/xer.png",637,400,false],"post-thumbnail":["https:\/\/arantv.az\/wp-content\/uploads\/2023\/10\/xer-240x172.png",240,172,true],"advps-thumb-one":["https:\/\/arantv.az\/wp-content\/uploads\/2023\/10\/xer.png",637,400,false]},"rttpg_author":{"display_name":"V\u00fcsal Rafiqo\u011flu","author_link":"https:\/\/arantv.az\/?author=2"},"rttpg_comment":0,"rttpg_category":"<a href=\"https:\/\/arantv.az\/?cat=19\" rel=\"category\">G\u00fcnd\u0259m<\/a>","rttpg_excerpt":"X\u0259b\u0259r verdiyimiz kimi, \u00f6t\u0259n g\u00fcn Prezident \u0130lham \u018fliyev Xank\u0259ndi \u015f\u0259h\u0259rin\u0259 s\u0259f\u0259r edib. ARANTV.AZ x\u0259b\u0259r verir ki, d\u00f6vl\u0259t ba\u015f\u00e7\u0131s\u0131 qondarma rejimin &#8220;prezident saray\u0131&#8221; kimi istifad\u0259 etdiyi binaya bax\u0131\u015f ke\u00e7irdiyi zaman maraql\u0131 anlar ya\u015fan\u0131b. Bel\u0259 ki, Prezident h\u0259min binada otaqlar\u0131n birind\u0259 \u201cb\u00f6y\u00fck Erm\u0259nistan x\u0259rit\u0259si\u201dn\u0259 rast g\u0259lib v\u0259 maraql\u0131 reaksiya verib: \u201cBunlar\u0131n x\u0259st\u0259liyi bax, budur &#8211; d\u0131rnaqaras\u0131 b\u00f6y\u00fck&hellip;","_links":{"self":[{"href":"https:\/\/arantv.az\/index.php?rest_route=\/wp\/v2\/posts\/645831"}],"collection":[{"href":"https:\/\/arantv.az\/index.php?rest_route=\/wp\/v2\/posts"}],"about":[{"href":"https:\/\/arantv.az\/index.php?rest_route=\/wp\/v2\/types\/post"}],"author":[{"embeddable":true,"href":"https:\/\/arantv.az\/index.php?rest_route=\/wp\/v2\/users\/2"}],"replies":[{"embeddable":true,"href":"https:\/\/arantv.az\/index.php?rest_route=%2Fwp%2Fv2%2Fcomments&post=645831"}],"version-history":[{"count":0,"href":"https:\/\/arantv.az\/index.php?rest_route=\/wp\/v2\/posts\/645831\/revisions"}],"wp:featuredmedia":[{"embeddable":true,"href":"https:\/\/arantv.az\/index.php?rest_route=\/wp\/v2\/media\/645835"}],"wp:attachment":[{"href":"https:\/\/arantv.az\/index.php?rest_route=%2Fwp%2Fv2%2Fmedia&parent=645831"}],"wp:term":[{"taxonomy":"category","embeddable":true,"href":"https:\/\/arantv.az\/index.php?rest_route=%2Fwp%2Fv2%2Fcategories&post=645831"},{"taxonomy":"post_tag","embeddable":true,"href":"https:\/\/arantv.az\/index.php?rest_route=%2Fwp%2Fv2%2Ftags&post=645831"}],"curies":[{"name":"wp","href":"https:\/\/api.w.org\/{rel}","templated":true}]}}