{"id":645834,"date":"2023-10-16T09:08:59","date_gmt":"2023-10-16T05:08:59","guid":{"rendered":"https:\/\/arantv.az\/?p=645834"},"modified":"2023-10-16T09:08:59","modified_gmt":"2023-10-16T05:08:59","slug":"xank%c9%99ndiy%c9%99-bayragimiz-niy%c9%99-bu-tarixd%c9%99-sancildi-%c9%99liyevin-andi","status":"publish","type":"post","link":"https:\/\/arantv.az\/?p=645834","title":{"rendered":"Xank\u0259ndiy\u0259 bayra\u011f\u0131m\u0131z niy\u0259 bu tarixd\u0259 sanc\u0131ld\u0131? &#8211; \u018fliyevin ANDI"},"content":{"rendered":"<p><strong>Prezident \u0130lham \u018fliyev Xank\u0259ndiy\u0259, Xocal\u0131ya, \u018fsg\u0259rana, Xocav\u0259nd\u0259 v\u0259 A\u011fd\u0259r\u0259y\u0259 bayraq sancaraq, Az\u0259rbaycan\u0131n suverenliyinin tam b\u0259rpa edilm\u0259sini r\u0259smil\u0259\u015fdirdi. 15 noyabr art\u0131q Az\u0259rbaycan\u0131n suverenliyinin b\u0259rpas\u0131 g\u00fcn\u00fc olaraq tarix\u0259 ke\u00e7di.<\/strong><\/p>\n<p>Xank\u0259ndid\u0259 bayra\u011f\u0131m\u0131z\u0131n niy\u0259 bu t\u0259qvimd\u0259 ucald\u0131lmas\u0131 t\u0259sad\u00fcfi deyil. \u0130lham \u018fliyev ilk d\u0259f\u0259 2003-c\u00fc ilin 15 noyabr\u0131nda Az\u0259rbaycan Prezidenti se\u00e7ilib. \u018fliyev 20 il \u00f6nc\u0259 &#8211; ilk d\u0259f\u0259 Prezident se\u00e7il\u0259nd\u0259 b\u00fct\u00f6vl\u00fcy\u00fcm\u00fcz v\u0259 suverenliyimizin b\u0259rpa olunaca\u011f\u0131n\u0131 b\u0259yan etmi\u015fdi.<\/p>\n<p>\u201cHam\u0131 bilm\u0259lidir ki, s\u00fclh t\u0259r\u0259fdar\u0131 olma\u011f\u0131m\u0131za baxmayaraq, m\u00fcharib\u0259nin yenid\u0259n ba\u015flanmamas\u0131n\u0131 v\u0259 bu m\u0259s\u0259l\u0259nin s\u00fclh yolu il\u0259 h\u0259llini ist\u0259m\u0259yimiz\u0259 baxmayaraq, bizim s\u0259brimiz d\u0259 t\u00fck\u0259nm\u0259z deyildir. Az\u0259rbaycan \u00f6z do\u011fma torpaqlar\u0131n\u0131 n\u0259yin bahas\u0131na olursa-olsun, azad ed\u0259c\u0259kdir\u201d \u2013 \u018fliyev 20 il \u00f6nc\u0259 bel\u0259 deyirdi.<\/p>\n<p>V\u0259 Prezident kimi b\u00fct\u00fcn f\u0259aliyy\u0259tini bu h\u0259d\u0259f\u0259 \u00e7atmaq \u2013 torpaqlar\u0131m\u0131z\u0131 azad etm\u0259k, \u0259razi b\u00fct\u00f6vl\u00fcy\u00fcm\u00fcz\u00fc v\u0259 suverenliyimizi b\u0259rpa etm\u0259k istiqam\u0259tind\u0259 qurdu. 3 il \u00f6nc\u0259 &#8211; 44 g\u00fcnl\u00fck V\u0259t\u0259n m\u00fcharib\u0259sind\u0259 torpaqlar\u0131m\u0131z i\u015f\u011faldan azad edildi, lakin erm\u0259ni separatizmi t\u0259mizl\u0259nm\u0259diyi \u00fc\u00e7\u00fcn suverenliyimizin b\u0259rpas\u0131 prosesi ba\u015fa \u00e7atmam\u0131\u015fd\u0131. 3 il \u0259rzind\u0259 Prezident \u0130lham \u018fliyev b\u00fct\u00fcn c\u0259bh\u0259l\u0259rd\u0259 m\u00fcbariz\u0259 apararaq, suverenliyimizin b\u0259rpas\u0131na da nail oldu. Bel\u0259likl\u0259, m\u00fcst\u0259qilliyin b\u0259rpas\u0131ndan sonra Az\u0259rbaycan ilk d\u0259f\u0259 \u0259razi b\u00fct\u00f6vl\u00fcy\u00fc v\u0259 suverenliyi b\u0259rpa edil\u0259n d\u00f6vl\u0259t oldu.<\/p>\n<p>Prezident \u0130lham \u018fliyev 20 il \u00f6nc\u0259 ilk d\u0259f\u0259 Prezident se\u00e7il\u0259nd\u0259 andi\u00e7m\u0259 m\u0259rasimind\u0259 Az\u0259rbaycan Konstitusiyas\u0131na v\u0259 \u201cQurani-K\u0259rim\u0259\u201d \u0259l basaraq, \u0259razi b\u00fct\u00f6vl\u00fcy\u00fcm\u00fcz\u00fcn v\u0259 suverenliyimizin b\u0259rpa edil\u0259c\u0259yin\u0259 and i\u00e7mi\u015fdi. V\u0259 20 il sonra Xank\u0259ndiy\u0259 bayraq sancaraq, and\u0131na \u0259m\u0259l etdi.<\/p>\n","protected":false},"excerpt":{"rendered":"<p>Prezident \u0130lham \u018fliyev Xank\u0259ndiy\u0259, Xocal\u0131ya, \u018fsg\u0259rana, Xocav\u0259nd\u0259 v\u0259 A\u011fd\u0259r\u0259y\u0259 bayraq sancaraq, Az\u0259rbaycan\u0131n suverenliyinin tam b\u0259rpa edilm\u0259sini r\u0259smil\u0259\u015fdirdi. 15 noyabr art\u0131q Az\u0259rbaycan\u0131n suverenliyinin b\u0259rpas\u0131 g\u00fcn\u00fc olaraq tarix\u0259 ke\u00e7di. Xank\u0259ndid\u0259 bayra\u011f\u0131m\u0131z\u0131n niy\u0259 bu t\u0259qvimd\u0259 ucald\u0131lmas\u0131 t\u0259sad\u00fcfi deyil. \u0130lham \u018fliyev ilk d\u0259f\u0259 2003-c\u00fc ilin 15 noyabr\u0131nda Az\u0259rbaycan Prezidenti se\u00e7ilib. \u018fliyev 20 il \u00f6nc\u0259 &#8211; ilk d\u0259f\u0259 Prezident se\u00e7il\u0259nd\u0259 b\u00fct\u00f6vl\u00fcy\u00fcm\u00fcz v\u0259 suverenliyimizin b\u0259rpa olunaca\u011f\u0131n\u0131 b\u0259yan etmi\u015fdi. \u201cHam\u0131 bilm\u0259lidir ki, s\u00fclh t\u0259r\u0259fdar\u0131 olma\u011f\u0131m\u0131za baxmayaraq, m\u00fcharib\u0259nin yenid\u0259n ba\u015flanmamas\u0131n\u0131 v\u0259 bu m\u0259s\u0259l\u0259nin s\u00fclh yolu il\u0259 h\u0259llini ist\u0259m\u0259yimiz\u0259 baxmayaraq, bizim s\u0259brimiz d\u0259 t\u00fck\u0259nm\u0259z deyildir. Az\u0259rbaycan \u00f6z do\u011fma torpaqlar\u0131n\u0131&hellip;<\/p>\n","protected":false},"author":2,"featured_media":645837,"comment_status":"closed","ping_status":"closed","sticky":false,"template":"","format":"standard","meta":{"om_disable_all_campaigns":false,"_monsterinsights_skip_tracking":false,"_monsterinsights_sitenote_active":false,"_monsterinsights_sitenote_note":"","_monsterinsights_sitenote_category":0},"categories":[19],"tags":[],"aioseo_notices":[],"gutentor_comment":0,"rttpg_featured_image_url":{"full":["https:\/\/arantv.az\/wp-content\/uploads\/2023\/10\/xankendi-bayraq-ilham.png",826,463,false],"landscape":["https:\/\/arantv.az\/wp-content\/uploads\/2023\/10\/xankendi-bayraq-ilham.png",826,463,false],"portraits":["https:\/\/arantv.az\/wp-content\/uploads\/2023\/10\/xankendi-bayraq-ilham.png",826,463,false],"thumbnail":["https:\/\/arantv.az\/wp-content\/uploads\/2023\/10\/xankendi-bayraq-ilham-500x280.png",500,280,true],"medium":["https:\/\/arantv.az\/wp-content\/uploads\/2023\/10\/xankendi-bayraq-ilham-651x365.png",651,365,true],"large":["https:\/\/arantv.az\/wp-content\/uploads\/2023\/10\/xankendi-bayraq-ilham.png",640,359,false],"1536x1536":["https:\/\/arantv.az\/wp-content\/uploads\/2023\/10\/xankendi-bayraq-ilham.png",826,463,false],"2048x2048":["https:\/\/arantv.az\/wp-content\/uploads\/2023\/10\/xankendi-bayraq-ilham.png",826,463,false],"post-thumbnail":["https:\/\/arantv.az\/wp-content\/uploads\/2023\/10\/xankendi-bayraq-ilham-240x172.png",240,172,true],"advps-thumb-one":["https:\/\/arantv.az\/wp-content\/uploads\/2023\/10\/xankendi-bayraq-ilham.png",826,463,false]},"rttpg_author":{"display_name":"V\u00fcsal Rafiqo\u011flu","author_link":"https:\/\/arantv.az\/?author=2"},"rttpg_comment":0,"rttpg_category":"<a href=\"https:\/\/arantv.az\/?cat=19\" rel=\"category\">G\u00fcnd\u0259m<\/a>","rttpg_excerpt":"Prezident \u0130lham \u018fliyev Xank\u0259ndiy\u0259, Xocal\u0131ya, \u018fsg\u0259rana, Xocav\u0259nd\u0259 v\u0259 A\u011fd\u0259r\u0259y\u0259 bayraq sancaraq, Az\u0259rbaycan\u0131n suverenliyinin tam b\u0259rpa edilm\u0259sini r\u0259smil\u0259\u015fdirdi. 15 noyabr art\u0131q Az\u0259rbaycan\u0131n suverenliyinin b\u0259rpas\u0131 g\u00fcn\u00fc olaraq tarix\u0259 ke\u00e7di. Xank\u0259ndid\u0259 bayra\u011f\u0131m\u0131z\u0131n niy\u0259 bu t\u0259qvimd\u0259 ucald\u0131lmas\u0131 t\u0259sad\u00fcfi deyil. \u0130lham \u018fliyev ilk d\u0259f\u0259 2003-c\u00fc ilin 15 noyabr\u0131nda Az\u0259rbaycan Prezidenti se\u00e7ilib. \u018fliyev 20 il \u00f6nc\u0259 &#8211; ilk d\u0259f\u0259 Prezident se\u00e7il\u0259nd\u0259&hellip;","_links":{"self":[{"href":"https:\/\/arantv.az\/index.php?rest_route=\/wp\/v2\/posts\/645834"}],"collection":[{"href":"https:\/\/arantv.az\/index.php?rest_route=\/wp\/v2\/posts"}],"about":[{"href":"https:\/\/arantv.az\/index.php?rest_route=\/wp\/v2\/types\/post"}],"author":[{"embeddable":true,"href":"https:\/\/arantv.az\/index.php?rest_route=\/wp\/v2\/users\/2"}],"replies":[{"embeddable":true,"href":"https:\/\/arantv.az\/index.php?rest_route=%2Fwp%2Fv2%2Fcomments&post=645834"}],"version-history":[{"count":0,"href":"https:\/\/arantv.az\/index.php?rest_route=\/wp\/v2\/posts\/645834\/revisions"}],"wp:featuredmedia":[{"embeddable":true,"href":"https:\/\/arantv.az\/index.php?rest_route=\/wp\/v2\/media\/645837"}],"wp:attachment":[{"href":"https:\/\/arantv.az\/index.php?rest_route=%2Fwp%2Fv2%2Fmedia&parent=645834"}],"wp:term":[{"taxonomy":"category","embeddable":true,"href":"https:\/\/arantv.az\/index.php?rest_route=%2Fwp%2Fv2%2Fcategories&post=645834"},{"taxonomy":"post_tag","embeddable":true,"href":"https:\/\/arantv.az\/index.php?rest_route=%2Fwp%2Fv2%2Ftags&post=645834"}],"curies":[{"name":"wp","href":"https:\/\/api.w.org\/{rel}","templated":true}]}}