{"id":645871,"date":"2023-10-16T10:13:27","date_gmt":"2023-10-16T06:13:27","guid":{"rendered":"https:\/\/arantv.az\/?p=645871"},"modified":"2023-10-16T10:13:27","modified_gmt":"2023-10-16T06:13:27","slug":"bayragimizin-xank%c9%99ndind%c9%99-ucalmasi-xalqimiza-qurur-verir","status":"publish","type":"post","link":"https:\/\/arantv.az\/?p=645871","title":{"rendered":"Bayra\u011f\u0131m\u0131z\u0131n Xank\u0259ndind\u0259 ucalmas\u0131 xalq\u0131m\u0131za q\u00fcrur verir"},"content":{"rendered":"<p>Oktyabr ay\u0131n\u0131n 15-i son ill\u0259r \u0259rzind\u0259 m\u00fcasir Az\u0259rbaycan tarixin\u0259 \u0259b\u0259di h\u0259kk olunan tarixl\u0259rd\u0259n biri oldu. \u0130kinci V\u0259t\u0259n m\u00fcharib\u0259sind\u0259ki \u015eanl\u0131 Q\u0259l\u0259b\u0259 v\u0259 bu ilin sentyabr\u0131n 19-da h\u0259yata ke\u00e7iril\u0259n Lokal Antiterror t\u0259dbirl\u0259ri n\u0259tic\u0259sind\u0259 Az\u0259rbaycan xalq\u0131 30 il h\u0259sr\u0259tind\u0259 oldu\u011fu arzular\u0131na \u00e7atd\u0131. Qaraba\u011f b\u00f6lg\u0259sind\u0259 d\u00fc\u015fm\u0259n i\u015f\u011fal\u0131 alt\u0131nda olan b\u00fct\u00fcn \u0259razil\u0259rimiz tam \u015f\u0259kild\u0259 azad edildi. B\u00fct\u00fcn bunlar ilk n\u00f6vb\u0259d\u0259 M\u00f6ht\u0259r\u0259m Prezidentimiz, M\u00fcz\u0259ff\u0259r Ali Ba\u015f Komandan\u00a0 \u0130lham \u018fliyevin Az\u0259rbaycanda hakimiyy\u0259td\u0259 oldu\u011fu 20 il \u0259rzind\u0259 apard\u0131\u011f\u0131 u\u011furlu siyas\u0259t v\u0259 h\u0259yata ke\u00e7irdiyi i\u015fl\u0259r n\u0259tic\u0259sind\u0259 m\u00fcmk\u00fcn oldu.<\/p>\n<p>Son Antiterror t\u0259dbirl\u0259rind\u0259n sonra h\u0259min \u0259razil\u0259rd\u0259 Az\u0259rbaycan Respublikas\u0131n\u0131n Konstitusiya qurulu\u015fu tam b\u0259rpa edildi, burada ya\u015fayan erm\u0259ni mill\u0259tind\u0259n olan insanlar\u0131n reinteqrasiyas\u0131 prossesin\u0259 ba\u015flan\u0131ld\u0131. Eyni zamanda art\u0131q 3 ildir ki, V\u0259t\u0259n m\u00fcharib\u0259sind\u0259 i\u015f\u011faldan azad edil\u0259n \u015f\u0259h\u0259r v\u0259 q\u0259s\u0259b\u0259l\u0259rd\u0259 b\u0259rpa-qiruculuq i\u015fl\u0259ri b\u00f6y\u00fck s\u00fcr\u0259tl\u0259 h\u0259yata ke\u00e7irilir, ke\u00e7mi\u015f m\u0259cburu k\u00f6\u00e7k\u00fcnl\u0259rin do\u011fma yurdlar\u0131na qay\u0131d\u0131\u015f\u0131 prossesi davam edir. Bu da h\u0259r bir Az\u0259rbaycanl\u0131n\u0131n b\u00f6y\u00fck sevincin\u0259 s\u0259b\u0259b olur.<\/p>\n<p>Oktyabr\u0131n 15-d\u0259 xalq\u0131m\u0131z n\u00f6vb\u0259ti sevincli v\u0259 f\u0259xredici g\u00fcn\u00fcn\u00fc ya\u015fad\u0131. H\u0259min g\u00fcn Az\u0259rbaycan Respublikas\u0131n\u0131n Prezidenti, M\u00fcz\u0259ff\u0259r Ali Ba\u015f Komandan \u0130lham \u018fliyev Xank\u0259ndi, A\u011fd\u0259r\u0259, Xocal\u0131, Xoc\u0259v\u0259nd \u015f\u0259h\u0259rl\u0259rind\u0259, Xocal\u0131 rayonunun \u018fsg\u0259ran q\u0259s\u0259b\u0259sind\u0259, S\u0259rs\u0259ng su anbar\u0131n\u0131n \u0259razisind\u0259 Az\u0259rbaycan Respublikas\u0131n\u0131n D\u00f6vl\u0259t Bayra\u011f\u0131n\u0131 ucald\u0131. H\u0259m\u00e7inin \u00f6lk\u0259 ba\u015f\u00e7\u0131s\u0131 \u015eu\u015fa rayonunun Mal\u0131b\u0259yli k\u0259ndind\u0259, Xank\u0259ndi \u015f\u0259h\u0259rinin K\u0259rkicahan q\u0259s\u0259b\u0259sind\u0259, \u018fsg\u0259ran qalas\u0131nda oldu, T\u0259rt\u0259r rayonunun Suqovu\u015fan q\u0259s\u0259b\u0259sind\u0259 \u0130stirah\u0259t park\u0131n\u0131n a\u015f\u0131l\u0131\u015f\u0131nda i\u015ftirak etdi v\u0259 A\u011fdam-F\u00fczuli avtomobil yolunun tikintisi il\u0259 tan\u0131\u015f oldu. Bu \u0259lam\u0259tdar v\u0259 q\u00fcrurverici had\u0131s\u0259l\u0259r c\u0259nab \u0130lham \u018fliyevin Az\u0259rbaycan Respublikas\u0131n\u0131n Prezidenti\u00a0 se\u00e7ilm\u0259sinin 20-ci ild\u00f6n\u00fcm\u00fcnd\u0259 ba\u015f verdi.<\/p>\n<p>Xank\u0259ndi \u015f\u0259h\u0259rind\u0259 Az\u0259rbaycan Respublikas\u0131n\u0131n D\u00f6vl\u0259t Bayra\u011f\u0131n\u0131 ucaldan d\u00f6vl\u0259t ba\u015f\u00e7\u0131s\u0131 \u00f6z \u00e7\u0131x\u0131\u015f\u0131nda bildirdi: \u201cD\u00fcz 20 il bundan \u0259vv\u0259l Az\u0259rbaycan xalq\u0131 m\u0259n\u0259 b\u00f6y\u00fck etimad g\u00f6st\u0259r\u0259r\u0259k prezident se\u00e7kil\u0259rind\u0259 Prezident v\u0259zif\u0259sin\u0259 se\u00e7mi\u015fdir. O vaxt do\u011fma xalq\u0131ma m\u00fcraci\u0259t ed\u0259r\u0259k s\u00f6z vermi\u015fdim ki, Az\u0259rbaycan xalq\u0131n\u0131n v\u0259 Az\u0259rbaycan d\u00f6vl\u0259tinin milli maraqlar\u0131n\u0131 m\u00fcdafi\u0259 ed\u0259c\u0259y\u0259m, Az\u0259rbaycan\u0131n \u0259razi b\u00fct\u00f6vl\u00fcy\u00fcn\u00fc qoruyaca\u011fam. Konstitusiyaya v\u0259 \u201cQurani-K\u0259rim\u201d\u0259 \u0259l basaraq and i\u00e7mi\u015fdim. \u015eadam ki, son 20 il \u0259rzind\u0259 verdiyim b\u00fct\u00fcn v\u0259dl\u0259r, qar\u015f\u0131ma qoydu\u011fum b\u00fct\u00fcn v\u0259zif\u0259l\u0259r icra edildi\u201d.<\/p>\n<p>B\u0259li, bu ill\u0259r \u0259rzind\u0259 Az\u0259rbaycan g\u00fccl\u0259ndi, d\u00fcnya miqyas\u0131nda \u00f6z\u00fcn\u0259 layiq yerini tuta bildi. Art\u0131q Az\u0259rbaycanla d\u00fcnyada hesabla\u015f\u0131rlar. \u00d6lk\u0259mizin m\u00f6vqeyi, d\u00f6vl\u0259timizin add\u0131mlar\u0131 n\u0259inki b\u00f6lg\u0259d\u0259, daha da b\u00f6y\u00fck co\u011frafiyada b\u00f6y\u00fck m\u0259na da\u015f\u0131y\u0131r. Bir \u00e7ox hallarda Az\u0259rbaycan \u00f6n\u0259mli t\u0259\u015f\u0259bb\u00fcsl\u0259rin m\u00fc\u0259llifidir. \u00d6t\u0259n ill\u0259r \u0259rzind\u0259 Erm\u0259nistan-Az\u0259rbaycan m\u00fcnaqi\u015f\u0259sini h\u0259ll etm\u0259k \u00fc\u00e7\u00fcn g\u00fccl\u00fc siyasi v\u0259 h\u00fcquqi z\u0259min yarad\u0131ld\u0131. Eyni zamanda, g\u00fccl\u00fc iqtisadiyyat yarad\u0131ld\u0131 v\u0259 son 20 il \u0259rzind\u0259 bu istiqam\u0259td\u0259 \u0259ld\u0259 edil\u0259n u\u011furlar n\u0259tic\u0259sind\u0259 iqtisadiyyat\u0131m\u0131z d\u00f6rd d\u0259f\u0259d\u0259n \u00e7ox artd\u0131.<\/p>\n<p>G\u00fccl\u00fc iqtisadiyyat \u00a0is\u0259 \u00f6z n\u00f6vb\u0259sind\u0259 g\u00fccl\u00fc ordunun yarad\u0131lmas\u0131na imkan verdi. Bu g\u00fcn Az\u0259rbaycan Silahl\u0131 Q\u00fcvv\u0259l\u0259ri ist\u0259nil\u0259n v\u0259zif\u0259ni \u015f\u0259r\u0259fl\u0259 yerin\u0259 yetir\u0259 bil\u0259r v\u0259 bunu 44 g\u00fcnl\u00fck V\u0259t\u0259n m\u00fcharib\u0259si d\u00f6vr\u00fcnd\u0259 s\u00fcbut etdi. D\u00fc\u015fm\u0259n \u00fcz\u0259rind\u0259 \u015eanl\u0131 q\u0259l\u0259b\u0259 qazan\u0131ld\u0131, onlar kapitulyasiya akt\u0131na imza atma\u011fa m\u0259cbur edildil\u0259r. Bu ilin sentyabr\u0131n 19-da c\u0259mi 23 saat davam ed\u0259n antiterror \u0259m\u0259liyyat\u0131 Az\u0259rbaycan Ordusunun g\u00fcc\u00fcn\u00fc bir daha g\u00f6st\u0259rdi v\u0259 yen\u0259 d\u0259 d\u00fc\u015fm\u0259n a\u011f bayraq qald\u0131raraq t\u0259slim oldu. Buna g\u00f6r\u0259 d\u0259 biz haql\u0131 olaraq Silahl\u0131 Q\u00fcvv\u0259l\u0259rimizl\u0259 f\u0259xr edirik.<\/p>\n<p>20 il \u0259vv\u0259l Az\u0259rbaycan xalq\u0131 c\u0259nab \u0130lham \u018fliyev\u0259 b\u00f6y\u00fck etimad g\u00f6st\u0259rdi v\u0259 art\u0131q 20 ildir ki, Az\u0259rbaycan\u0131n Prezidenti olan \u0130lham \u018fliyev ona olan inam v\u0259 etimad\u0131 tam \u015f\u0259kild\u0259 d\u00f6\u011frultdu, verdiyi s\u00f6z \u0259m\u0259l etdi. V\u0259t\u0259n m\u00fcharib\u0259sind\u0259ki Q\u0259l\u0259b\u0259d\u0259n 3 il sonra \u00f6lk\u0259mizin \u0259razi b\u00fct\u00f6vl\u00fcy\u00fc t\u0259min edilib, torpaqlar\u0131m\u0131z i\u015f\u011faldan azad edilib. bu g\u00fcn art\u0131q Xank\u0259ndinin m\u0259rk\u0259zind\u0259 Az\u0259rbaycan Bayra\u011f\u0131 dal\u011falan\u0131r, Az\u0259rbaycan\u0131n gerbi burada \u00f6z yerini tutub. Bu \u00e7ox b\u00f6y\u00fck xo\u015fb\u0259xtlikdir v\u0259 tarixi hadis\u0259dir. Prezident \u0130lham \u018fliyevin dediyi kimi \u201cAz\u0259rbaycan xalq\u0131 el\u0259 bir Q\u0259l\u0259b\u0259 qazan\u0131b ki, h\u0259m dill\u0259r \u0259zb\u0259ri olub, h\u0259m d\u0259 bu Q\u0259l\u0259b\u0259 \u0259b\u0259di biziml\u0259 olacaq. Bu Q\u0259l\u0259b\u0259 bizim tariximizd\u0259 \u0259b\u0259di olacaq. Bizd\u0259n sonra g\u0259l\u0259n n\u0259sill\u0259r bu Q\u0259l\u0259b\u0259 il\u0259 \u0259b\u0259di v\u0259 haql\u0131 olaraq f\u0259xr ed\u0259c\u0259kl\u0259r\u201d.<\/p>\n<p><img src=\"https:\/\/ikisahil.az\/upload\/\/2022\/11\/04\/\/-df0e09d6166753660685957461710761132.jpeg\" alt=\"\" \/><\/p>\n<p><strong>\u0130srafil K\u0259rimov,<\/strong><br \/>\n<em>\u00a0Az\u0259rbaycan Jurnalistl\u0259r Birliyinin \u00fczv\u00fc,<br \/>\n\u201cQ\u0131z\u0131l q\u0259l\u0259m\u201d m\u00fckafat\u0131 laureat\u0131<\/em><\/p>\n","protected":false},"excerpt":{"rendered":"<p>Oktyabr ay\u0131n\u0131n 15-i son ill\u0259r \u0259rzind\u0259 m\u00fcasir Az\u0259rbaycan tarixin\u0259 \u0259b\u0259di h\u0259kk olunan tarixl\u0259rd\u0259n biri oldu. \u0130kinci V\u0259t\u0259n m\u00fcharib\u0259sind\u0259ki \u015eanl\u0131 Q\u0259l\u0259b\u0259 v\u0259 bu ilin sentyabr\u0131n 19-da h\u0259yata ke\u00e7iril\u0259n Lokal Antiterror t\u0259dbirl\u0259ri n\u0259tic\u0259sind\u0259 Az\u0259rbaycan xalq\u0131 30 il h\u0259sr\u0259tind\u0259 oldu\u011fu arzular\u0131na \u00e7atd\u0131. Qaraba\u011f b\u00f6lg\u0259sind\u0259 d\u00fc\u015fm\u0259n i\u015f\u011fal\u0131 alt\u0131nda olan b\u00fct\u00fcn \u0259razil\u0259rimiz tam \u015f\u0259kild\u0259 azad edildi. B\u00fct\u00fcn bunlar ilk n\u00f6vb\u0259d\u0259 M\u00f6ht\u0259r\u0259m Prezidentimiz, M\u00fcz\u0259ff\u0259r Ali Ba\u015f Komandan\u00a0 \u0130lham \u018fliyevin Az\u0259rbaycanda hakimiyy\u0259td\u0259 oldu\u011fu 20 il \u0259rzind\u0259 apard\u0131\u011f\u0131 u\u011furlu siyas\u0259t v\u0259 h\u0259yata ke\u00e7irdiyi i\u015fl\u0259r n\u0259tic\u0259sind\u0259 m\u00fcmk\u00fcn oldu. Son Antiterror t\u0259dbirl\u0259rind\u0259n sonra h\u0259min \u0259razil\u0259rd\u0259 Az\u0259rbaycan Respublikas\u0131n\u0131n Konstitusiya qurulu\u015fu tam&hellip;<\/p>\n","protected":false},"author":2,"featured_media":645874,"comment_status":"closed","ping_status":"closed","sticky":false,"template":"","format":"standard","meta":{"om_disable_all_campaigns":false,"_monsterinsights_skip_tracking":false,"_monsterinsights_sitenote_active":false,"_monsterinsights_sitenote_note":"","_monsterinsights_sitenote_category":0},"categories":[19],"tags":[],"aioseo_notices":[],"gutentor_comment":0,"rttpg_featured_image_url":{"full":["https:\/\/arantv.az\/wp-content\/uploads\/2023\/10\/ecf9902e169743524120524313210652676.jpg",975,540,false],"landscape":["https:\/\/arantv.az\/wp-content\/uploads\/2023\/10\/ecf9902e169743524120524313210652676.jpg",975,540,false],"portraits":["https:\/\/arantv.az\/wp-content\/uploads\/2023\/10\/ecf9902e169743524120524313210652676.jpg",975,540,false],"thumbnail":["https:\/\/arantv.az\/wp-content\/uploads\/2023\/10\/ecf9902e169743524120524313210652676-500x280.jpg",500,280,true],"medium":["https:\/\/arantv.az\/wp-content\/uploads\/2023\/10\/ecf9902e169743524120524313210652676-660x365.jpg",660,365,true],"large":["https:\/\/arantv.az\/wp-content\/uploads\/2023\/10\/ecf9902e169743524120524313210652676-840x465.jpg",640,354,true],"1536x1536":["https:\/\/arantv.az\/wp-content\/uploads\/2023\/10\/ecf9902e169743524120524313210652676.jpg",975,540,false],"2048x2048":["https:\/\/arantv.az\/wp-content\/uploads\/2023\/10\/ecf9902e169743524120524313210652676.jpg",975,540,false],"post-thumbnail":["https:\/\/arantv.az\/wp-content\/uploads\/2023\/10\/ecf9902e169743524120524313210652676-240x172.jpg",240,172,true],"advps-thumb-one":["https:\/\/arantv.az\/wp-content\/uploads\/2023\/10\/ecf9902e169743524120524313210652676.jpg",975,540,false]},"rttpg_author":{"display_name":"V\u00fcsal Rafiqo\u011flu","author_link":"https:\/\/arantv.az\/?author=2"},"rttpg_comment":0,"rttpg_category":"<a href=\"https:\/\/arantv.az\/?cat=19\" rel=\"category\">G\u00fcnd\u0259m<\/a>","rttpg_excerpt":"Oktyabr ay\u0131n\u0131n 15-i son ill\u0259r \u0259rzind\u0259 m\u00fcasir Az\u0259rbaycan tarixin\u0259 \u0259b\u0259di h\u0259kk olunan tarixl\u0259rd\u0259n biri oldu. \u0130kinci V\u0259t\u0259n m\u00fcharib\u0259sind\u0259ki \u015eanl\u0131 Q\u0259l\u0259b\u0259 v\u0259 bu ilin sentyabr\u0131n 19-da h\u0259yata ke\u00e7iril\u0259n Lokal Antiterror t\u0259dbirl\u0259ri n\u0259tic\u0259sind\u0259 Az\u0259rbaycan xalq\u0131 30 il h\u0259sr\u0259tind\u0259 oldu\u011fu arzular\u0131na \u00e7atd\u0131. Qaraba\u011f b\u00f6lg\u0259sind\u0259 d\u00fc\u015fm\u0259n i\u015f\u011fal\u0131 alt\u0131nda olan b\u00fct\u00fcn \u0259razil\u0259rimiz tam \u015f\u0259kild\u0259 azad edildi. B\u00fct\u00fcn bunlar ilk n\u00f6vb\u0259d\u0259&hellip;","_links":{"self":[{"href":"https:\/\/arantv.az\/index.php?rest_route=\/wp\/v2\/posts\/645871"}],"collection":[{"href":"https:\/\/arantv.az\/index.php?rest_route=\/wp\/v2\/posts"}],"about":[{"href":"https:\/\/arantv.az\/index.php?rest_route=\/wp\/v2\/types\/post"}],"author":[{"embeddable":true,"href":"https:\/\/arantv.az\/index.php?rest_route=\/wp\/v2\/users\/2"}],"replies":[{"embeddable":true,"href":"https:\/\/arantv.az\/index.php?rest_route=%2Fwp%2Fv2%2Fcomments&post=645871"}],"version-history":[{"count":0,"href":"https:\/\/arantv.az\/index.php?rest_route=\/wp\/v2\/posts\/645871\/revisions"}],"wp:featuredmedia":[{"embeddable":true,"href":"https:\/\/arantv.az\/index.php?rest_route=\/wp\/v2\/media\/645874"}],"wp:attachment":[{"href":"https:\/\/arantv.az\/index.php?rest_route=%2Fwp%2Fv2%2Fmedia&parent=645871"}],"wp:term":[{"taxonomy":"category","embeddable":true,"href":"https:\/\/arantv.az\/index.php?rest_route=%2Fwp%2Fv2%2Fcategories&post=645871"},{"taxonomy":"post_tag","embeddable":true,"href":"https:\/\/arantv.az\/index.php?rest_route=%2Fwp%2Fv2%2Ftags&post=645871"}],"curies":[{"name":"wp","href":"https:\/\/api.w.org\/{rel}","templated":true}]}}