{"id":645876,"date":"2023-10-16T10:35:37","date_gmt":"2023-10-16T06:35:37","guid":{"rendered":"https:\/\/arantv.az\/?p=645876"},"modified":"2023-10-16T10:35:37","modified_gmt":"2023-10-16T06:35:37","slug":"goz%c9%99l-bala-adini-bilm%c9%99dik-amma-s%c9%99n-xocalinin-ruhu-oldun-foto","status":"publish","type":"post","link":"https:\/\/arantv.az\/?p=645876","title":{"rendered":"\u201cG\u00f6z\u0259l bala, ad\u0131n\u0131 bilm\u0259dik, amma s\u0259n Xocal\u0131n\u0131n ruhu oldun&#8230;\u201d &#8211; FOTO"},"content":{"rendered":"<p>Prezident\u00a0<strong>\u0130lham \u018fliyev\u00a0<\/strong>\u00f6t\u0259n g\u00fcn Xocal\u0131 \u015f\u0259h\u0259rind\u0259 v\u0259 \u018fsg\u0259ran q\u0259s\u0259b\u0259sind\u0259 olub. O, \u018fsg\u0259randa Az\u0259rbaycan bayra\u011f\u0131n\u0131 ucald\u0131b. D\u00f6vl\u0259t ba\u015f\u00e7\u0131s\u0131 vaxtil\u0259 Az\u0259rbaycan xalq\u0131na qar\u015f\u0131 t\u00f6r\u0259dil\u0259n tarixin \u0259n qanl\u0131 soyq\u0131r\u0131mlar\u0131ndan birinin \u015fahidi olan Xocal\u0131 \u015f\u0259h\u0259rinin \u0259razisin\u0259 bax\u0131\u015f ke\u00e7irib.<\/p>\n<p>Bu m\u0259qamda Xocal\u0131dan olan, ad\u0131 bel\u0259 nam\u0259lum qalan be\u015f ya\u015fl\u0131 q\u0131z\u0131n m\u0259zar\u0131 yada d\u00fc\u015f\u00fcr.<\/p>\n<p>Jurnalist Ayaz Mirz\u0259yev d\u0259 h\u0259min nam\u0259lum m\u0259zarla ba\u011fl\u0131 payla\u015f\u0131m edib:<\/p>\n<p>\u201cG\u00f6z\u0259l bala, biz s\u0259ni he\u00e7 vaxt unutmad\u0131q! Ad\u0131n\u0131 bilm\u0259dik, amma s\u0259n bizim \u00fc\u00e7\u00fcn Xocal\u0131n\u0131n ruhu oldun&#8230; Bir gec\u0259d\u0259 \u00f6ld\u00fcr\u00fcl\u0259n 63 g\u00fcnahs\u0131z u\u015fa\u011f\u0131n r\u0259mzi oldun&#8230;<\/p>\n<p>N\u0259hay\u0259t, h\u0259min g\u00fcn yeti\u015fdi. Torpaq qay\u0131td\u0131, bayraq ucald\u0131! Ruhun \u015fad olsun, bala!\u201d<\/p>\n<p>Qeyd ed\u0259k ki, Xocal\u0131 \u015f\u0259h\u0259ri 1992-ci il fevral\u0131n 25-d\u0259n 26-na ke\u00e7\u0259n gec\u0259 i\u015f\u011fal olunub. Xocal\u0131da t\u00f6r\u0259dil\u0259n soyq\u0131r\u0131m\u0131 n\u0259tic\u0259sind\u0259 613 dinc sakin q\u0259tl\u0259 yetirilib.<\/p>\n<p>Xocal\u0131 \u015f\u0259h\u0259ri 2023-c\u00fc il sentyabr\u0131n 19-20-d\u0259 Az\u0259rbaycan Ordusunun Qaraba\u011fda ke\u00e7irdiyi lokal xarakterli antiterror t\u0259dbirl\u0259ri n\u0259tic\u0259sind\u0259 separat\u00e7\u0131lardan t\u0259mizl\u0259nib. Bu \u015f\u0259h\u0259rd\u0259 Az\u0259rbaycan bayra\u011f\u0131n\u0131n dal\u011falanmas\u0131 Xocal\u0131 faci\u0259si qurbanlar\u0131n\u0131n qan\u0131n\u0131n yerd\u0259 qalmad\u0131\u011f\u0131n\u0131 bir daha n\u00fcmayi\u015f etdirir.<\/p>\n<p>&nbsp;<\/p>\n<div class=\"gallery\">\n<div class=\"gallery-i\"><img src=\"https:\/\/cdn.oxu.az\/uploads\/W1siZiIsIjIwMjMvMTAvMTYvMTAvMTcvMjcvMDQxMzUxOWMtYWM1Yy00OWUyLWIyMjMtMjhiYTIwNWYxZDY1LzM5MjgxMDU3OF8xMDE2MDk0OTY2ODQ5MTY3MF83OTc5MzExMTQyMzc5MDY5MjUwX24uanBnIl0sWyJwIiwiZW5jb2RlIiwianBnIiwiLXF1YWxpdHkgODAiXSxbInAiLCJ0aHVtYiIsIjU5MHg1OTBcdTAwM2UiXV0?sha=957faad42a2d5c39\" alt=\"\" \/><\/p>\n<div class=\"gallery-i-caption\"><\/div>\n<\/div>\n<div class=\"gallery-i\"><img src=\"https:\/\/cdn.oxu.az\/uploads\/W1siZiIsIjIwMjMvMTAvMTYvMTAvMTcvMjcvMjU0Y2U5ODYtMzgyMy00MGRmLWE4MzUtNDkzYjk5MmUzMzU2LzM5Mjc3NDczNl8xMDE2MDk0OTY2ODc0MTY3MF8zMjU0NjgwOTMwMTc4MDUyNDUwX24uanBnIl0sWyJwIiwiZW5jb2RlIiwianBnIiwiLXF1YWxpdHkgODAiXSxbInAiLCJ0aHVtYiIsIjU5MHg1OTBcdTAwM2UiXV0?sha=064785e790c4262f\" alt=\"\" \/><\/div>\n<\/div>\n","protected":false},"excerpt":{"rendered":"<p>Prezident\u00a0\u0130lham \u018fliyev\u00a0\u00f6t\u0259n g\u00fcn Xocal\u0131 \u015f\u0259h\u0259rind\u0259 v\u0259 \u018fsg\u0259ran q\u0259s\u0259b\u0259sind\u0259 olub. O, \u018fsg\u0259randa Az\u0259rbaycan bayra\u011f\u0131n\u0131 ucald\u0131b. D\u00f6vl\u0259t ba\u015f\u00e7\u0131s\u0131 vaxtil\u0259 Az\u0259rbaycan xalq\u0131na qar\u015f\u0131 t\u00f6r\u0259dil\u0259n tarixin \u0259n qanl\u0131 soyq\u0131r\u0131mlar\u0131ndan birinin \u015fahidi olan Xocal\u0131 \u015f\u0259h\u0259rinin \u0259razisin\u0259 bax\u0131\u015f ke\u00e7irib. Bu m\u0259qamda Xocal\u0131dan olan, ad\u0131 bel\u0259 nam\u0259lum qalan be\u015f ya\u015fl\u0131 q\u0131z\u0131n m\u0259zar\u0131 yada d\u00fc\u015f\u00fcr. Jurnalist Ayaz Mirz\u0259yev d\u0259 h\u0259min nam\u0259lum m\u0259zarla ba\u011fl\u0131 payla\u015f\u0131m edib: \u201cG\u00f6z\u0259l bala, biz s\u0259ni he\u00e7 vaxt unutmad\u0131q! Ad\u0131n\u0131 bilm\u0259dik, amma s\u0259n bizim \u00fc\u00e7\u00fcn Xocal\u0131n\u0131n ruhu oldun&#8230; Bir gec\u0259d\u0259 \u00f6ld\u00fcr\u00fcl\u0259n 63 g\u00fcnahs\u0131z u\u015fa\u011f\u0131n r\u0259mzi oldun&#8230; N\u0259hay\u0259t, h\u0259min g\u00fcn yeti\u015fdi. Torpaq qay\u0131td\u0131, bayraq ucald\u0131! Ruhun&hellip;<\/p>\n","protected":false},"author":2,"featured_media":645877,"comment_status":"closed","ping_status":"closed","sticky":false,"template":"","format":"standard","meta":{"om_disable_all_campaigns":false,"_monsterinsights_skip_tracking":false,"_monsterinsights_sitenote_active":false,"_monsterinsights_sitenote_note":"","_monsterinsights_sitenote_category":0},"categories":[4],"tags":[],"aioseo_notices":[],"gutentor_comment":0,"rttpg_featured_image_url":{"full":["https:\/\/arantv.az\/wp-content\/uploads\/2023\/10\/xocali.jpg",620,413,false],"landscape":["https:\/\/arantv.az\/wp-content\/uploads\/2023\/10\/xocali.jpg",620,413,false],"portraits":["https:\/\/arantv.az\/wp-content\/uploads\/2023\/10\/xocali.jpg",620,413,false],"thumbnail":["https:\/\/arantv.az\/wp-content\/uploads\/2023\/10\/xocali-500x280.jpg",500,280,true],"medium":["https:\/\/arantv.az\/wp-content\/uploads\/2023\/10\/xocali-548x365.jpg",548,365,true],"large":["https:\/\/arantv.az\/wp-content\/uploads\/2023\/10\/xocali.jpg",620,413,false],"1536x1536":["https:\/\/arantv.az\/wp-content\/uploads\/2023\/10\/xocali.jpg",620,413,false],"2048x2048":["https:\/\/arantv.az\/wp-content\/uploads\/2023\/10\/xocali.jpg",620,413,false],"post-thumbnail":["https:\/\/arantv.az\/wp-content\/uploads\/2023\/10\/xocali-240x172.jpg",240,172,true],"advps-thumb-one":["https:\/\/arantv.az\/wp-content\/uploads\/2023\/10\/xocali.jpg",620,413,false]},"rttpg_author":{"display_name":"V\u00fcsal Rafiqo\u011flu","author_link":"https:\/\/arantv.az\/?author=2"},"rttpg_comment":0,"rttpg_category":"<a href=\"https:\/\/arantv.az\/?cat=4\" rel=\"category\">Siyas\u0259t<\/a>","rttpg_excerpt":"Prezident\u00a0\u0130lham \u018fliyev\u00a0\u00f6t\u0259n g\u00fcn Xocal\u0131 \u015f\u0259h\u0259rind\u0259 v\u0259 \u018fsg\u0259ran q\u0259s\u0259b\u0259sind\u0259 olub. O, \u018fsg\u0259randa Az\u0259rbaycan bayra\u011f\u0131n\u0131 ucald\u0131b. D\u00f6vl\u0259t ba\u015f\u00e7\u0131s\u0131 vaxtil\u0259 Az\u0259rbaycan xalq\u0131na qar\u015f\u0131 t\u00f6r\u0259dil\u0259n tarixin \u0259n qanl\u0131 soyq\u0131r\u0131mlar\u0131ndan birinin \u015fahidi olan Xocal\u0131 \u015f\u0259h\u0259rinin \u0259razisin\u0259 bax\u0131\u015f ke\u00e7irib. Bu m\u0259qamda Xocal\u0131dan olan, ad\u0131 bel\u0259 nam\u0259lum qalan be\u015f ya\u015fl\u0131 q\u0131z\u0131n m\u0259zar\u0131 yada d\u00fc\u015f\u00fcr. Jurnalist Ayaz Mirz\u0259yev d\u0259 h\u0259min nam\u0259lum m\u0259zarla ba\u011fl\u0131&hellip;","_links":{"self":[{"href":"https:\/\/arantv.az\/index.php?rest_route=\/wp\/v2\/posts\/645876"}],"collection":[{"href":"https:\/\/arantv.az\/index.php?rest_route=\/wp\/v2\/posts"}],"about":[{"href":"https:\/\/arantv.az\/index.php?rest_route=\/wp\/v2\/types\/post"}],"author":[{"embeddable":true,"href":"https:\/\/arantv.az\/index.php?rest_route=\/wp\/v2\/users\/2"}],"replies":[{"embeddable":true,"href":"https:\/\/arantv.az\/index.php?rest_route=%2Fwp%2Fv2%2Fcomments&post=645876"}],"version-history":[{"count":0,"href":"https:\/\/arantv.az\/index.php?rest_route=\/wp\/v2\/posts\/645876\/revisions"}],"wp:featuredmedia":[{"embeddable":true,"href":"https:\/\/arantv.az\/index.php?rest_route=\/wp\/v2\/media\/645877"}],"wp:attachment":[{"href":"https:\/\/arantv.az\/index.php?rest_route=%2Fwp%2Fv2%2Fmedia&parent=645876"}],"wp:term":[{"taxonomy":"category","embeddable":true,"href":"https:\/\/arantv.az\/index.php?rest_route=%2Fwp%2Fv2%2Fcategories&post=645876"},{"taxonomy":"post_tag","embeddable":true,"href":"https:\/\/arantv.az\/index.php?rest_route=%2Fwp%2Fv2%2Ftags&post=645876"}],"curies":[{"name":"wp","href":"https:\/\/api.w.org\/{rel}","templated":true}]}}