{"id":645883,"date":"2023-10-16T10:39:33","date_gmt":"2023-10-16T06:39:33","guid":{"rendered":"https:\/\/arantv.az\/?p=645883"},"modified":"2023-10-16T10:39:33","modified_gmt":"2023-10-16T06:39:33","slug":"q%c9%99rbi-az%c9%99rbaycan-icmasi-roma-papasini-erm%c9%99nistana-t%c9%99zyiq-gost%c9%99rm%c9%99y%c9%99-cagirib","status":"publish","type":"post","link":"https:\/\/arantv.az\/?p=645883","title":{"rendered":"Q\u0259rbi Az\u0259rbaycan \u0130cmas\u0131 Roma Papas\u0131n\u0131 Erm\u0259nistana t\u0259zyiq g\u00f6st\u0259rm\u0259y\u0259 \u00e7a\u011f\u0131r\u0131b"},"content":{"rendered":"<p>Q\u0259rbi Az\u0259rbaycan \u0130cmas\u0131 Roma Papas\u0131n\u0131 Erm\u0259nistan\u0131n da\u011f\u0131td\u0131\u011f\u0131 Az\u0259rbaycan m\u0259d\u0259ni v\u0259 dini irsini b\u0259rpa etm\u0259si \u00fc\u00e7\u00fcn bu d\u00f6vl\u0259t\u0259 t\u0259zyiq g\u00f6st\u0259rm\u0259y\u0259 \u00e7a\u011f\u0131r\u0131b.<\/p>\n<p>Bu bar\u0259d\u0259 icman\u0131n yayd\u0131\u011f\u0131 b\u0259yanatda bildirilib.<\/p>\n<p>Qeyd olunub ki, Roma Papas\u0131 Fransisk 2023-c\u00fc il oktyabr\u0131n 15-d\u0259 verdiyi b\u0259yanat\u0131nda Az\u0259rbaycan\u0131n Qaraba\u011f b\u00f6lg\u0259sind\u0259ki xristian dini abid\u0259l\u0259rinin qorunmas\u0131na dair \u00e7a\u011f\u0131r\u0131\u015f etmi\u015fdi.<\/p>\n<p>\u201cBununla \u0259laq\u0259dar olaraq, xat\u0131rlatmaq laz\u0131md\u0131r ki, Az\u0259rbaycan d\u00f6vl\u0259ti Qaraba\u011f b\u00f6lg\u0259sinin Erm\u0259nistan\u0131n i\u015f\u011fal\u0131ndan azad edilm\u0259sind\u0259n sonra orada olan b\u00fct\u00fcn ibad\u0259t yerl\u0259rini v\u0259 dig\u0259r abid\u0259l\u0259ri dini m\u0259nsubiyy\u0259tind\u0259n as\u0131l\u0131 olmayaraq etibarl\u0131 m\u00fchafiz\u0259 alt\u0131na al\u0131b v\u0259 Erm\u0259nistan t\u0259r\u0259find\u0259n da\u011f\u0131d\u0131lm\u0131\u015f olanlar\u0131n t\u0259mirin\u0259 ba\u015flay\u0131b.<\/p>\n<p>Bu m\u0259nada Roma Papas\u0131n\u0131n Qaraba\u011fda haz\u0131rda he\u00e7 bir t\u0259hl\u00fck\u0259 olmayan xristian dini abid\u0259l\u0259ri il\u0259 ba\u011fl\u0131 \u00e7a\u011f\u0131r\u0131\u015f etm\u0259si \u00fc\u00e7\u00fcn he\u00e7 bir \u0259sas yoxdur. \u018fksin\u0259, Roma Papas\u0131n\u0131n Erm\u0259nistan\u0131n vaxtil\u0259 i\u015f\u011fal etdiyi Az\u0259rbaycan \u0259razil\u0259rind\u0259 65 m\u0259scidi, el\u0259c\u0259 d\u0259 Erm\u0259nistan \u0259razisind\u0259 200-d\u0259n art\u0131q m\u0259scidi v\u0259 \u00e7oxsayl\u0131 dig\u0259r m\u0259d\u0259ni v\u0259 dini abid\u0259l\u0259ri da\u011f\u0131tmas\u0131na m\u00fcnasib\u0259t bildirm\u0259sin\u0259 b\u00f6y\u00fck ehtiyac var.<\/p>\n<p>Bu m\u00fcst\u0259vid\u0259, Q\u0259rbi Az\u0259rbaycan \u0130cmas\u0131 Erm\u0259nistandan qovulmu\u015f az\u0259rbaycanl\u0131lar\u0131n Erm\u0259nistan \u0259razisind\u0259ki Az\u0259rbaycan dini ibad\u0259t yerl\u0259rini v\u0259 yax\u0131nlar\u0131n\u0131n q\u0259birl\u0259rini ziyar\u0259t etm\u0259sin\u0259 yard\u0131m etm\u0259k xahi\u015fi il\u0259 Roma Papas\u0131na 2023-c\u00fc il iyunun 12-d\u0259 etdiyi v\u0259 cavabs\u0131z qalm\u0131\u015f m\u00fcraci\u0259ti bir daha yada sal\u0131r.<\/p>\n<p>Q\u0259rbi Az\u0259rbaycan \u0130cmas\u0131 dinl\u0259raras\u0131 dialoqun m\u00fcdafi\u0259\u00e7isi kimi Roma Papas\u0131na bir daha m\u00fcraci\u0259t ed\u0259r\u0259k, onu Erm\u0259nistan\u0131n da\u011f\u0131td\u0131\u011f\u0131 Az\u0259rbaycan m\u0259d\u0259ni v\u0259 dini irsini b\u0259rpa etm\u0259si \u00fc\u00e7\u00fcn bu d\u00f6vl\u0259t\u0259 t\u0259zyiq g\u00f6st\u0259rm\u0259y\u0259 \u00e7a\u011f\u0131r\u0131r\u201d, &#8211; dey\u0259 b\u0259yanatda vur\u011fulan\u0131r.<\/p>\n","protected":false},"excerpt":{"rendered":"<p>Q\u0259rbi Az\u0259rbaycan \u0130cmas\u0131 Roma Papas\u0131n\u0131 Erm\u0259nistan\u0131n da\u011f\u0131td\u0131\u011f\u0131 Az\u0259rbaycan m\u0259d\u0259ni v\u0259 dini irsini b\u0259rpa etm\u0259si \u00fc\u00e7\u00fcn bu d\u00f6vl\u0259t\u0259 t\u0259zyiq g\u00f6st\u0259rm\u0259y\u0259 \u00e7a\u011f\u0131r\u0131b. Bu bar\u0259d\u0259 icman\u0131n yayd\u0131\u011f\u0131 b\u0259yanatda bildirilib. Qeyd olunub ki, Roma Papas\u0131 Fransisk 2023-c\u00fc il oktyabr\u0131n 15-d\u0259 verdiyi b\u0259yanat\u0131nda Az\u0259rbaycan\u0131n Qaraba\u011f b\u00f6lg\u0259sind\u0259ki xristian dini abid\u0259l\u0259rinin qorunmas\u0131na dair \u00e7a\u011f\u0131r\u0131\u015f etmi\u015fdi. \u201cBununla \u0259laq\u0259dar olaraq, xat\u0131rlatmaq laz\u0131md\u0131r ki, Az\u0259rbaycan d\u00f6vl\u0259ti Qaraba\u011f b\u00f6lg\u0259sinin Erm\u0259nistan\u0131n i\u015f\u011fal\u0131ndan azad edilm\u0259sind\u0259n sonra orada olan b\u00fct\u00fcn ibad\u0259t yerl\u0259rini v\u0259 dig\u0259r abid\u0259l\u0259ri dini m\u0259nsubiyy\u0259tind\u0259n as\u0131l\u0131 olmayaraq etibarl\u0131 m\u00fchafiz\u0259 alt\u0131na al\u0131b v\u0259 Erm\u0259nistan t\u0259r\u0259find\u0259n da\u011f\u0131d\u0131lm\u0131\u015f olanlar\u0131n t\u0259mirin\u0259 ba\u015flay\u0131b. Bu m\u0259nada Roma Papas\u0131n\u0131n&hellip;<\/p>\n","protected":false},"author":2,"featured_media":645885,"comment_status":"closed","ping_status":"closed","sticky":false,"template":"","format":"standard","meta":{"om_disable_all_campaigns":false,"_monsterinsights_skip_tracking":false,"_monsterinsights_sitenote_active":false,"_monsterinsights_sitenote_note":"","_monsterinsights_sitenote_category":0},"categories":[4],"tags":[],"aioseo_notices":[],"gutentor_comment":0,"rttpg_featured_image_url":{"full":["https:\/\/arantv.az\/wp-content\/uploads\/2023\/10\/eb8fc95a-7a51-31ef-9629-3540855a6ba1_850-1-1.jpg",620,413,false],"landscape":["https:\/\/arantv.az\/wp-content\/uploads\/2023\/10\/eb8fc95a-7a51-31ef-9629-3540855a6ba1_850-1-1.jpg",620,413,false],"portraits":["https:\/\/arantv.az\/wp-content\/uploads\/2023\/10\/eb8fc95a-7a51-31ef-9629-3540855a6ba1_850-1-1.jpg",620,413,false],"thumbnail":["https:\/\/arantv.az\/wp-content\/uploads\/2023\/10\/eb8fc95a-7a51-31ef-9629-3540855a6ba1_850-1-1-500x280.jpg",500,280,true],"medium":["https:\/\/arantv.az\/wp-content\/uploads\/2023\/10\/eb8fc95a-7a51-31ef-9629-3540855a6ba1_850-1-1-548x365.jpg",548,365,true],"large":["https:\/\/arantv.az\/wp-content\/uploads\/2023\/10\/eb8fc95a-7a51-31ef-9629-3540855a6ba1_850-1-1.jpg",620,413,false],"1536x1536":["https:\/\/arantv.az\/wp-content\/uploads\/2023\/10\/eb8fc95a-7a51-31ef-9629-3540855a6ba1_850-1-1.jpg",620,413,false],"2048x2048":["https:\/\/arantv.az\/wp-content\/uploads\/2023\/10\/eb8fc95a-7a51-31ef-9629-3540855a6ba1_850-1-1.jpg",620,413,false],"post-thumbnail":["https:\/\/arantv.az\/wp-content\/uploads\/2023\/10\/eb8fc95a-7a51-31ef-9629-3540855a6ba1_850-1-1-240x172.jpg",240,172,true],"advps-thumb-one":["https:\/\/arantv.az\/wp-content\/uploads\/2023\/10\/eb8fc95a-7a51-31ef-9629-3540855a6ba1_850-1-1.jpg",620,413,false]},"rttpg_author":{"display_name":"V\u00fcsal Rafiqo\u011flu","author_link":"https:\/\/arantv.az\/?author=2"},"rttpg_comment":0,"rttpg_category":"<a href=\"https:\/\/arantv.az\/?cat=4\" rel=\"category\">Siyas\u0259t<\/a>","rttpg_excerpt":"Q\u0259rbi Az\u0259rbaycan \u0130cmas\u0131 Roma Papas\u0131n\u0131 Erm\u0259nistan\u0131n da\u011f\u0131td\u0131\u011f\u0131 Az\u0259rbaycan m\u0259d\u0259ni v\u0259 dini irsini b\u0259rpa etm\u0259si \u00fc\u00e7\u00fcn bu d\u00f6vl\u0259t\u0259 t\u0259zyiq g\u00f6st\u0259rm\u0259y\u0259 \u00e7a\u011f\u0131r\u0131b. Bu bar\u0259d\u0259 icman\u0131n yayd\u0131\u011f\u0131 b\u0259yanatda bildirilib. Qeyd olunub ki, Roma Papas\u0131 Fransisk 2023-c\u00fc il oktyabr\u0131n 15-d\u0259 verdiyi b\u0259yanat\u0131nda Az\u0259rbaycan\u0131n Qaraba\u011f b\u00f6lg\u0259sind\u0259ki xristian dini abid\u0259l\u0259rinin qorunmas\u0131na dair \u00e7a\u011f\u0131r\u0131\u015f etmi\u015fdi. \u201cBununla \u0259laq\u0259dar olaraq, xat\u0131rlatmaq laz\u0131md\u0131r ki, Az\u0259rbaycan&hellip;","_links":{"self":[{"href":"https:\/\/arantv.az\/index.php?rest_route=\/wp\/v2\/posts\/645883"}],"collection":[{"href":"https:\/\/arantv.az\/index.php?rest_route=\/wp\/v2\/posts"}],"about":[{"href":"https:\/\/arantv.az\/index.php?rest_route=\/wp\/v2\/types\/post"}],"author":[{"embeddable":true,"href":"https:\/\/arantv.az\/index.php?rest_route=\/wp\/v2\/users\/2"}],"replies":[{"embeddable":true,"href":"https:\/\/arantv.az\/index.php?rest_route=%2Fwp%2Fv2%2Fcomments&post=645883"}],"version-history":[{"count":0,"href":"https:\/\/arantv.az\/index.php?rest_route=\/wp\/v2\/posts\/645883\/revisions"}],"wp:featuredmedia":[{"embeddable":true,"href":"https:\/\/arantv.az\/index.php?rest_route=\/wp\/v2\/media\/645885"}],"wp:attachment":[{"href":"https:\/\/arantv.az\/index.php?rest_route=%2Fwp%2Fv2%2Fmedia&parent=645883"}],"wp:term":[{"taxonomy":"category","embeddable":true,"href":"https:\/\/arantv.az\/index.php?rest_route=%2Fwp%2Fv2%2Fcategories&post=645883"},{"taxonomy":"post_tag","embeddable":true,"href":"https:\/\/arantv.az\/index.php?rest_route=%2Fwp%2Fv2%2Ftags&post=645883"}],"curies":[{"name":"wp","href":"https:\/\/api.w.org\/{rel}","templated":true}]}}