{"id":645892,"date":"2023-10-16T10:45:30","date_gmt":"2023-10-16T06:45:30","guid":{"rendered":"https:\/\/arantv.az\/?p=645892"},"modified":"2023-10-16T10:45:30","modified_gmt":"2023-10-16T06:45:30","slug":"putin-ukrayna-il%c9%99-t%c9%99klif-edil%c9%99n-sulh-plani-bar%c9%99d%c9%99-danisdi","status":"publish","type":"post","link":"https:\/\/arantv.az\/?p=645892","title":{"rendered":"Putin Ukrayna il\u0259 t\u0259klif edil\u0259n s\u00fclh plan\u0131 bar\u0259d\u0259 DANI\u015eDI"},"content":{"rendered":"<p>\u201cR\u0259smi Pekinin bu ilin \u0259vv\u0259lind\u0259 Rusiya-Ukrayna m\u00fcnaqi\u015f\u0259si il\u0259 ba\u011fl\u0131 t\u0259klif etdiyi s\u00fclh plan\u0131 reald\u0131r v\u0259 nizamlanma \u00fc\u00e7\u00fcn \u0259sas yarada bil\u0259r\u201d.<\/p>\n<p>Bunu Rusiya Prezidenti Vladimir Putin \u00c7inin \u201cChina Media Group\u201d media korporasiyas\u0131na m\u00fcsahib\u0259sind\u0259 bildirib.<\/p>\n<p>\u201cBiz \u00e7inli dostlar\u0131m\u0131za bu b\u00f6hran\u0131 nec\u0259 bitirm\u0259yin yollar\u0131 bar\u0259d\u0259 d\u00fc\u015f\u00fcnd\u00fckl\u0259rin\u0259 g\u00f6r\u0259 minn\u0259tdar\u0131q. Hesab edir\u0259m ki, onlar\u0131n t\u0259klifi etdiyi (s\u00fclh plan\u0131) kifay\u0259t q\u0259d\u0259r reald\u0131r v\u0259 s\u00fclh sazi\u015find\u0259 \u0259sas kimi istifad\u0259 oluna bil\u0259r. Biz \u00e7inli dostlar\u0131m\u0131z\u0131n t\u0259klifl\u0259rind\u0259n istifad\u0259 etm\u0259y\u0259 haz\u0131r\u0131q\u201d, &#8211; dey\u0259 Rusiya lideri \u0259lav\u0259 edib.<\/p>\n<p>Qeyd ed\u0259k ki, bu ilin fevral ay\u0131nda \u00c7in Xarici \u0130\u015fl\u0259r Nazirliyi Ukrayna b\u00f6hran\u0131n\u0131n siyasi h\u0259lli il\u0259 ba\u011fl\u0131 m\u00f6vqe s\u0259n\u0259di d\u0259rc edib. S\u0259n\u0259d 12 b\u0259ndd\u0259n ibar\u0259tdir v\u0259 burada at\u0259\u015fk\u0259sin tez bir zamanda t\u0259min edilm\u0259si, t\u0259hl\u00fck\u0259sizlik sah\u0259sind\u0259 b\u00fct\u00fcn \u00f6lk\u0259l\u0259rin qanuni maraqlar\u0131na h\u00f6rm\u0259t, Ukraynada humanitar b\u00f6hran\u0131n h\u0259lli, Moskva il\u0259 Kiyev aras\u0131nda h\u0259rbi \u0259sirl\u0259rin m\u00fcbadil\u0259si m\u0259s\u0259l\u0259l\u0259ri \u00f6z \u0259ksini tap\u0131b.<\/p>\n<p>M\u0259nb\u0259: TASS<\/p>\n","protected":false},"excerpt":{"rendered":"<p>\u201cR\u0259smi Pekinin bu ilin \u0259vv\u0259lind\u0259 Rusiya-Ukrayna m\u00fcnaqi\u015f\u0259si il\u0259 ba\u011fl\u0131 t\u0259klif etdiyi s\u00fclh plan\u0131 reald\u0131r v\u0259 nizamlanma \u00fc\u00e7\u00fcn \u0259sas yarada bil\u0259r\u201d. Bunu Rusiya Prezidenti Vladimir Putin \u00c7inin \u201cChina Media Group\u201d media korporasiyas\u0131na m\u00fcsahib\u0259sind\u0259 bildirib. \u201cBiz \u00e7inli dostlar\u0131m\u0131za bu b\u00f6hran\u0131 nec\u0259 bitirm\u0259yin yollar\u0131 bar\u0259d\u0259 d\u00fc\u015f\u00fcnd\u00fckl\u0259rin\u0259 g\u00f6r\u0259 minn\u0259tdar\u0131q. Hesab edir\u0259m ki, onlar\u0131n t\u0259klifi etdiyi (s\u00fclh plan\u0131) kifay\u0259t q\u0259d\u0259r reald\u0131r v\u0259 s\u00fclh sazi\u015find\u0259 \u0259sas kimi istifad\u0259 oluna bil\u0259r. Biz \u00e7inli dostlar\u0131m\u0131z\u0131n t\u0259klifl\u0259rind\u0259n istifad\u0259 etm\u0259y\u0259 haz\u0131r\u0131q\u201d, &#8211; dey\u0259 Rusiya lideri \u0259lav\u0259 edib. Qeyd ed\u0259k ki, bu ilin fevral ay\u0131nda \u00c7in Xarici \u0130\u015fl\u0259r Nazirliyi Ukrayna b\u00f6hran\u0131n\u0131n&hellip;<\/p>\n","protected":false},"author":2,"featured_media":645893,"comment_status":"closed","ping_status":"closed","sticky":false,"template":"","format":"standard","meta":{"om_disable_all_campaigns":false,"_monsterinsights_skip_tracking":false,"_monsterinsights_sitenote_active":false,"_monsterinsights_sitenote_note":"","_monsterinsights_sitenote_category":0},"categories":[7],"tags":[],"aioseo_notices":[],"gutentor_comment":0,"rttpg_featured_image_url":{"full":["https:\/\/arantv.az\/wp-content\/uploads\/2023\/10\/380337012_866476948213285_4498173958367971902_n.jpg",620,413,false],"landscape":["https:\/\/arantv.az\/wp-content\/uploads\/2023\/10\/380337012_866476948213285_4498173958367971902_n.jpg",620,413,false],"portraits":["https:\/\/arantv.az\/wp-content\/uploads\/2023\/10\/380337012_866476948213285_4498173958367971902_n.jpg",620,413,false],"thumbnail":["https:\/\/arantv.az\/wp-content\/uploads\/2023\/10\/380337012_866476948213285_4498173958367971902_n-500x280.jpg",500,280,true],"medium":["https:\/\/arantv.az\/wp-content\/uploads\/2023\/10\/380337012_866476948213285_4498173958367971902_n-548x365.jpg",548,365,true],"large":["https:\/\/arantv.az\/wp-content\/uploads\/2023\/10\/380337012_866476948213285_4498173958367971902_n.jpg",620,413,false],"1536x1536":["https:\/\/arantv.az\/wp-content\/uploads\/2023\/10\/380337012_866476948213285_4498173958367971902_n.jpg",620,413,false],"2048x2048":["https:\/\/arantv.az\/wp-content\/uploads\/2023\/10\/380337012_866476948213285_4498173958367971902_n.jpg",620,413,false],"post-thumbnail":["https:\/\/arantv.az\/wp-content\/uploads\/2023\/10\/380337012_866476948213285_4498173958367971902_n-240x172.jpg",240,172,true],"advps-thumb-one":["https:\/\/arantv.az\/wp-content\/uploads\/2023\/10\/380337012_866476948213285_4498173958367971902_n.jpg",620,413,false]},"rttpg_author":{"display_name":"V\u00fcsal Rafiqo\u011flu","author_link":"https:\/\/arantv.az\/?author=2"},"rttpg_comment":0,"rttpg_category":"<a href=\"https:\/\/arantv.az\/?cat=7\" rel=\"category\">D\u00fcnya<\/a>","rttpg_excerpt":"\u201cR\u0259smi Pekinin bu ilin \u0259vv\u0259lind\u0259 Rusiya-Ukrayna m\u00fcnaqi\u015f\u0259si il\u0259 ba\u011fl\u0131 t\u0259klif etdiyi s\u00fclh plan\u0131 reald\u0131r v\u0259 nizamlanma \u00fc\u00e7\u00fcn \u0259sas yarada bil\u0259r\u201d. Bunu Rusiya Prezidenti Vladimir Putin \u00c7inin \u201cChina Media Group\u201d media korporasiyas\u0131na m\u00fcsahib\u0259sind\u0259 bildirib. \u201cBiz \u00e7inli dostlar\u0131m\u0131za bu b\u00f6hran\u0131 nec\u0259 bitirm\u0259yin yollar\u0131 bar\u0259d\u0259 d\u00fc\u015f\u00fcnd\u00fckl\u0259rin\u0259 g\u00f6r\u0259 minn\u0259tdar\u0131q. Hesab edir\u0259m ki, onlar\u0131n t\u0259klifi etdiyi (s\u00fclh plan\u0131) kifay\u0259t q\u0259d\u0259r&hellip;","_links":{"self":[{"href":"https:\/\/arantv.az\/index.php?rest_route=\/wp\/v2\/posts\/645892"}],"collection":[{"href":"https:\/\/arantv.az\/index.php?rest_route=\/wp\/v2\/posts"}],"about":[{"href":"https:\/\/arantv.az\/index.php?rest_route=\/wp\/v2\/types\/post"}],"author":[{"embeddable":true,"href":"https:\/\/arantv.az\/index.php?rest_route=\/wp\/v2\/users\/2"}],"replies":[{"embeddable":true,"href":"https:\/\/arantv.az\/index.php?rest_route=%2Fwp%2Fv2%2Fcomments&post=645892"}],"version-history":[{"count":0,"href":"https:\/\/arantv.az\/index.php?rest_route=\/wp\/v2\/posts\/645892\/revisions"}],"wp:featuredmedia":[{"embeddable":true,"href":"https:\/\/arantv.az\/index.php?rest_route=\/wp\/v2\/media\/645893"}],"wp:attachment":[{"href":"https:\/\/arantv.az\/index.php?rest_route=%2Fwp%2Fv2%2Fmedia&parent=645892"}],"wp:term":[{"taxonomy":"category","embeddable":true,"href":"https:\/\/arantv.az\/index.php?rest_route=%2Fwp%2Fv2%2Fcategories&post=645892"},{"taxonomy":"post_tag","embeddable":true,"href":"https:\/\/arantv.az\/index.php?rest_route=%2Fwp%2Fv2%2Ftags&post=645892"}],"curies":[{"name":"wp","href":"https:\/\/api.w.org\/{rel}","templated":true}]}}