{"id":645896,"date":"2023-10-16T10:52:44","date_gmt":"2023-10-16T06:52:44","guid":{"rendered":"https:\/\/arantv.az\/?p=645896"},"modified":"2023-10-16T10:52:44","modified_gmt":"2023-10-16T06:52:44","slug":"az%c9%99rbaycanda-general-infarkt-kecirdi","status":"publish","type":"post","link":"https:\/\/arantv.az\/?p=645896","title":{"rendered":"Az\u0259rbaycanda general infarkt ke\u00e7irdi"},"content":{"rendered":"<p>F\u00f6vq\u0259lad\u0259 hallar nazirinin m\u00fcavini, tibb xidm\u0259ti general-leytenant\u0131 Faiq Ta\u011f\u0131zad\u0259 x\u0259st\u0259xanaya yerl\u0259\u015fdirilib.<\/p>\n<p>\u201cQaynarinfo\u201dnun \u0259ld\u0259 etdiyi m\u0259lumata g\u00f6r\u0259, general bir ne\u00e7\u0259 g\u00fcn \u0259vv\u0259l infarkt ke\u00e7irib v\u0259 x\u0259st\u0259xanalar\u0131n birin\u0259 yerl\u0259\u015fdirilib.<\/p>\n<p>H\u0259kiml\u0259r Faiq Ta\u011f\u0131zad\u0259nin \u00fcr\u0259yin\u0259 stent qoyublar.<\/p>\n<p>Haz\u0131rda general ambulator \u015f\u0259raitd\u0259 m\u00fcalic\u0259sini davam etdirir.<\/p>\n","protected":false},"excerpt":{"rendered":"<p>F\u00f6vq\u0259lad\u0259 hallar nazirinin m\u00fcavini, tibb xidm\u0259ti general-leytenant\u0131 Faiq Ta\u011f\u0131zad\u0259 x\u0259st\u0259xanaya yerl\u0259\u015fdirilib. \u201cQaynarinfo\u201dnun \u0259ld\u0259 etdiyi m\u0259lumata g\u00f6r\u0259, general bir ne\u00e7\u0259 g\u00fcn \u0259vv\u0259l infarkt ke\u00e7irib v\u0259 x\u0259st\u0259xanalar\u0131n birin\u0259 yerl\u0259\u015fdirilib. H\u0259kiml\u0259r Faiq Ta\u011f\u0131zad\u0259nin \u00fcr\u0259yin\u0259 stent qoyublar. Haz\u0131rda general ambulator \u015f\u0259raitd\u0259 m\u00fcalic\u0259sini davam etdirir.<\/p>\n","protected":false},"author":2,"featured_media":645900,"comment_status":"closed","ping_status":"closed","sticky":false,"template":"","format":"standard","meta":{"om_disable_all_campaigns":false,"_monsterinsights_skip_tracking":false,"_monsterinsights_sitenote_active":false,"_monsterinsights_sitenote_note":"","_monsterinsights_sitenote_category":0},"categories":[1],"tags":[],"aioseo_notices":[],"gutentor_comment":0,"rttpg_featured_image_url":{"full":["https:\/\/arantv.az\/wp-content\/uploads\/2023\/10\/05925815bb1216bf0d3a7fc3693a31141631173612_untitled-1-jpg.jpg",620,413,false],"landscape":["https:\/\/arantv.az\/wp-content\/uploads\/2023\/10\/05925815bb1216bf0d3a7fc3693a31141631173612_untitled-1-jpg.jpg",620,413,false],"portraits":["https:\/\/arantv.az\/wp-content\/uploads\/2023\/10\/05925815bb1216bf0d3a7fc3693a31141631173612_untitled-1-jpg.jpg",620,413,false],"thumbnail":["https:\/\/arantv.az\/wp-content\/uploads\/2023\/10\/05925815bb1216bf0d3a7fc3693a31141631173612_untitled-1-jpg-500x280.jpg",500,280,true],"medium":["https:\/\/arantv.az\/wp-content\/uploads\/2023\/10\/05925815bb1216bf0d3a7fc3693a31141631173612_untitled-1-jpg-548x365.jpg",548,365,true],"large":["https:\/\/arantv.az\/wp-content\/uploads\/2023\/10\/05925815bb1216bf0d3a7fc3693a31141631173612_untitled-1-jpg.jpg",620,413,false],"1536x1536":["https:\/\/arantv.az\/wp-content\/uploads\/2023\/10\/05925815bb1216bf0d3a7fc3693a31141631173612_untitled-1-jpg.jpg",620,413,false],"2048x2048":["https:\/\/arantv.az\/wp-content\/uploads\/2023\/10\/05925815bb1216bf0d3a7fc3693a31141631173612_untitled-1-jpg.jpg",620,413,false],"post-thumbnail":["https:\/\/arantv.az\/wp-content\/uploads\/2023\/10\/05925815bb1216bf0d3a7fc3693a31141631173612_untitled-1-jpg-240x172.jpg",240,172,true],"advps-thumb-one":["https:\/\/arantv.az\/wp-content\/uploads\/2023\/10\/05925815bb1216bf0d3a7fc3693a31141631173612_untitled-1-jpg.jpg",620,413,false]},"rttpg_author":{"display_name":"V\u00fcsal Rafiqo\u011flu","author_link":"https:\/\/arantv.az\/?author=2"},"rttpg_comment":0,"rttpg_category":"<a href=\"https:\/\/arantv.az\/?cat=1\" rel=\"category\">C\u0259miyy\u0259t<\/a>","rttpg_excerpt":"F\u00f6vq\u0259lad\u0259 hallar nazirinin m\u00fcavini, tibb xidm\u0259ti general-leytenant\u0131 Faiq Ta\u011f\u0131zad\u0259 x\u0259st\u0259xanaya yerl\u0259\u015fdirilib. \u201cQaynarinfo\u201dnun \u0259ld\u0259 etdiyi m\u0259lumata g\u00f6r\u0259, general bir ne\u00e7\u0259 g\u00fcn \u0259vv\u0259l infarkt ke\u00e7irib v\u0259 x\u0259st\u0259xanalar\u0131n birin\u0259 yerl\u0259\u015fdirilib. H\u0259kiml\u0259r Faiq Ta\u011f\u0131zad\u0259nin \u00fcr\u0259yin\u0259 stent qoyublar. Haz\u0131rda general ambulator \u015f\u0259raitd\u0259 m\u00fcalic\u0259sini davam etdirir.","_links":{"self":[{"href":"https:\/\/arantv.az\/index.php?rest_route=\/wp\/v2\/posts\/645896"}],"collection":[{"href":"https:\/\/arantv.az\/index.php?rest_route=\/wp\/v2\/posts"}],"about":[{"href":"https:\/\/arantv.az\/index.php?rest_route=\/wp\/v2\/types\/post"}],"author":[{"embeddable":true,"href":"https:\/\/arantv.az\/index.php?rest_route=\/wp\/v2\/users\/2"}],"replies":[{"embeddable":true,"href":"https:\/\/arantv.az\/index.php?rest_route=%2Fwp%2Fv2%2Fcomments&post=645896"}],"version-history":[{"count":0,"href":"https:\/\/arantv.az\/index.php?rest_route=\/wp\/v2\/posts\/645896\/revisions"}],"wp:featuredmedia":[{"embeddable":true,"href":"https:\/\/arantv.az\/index.php?rest_route=\/wp\/v2\/media\/645900"}],"wp:attachment":[{"href":"https:\/\/arantv.az\/index.php?rest_route=%2Fwp%2Fv2%2Fmedia&parent=645896"}],"wp:term":[{"taxonomy":"category","embeddable":true,"href":"https:\/\/arantv.az\/index.php?rest_route=%2Fwp%2Fv2%2Fcategories&post=645896"},{"taxonomy":"post_tag","embeddable":true,"href":"https:\/\/arantv.az\/index.php?rest_route=%2Fwp%2Fv2%2Ftags&post=645896"}],"curies":[{"name":"wp","href":"https:\/\/api.w.org\/{rel}","templated":true}]}}