{"id":645899,"date":"2023-10-16T10:52:56","date_gmt":"2023-10-16T06:52:56","guid":{"rendered":"https:\/\/arantv.az\/?p=645899"},"modified":"2023-10-16T10:52:56","modified_gmt":"2023-10-16T06:52:56","slug":"y%c9%99hudi-icmasi-israild%c9%99-son-q%c9%99tliam-qurbanlarinin-xatir%c9%99sini-yad-edib-foto","status":"publish","type":"post","link":"https:\/\/arantv.az\/?p=645899","title":{"rendered":"Y\u0259hudi icmas\u0131 \u0130sraild\u0259 son q\u0259tliam qurbanlar\u0131n\u0131n xatir\u0259sini yad edib &#8211; FOTO"},"content":{"rendered":"<p>Birlik v\u0259 h\u0259mr\u0259ylik n\u00fcmayi\u015fi olaraq y\u0259hudi icmas\u0131n\u0131n v\u0259 Az\u0259rbaycan xalq\u0131n\u0131n y\u00fczl\u0259rl\u0259 n\u00fcmay\u0259nd\u0259si Bak\u0131dak\u0131 Da\u011f Y\u0259hudil\u0259ri sinaqoquna g\u0259l\u0259r\u0259k \u0130sraild\u0259 1300-d\u0259n \u00e7ox g\u00fcnahs\u0131z dinc sakinin h\u0259yat\u0131na son qoyan faci\u0259vi H\u018fMAS terror akt\u0131na g\u00f6r\u0259 ba\u015fsa\u011fl\u0131\u011f\u0131 vermi\u015f v\u0259 \u00f6z d\u0259st\u0259kl\u0259rini g\u00f6st\u0259ribl\u0259r.<\/p>\n<p>Bu bar\u0259d\u0259 s\u0259firlikd\u0259n bildirilib.<\/p>\n<p>\u00c7\u0131x\u0131\u015f ed\u0259nl\u0259r q\u0259tiyy\u0259tli s\u0259sl\u0259 b\u0259\u015f\u0259riyy\u0259t\u0259 qar\u015f\u0131 t\u00f6r\u0259dilmi\u015f bu d\u0259h\u015f\u0259tli cinay\u0259tl\u0259ri \u015fidd\u0259tl\u0259 pisl\u0259yibl\u0259r. Da\u011f Y\u0259hudil\u0259ri \u0130cmas\u0131n\u0131n lideri Milix Yevdayev bildirib:<\/p>\n<p>\u201cBu \u00e7\u0259tin anlarda biz \u0130sraill\u0259 h\u0259mr\u0259yik v\u0259 s\u00fclh v\u0259 insanl\u0131q namin\u0259 birg\u0259 \u00f6hd\u0259liyimizd\u0259 q\u0259tiyy\u0259tliyik\u201d.<\/p>\n<p>\u0130srail s\u0259firi Corc Dik H\u018fMAS-\u0131n \u0130sraili m\u0259hv etm\u0259k m\u0259qs\u0259dini a\u00e7\u0131qlayaraq bildirib:<\/p>\n<p>\u201cBu, uzun v\u0259 \u00e7\u0259tin yol ola bil\u0259r. Ancaq bir \u015fey d\u0259qiqdir, bir \u015fey dan\u0131lmaz v\u0259 qa\u00e7\u0131lmazd\u0131r: Biz qalib g\u0259l\u0259c\u0259yik.\u201d<\/p>\n<p>Faci\u0259li \u015f\u0259kild\u0259 h\u0259yat\u0131n\u0131 itir\u0259n 1300 israillinin xatir\u0259sini yad etm\u0259k \u00fc\u00e7\u00fcn t\u0259sirli dua m\u0259rasimi ke\u00e7irilib. \u015eamlar yand\u0131r\u0131l\u0131b, h\u0259lak olanlar v\u0259 onlar\u0131n k\u0259d\u0259rli ail\u0259 \u00fczvl\u0259ri \u00fc\u00e7\u00fcn \u00fcr\u0259kd\u0259n dualar oxunub.<\/p>\n<p>\u201cBu q\u00fcdr\u0259tli m\u0259qam y\u0259hudi icmas\u0131n\u0131n v\u0259 Az\u0259rbaycan xalq\u0131n\u0131n bel\u0259 \u00e7\u0259tin g\u00fcnl\u0259rd\u0259 \u0130sraill\u0259 yan-yana dayanaraq g\u00f6st\u0259rdiyi h\u0259mr\u0259yliyinin s\u00fcbutudur\u201d, &#8211; dey\u0259 m\u0259lumatda vur\u011fulan\u0131b.<\/p>\n<p>&nbsp;<\/p>\n<div class=\"gallery\">\n<div class=\"gallery-i\"><img src=\"https:\/\/cdn.oxu.az\/uploads\/W1siZiIsIjIwMjMvMTAvMTYvMTAvMDcvMTAvOTAxMjg2YTctYTczMy00Y2E4LWI4YjMtZmM4YTg4NTg1ZDNlLzY1MmNkMjhhM2NmOWQ2NTJjZDI4YTNjZjllMTY5NzQzNjI5ODY1MmNkMjhhM2NmOWI2NTJjZDI4YTNjZjljLmpwZWciXSxbInAiLCJlbmNvZGUiLCJqcGciLCItcXVhbGl0eSA4MCJdLFsicCIsInRodW1iIiwiNTkweDU5MFx1MDAzZSJdXQ?sha=354636940f398832\" alt=\"\" \/><\/div>\n<\/div>\n","protected":false},"excerpt":{"rendered":"<p>Birlik v\u0259 h\u0259mr\u0259ylik n\u00fcmayi\u015fi olaraq y\u0259hudi icmas\u0131n\u0131n v\u0259 Az\u0259rbaycan xalq\u0131n\u0131n y\u00fczl\u0259rl\u0259 n\u00fcmay\u0259nd\u0259si Bak\u0131dak\u0131 Da\u011f Y\u0259hudil\u0259ri sinaqoquna g\u0259l\u0259r\u0259k \u0130sraild\u0259 1300-d\u0259n \u00e7ox g\u00fcnahs\u0131z dinc sakinin h\u0259yat\u0131na son qoyan faci\u0259vi H\u018fMAS terror akt\u0131na g\u00f6r\u0259 ba\u015fsa\u011fl\u0131\u011f\u0131 vermi\u015f v\u0259 \u00f6z d\u0259st\u0259kl\u0259rini g\u00f6st\u0259ribl\u0259r. Bu bar\u0259d\u0259 s\u0259firlikd\u0259n bildirilib. \u00c7\u0131x\u0131\u015f ed\u0259nl\u0259r q\u0259tiyy\u0259tli s\u0259sl\u0259 b\u0259\u015f\u0259riyy\u0259t\u0259 qar\u015f\u0131 t\u00f6r\u0259dilmi\u015f bu d\u0259h\u015f\u0259tli cinay\u0259tl\u0259ri \u015fidd\u0259tl\u0259 pisl\u0259yibl\u0259r. Da\u011f Y\u0259hudil\u0259ri \u0130cmas\u0131n\u0131n lideri Milix Yevdayev bildirib: \u201cBu \u00e7\u0259tin anlarda biz \u0130sraill\u0259 h\u0259mr\u0259yik v\u0259 s\u00fclh v\u0259 insanl\u0131q namin\u0259 birg\u0259 \u00f6hd\u0259liyimizd\u0259 q\u0259tiyy\u0259tliyik\u201d. \u0130srail s\u0259firi Corc Dik H\u018fMAS-\u0131n \u0130sraili m\u0259hv etm\u0259k m\u0259qs\u0259dini a\u00e7\u0131qlayaraq bildirib: \u201cBu, uzun v\u0259 \u00e7\u0259tin yol&hellip;<\/p>\n","protected":false},"author":2,"featured_media":645901,"comment_status":"closed","ping_status":"closed","sticky":false,"template":"","format":"standard","meta":{"om_disable_all_campaigns":false,"_monsterinsights_skip_tracking":false,"_monsterinsights_sitenote_active":false,"_monsterinsights_sitenote_note":"","_monsterinsights_sitenote_category":0},"categories":[1],"tags":[],"aioseo_notices":[],"gutentor_comment":0,"rttpg_featured_image_url":{"full":["https:\/\/arantv.az\/wp-content\/uploads\/2023\/10\/652cd28a35674652cd28a356751697436298652cd28a35670652cd28a35671.jpg",620,413,false],"landscape":["https:\/\/arantv.az\/wp-content\/uploads\/2023\/10\/652cd28a35674652cd28a356751697436298652cd28a35670652cd28a35671.jpg",620,413,false],"portraits":["https:\/\/arantv.az\/wp-content\/uploads\/2023\/10\/652cd28a35674652cd28a356751697436298652cd28a35670652cd28a35671.jpg",620,413,false],"thumbnail":["https:\/\/arantv.az\/wp-content\/uploads\/2023\/10\/652cd28a35674652cd28a356751697436298652cd28a35670652cd28a35671-500x280.jpg",500,280,true],"medium":["https:\/\/arantv.az\/wp-content\/uploads\/2023\/10\/652cd28a35674652cd28a356751697436298652cd28a35670652cd28a35671-548x365.jpg",548,365,true],"large":["https:\/\/arantv.az\/wp-content\/uploads\/2023\/10\/652cd28a35674652cd28a356751697436298652cd28a35670652cd28a35671.jpg",620,413,false],"1536x1536":["https:\/\/arantv.az\/wp-content\/uploads\/2023\/10\/652cd28a35674652cd28a356751697436298652cd28a35670652cd28a35671.jpg",620,413,false],"2048x2048":["https:\/\/arantv.az\/wp-content\/uploads\/2023\/10\/652cd28a35674652cd28a356751697436298652cd28a35670652cd28a35671.jpg",620,413,false],"post-thumbnail":["https:\/\/arantv.az\/wp-content\/uploads\/2023\/10\/652cd28a35674652cd28a356751697436298652cd28a35670652cd28a35671-240x172.jpg",240,172,true],"advps-thumb-one":["https:\/\/arantv.az\/wp-content\/uploads\/2023\/10\/652cd28a35674652cd28a356751697436298652cd28a35670652cd28a35671.jpg",620,413,false]},"rttpg_author":{"display_name":"V\u00fcsal Rafiqo\u011flu","author_link":"https:\/\/arantv.az\/?author=2"},"rttpg_comment":0,"rttpg_category":"<a href=\"https:\/\/arantv.az\/?cat=1\" rel=\"category\">C\u0259miyy\u0259t<\/a>","rttpg_excerpt":"Birlik v\u0259 h\u0259mr\u0259ylik n\u00fcmayi\u015fi olaraq y\u0259hudi icmas\u0131n\u0131n v\u0259 Az\u0259rbaycan xalq\u0131n\u0131n y\u00fczl\u0259rl\u0259 n\u00fcmay\u0259nd\u0259si Bak\u0131dak\u0131 Da\u011f Y\u0259hudil\u0259ri sinaqoquna g\u0259l\u0259r\u0259k \u0130sraild\u0259 1300-d\u0259n \u00e7ox g\u00fcnahs\u0131z dinc sakinin h\u0259yat\u0131na son qoyan faci\u0259vi H\u018fMAS terror akt\u0131na g\u00f6r\u0259 ba\u015fsa\u011fl\u0131\u011f\u0131 vermi\u015f v\u0259 \u00f6z d\u0259st\u0259kl\u0259rini g\u00f6st\u0259ribl\u0259r. Bu bar\u0259d\u0259 s\u0259firlikd\u0259n bildirilib. \u00c7\u0131x\u0131\u015f ed\u0259nl\u0259r q\u0259tiyy\u0259tli s\u0259sl\u0259 b\u0259\u015f\u0259riyy\u0259t\u0259 qar\u015f\u0131 t\u00f6r\u0259dilmi\u015f bu d\u0259h\u015f\u0259tli cinay\u0259tl\u0259ri \u015fidd\u0259tl\u0259 pisl\u0259yibl\u0259r. Da\u011f Y\u0259hudil\u0259ri&hellip;","_links":{"self":[{"href":"https:\/\/arantv.az\/index.php?rest_route=\/wp\/v2\/posts\/645899"}],"collection":[{"href":"https:\/\/arantv.az\/index.php?rest_route=\/wp\/v2\/posts"}],"about":[{"href":"https:\/\/arantv.az\/index.php?rest_route=\/wp\/v2\/types\/post"}],"author":[{"embeddable":true,"href":"https:\/\/arantv.az\/index.php?rest_route=\/wp\/v2\/users\/2"}],"replies":[{"embeddable":true,"href":"https:\/\/arantv.az\/index.php?rest_route=%2Fwp%2Fv2%2Fcomments&post=645899"}],"version-history":[{"count":0,"href":"https:\/\/arantv.az\/index.php?rest_route=\/wp\/v2\/posts\/645899\/revisions"}],"wp:featuredmedia":[{"embeddable":true,"href":"https:\/\/arantv.az\/index.php?rest_route=\/wp\/v2\/media\/645901"}],"wp:attachment":[{"href":"https:\/\/arantv.az\/index.php?rest_route=%2Fwp%2Fv2%2Fmedia&parent=645899"}],"wp:term":[{"taxonomy":"category","embeddable":true,"href":"https:\/\/arantv.az\/index.php?rest_route=%2Fwp%2Fv2%2Fcategories&post=645899"},{"taxonomy":"post_tag","embeddable":true,"href":"https:\/\/arantv.az\/index.php?rest_route=%2Fwp%2Fv2%2Ftags&post=645899"}],"curies":[{"name":"wp","href":"https:\/\/api.w.org\/{rel}","templated":true}]}}