{"id":64593,"date":"2019-06-06T13:04:42","date_gmt":"2019-06-06T10:04:42","guid":{"rendered":"http:\/\/arantv.az\/?p=64593"},"modified":"2019-06-06T13:04:42","modified_gmt":"2019-06-06T10:04:42","slug":"iranli-nazir-istefa-verdi-kabinetin-iclasindan-sonra","status":"publish","type":"post","link":"https:\/\/arantv.az\/?p=64593","title":{"rendered":"\u0130ranl\u0131 nazir istefa verdi &#8211; Kabinetin iclas\u0131ndan sonra"},"content":{"rendered":"<p><strong>\u0130ran\u0131n t\u0259hsil naziri v\u0259zif\u0259sind\u0259n istefa verib.<\/strong><\/p>\n<p><strong>ARANTV.AZ<\/strong> trend-\u0259 istinad\u0259n bildirir ki,\u00a0bunu \u0130ran\u0131n Nazirl\u0259r Kabinetind\u0259ki m\u0259lumatl\u0131 m\u0259nb\u0259 deyib.<\/p>\n<p>R\u0259sminin s\u00f6zl\u0259rin\u0259 g\u00f6r\u0259, t\u0259hsil naziri M\u0259h\u0259mm\u0259d B\u0259thayi \u00f6t\u0259n g\u00fcn Nazirl\u0259r Kabinetinin iclas\u0131ndan sonra istefa m\u0259ktubunu \u0130ran prezidenti H\u0259s\u0259n Ruhaniy\u0259 t\u0259qdim edib.<\/p>\n<p>M\u0259lumatl\u0131 r\u0259smi qeyd edib ki, nazir \u015f\u0259xsi s\u0259b\u0259bl\u0259r\u0259 g\u00f6r\u0259 istefa verib v\u0259 prezidentin onun istefas\u0131n\u0131 q\u0259bul edib-etm\u0259y\u0259c\u0259yi b\u0259lli deyil.<\/p>\n","protected":false},"excerpt":{"rendered":"<p>\u0130ran\u0131n t\u0259hsil naziri v\u0259zif\u0259sind\u0259n istefa verib. ARANTV.AZ trend-\u0259 istinad\u0259n bildirir ki,\u00a0bunu \u0130ran\u0131n Nazirl\u0259r Kabinetind\u0259ki m\u0259lumatl\u0131 m\u0259nb\u0259 deyib. R\u0259sminin s\u00f6zl\u0259rin\u0259 g\u00f6r\u0259, t\u0259hsil naziri M\u0259h\u0259mm\u0259d B\u0259thayi \u00f6t\u0259n g\u00fcn Nazirl\u0259r Kabinetinin iclas\u0131ndan sonra istefa m\u0259ktubunu \u0130ran prezidenti H\u0259s\u0259n Ruhaniy\u0259 t\u0259qdim edib. M\u0259lumatl\u0131 r\u0259smi qeyd edib ki, nazir \u015f\u0259xsi s\u0259b\u0259bl\u0259r\u0259 g\u00f6r\u0259 istefa verib v\u0259 prezidentin onun istefas\u0131n\u0131 q\u0259bul edib-etm\u0259y\u0259c\u0259yi b\u0259lli deyil.<\/p>\n","protected":false},"author":2,"featured_media":64594,"comment_status":"closed","ping_status":"closed","sticky":false,"template":"","format":"standard","meta":{"om_disable_all_campaigns":false,"_monsterinsights_skip_tracking":false,"_monsterinsights_sitenote_active":false,"_monsterinsights_sitenote_note":"","_monsterinsights_sitenote_category":0},"categories":[7],"tags":[],"aioseo_notices":[],"gutentor_comment":0,"rttpg_featured_image_url":{"full":["https:\/\/arantv.az\/wp-content\/uploads\/2019\/06\/kreslo_201214.jpg",500,375,false],"landscape":["https:\/\/arantv.az\/wp-content\/uploads\/2019\/06\/kreslo_201214.jpg",500,375,false],"portraits":["https:\/\/arantv.az\/wp-content\/uploads\/2019\/06\/kreslo_201214.jpg",500,375,false],"thumbnail":["https:\/\/arantv.az\/wp-content\/uploads\/2019\/06\/kreslo_201214-150x150.jpg",150,150,true],"medium":["https:\/\/arantv.az\/wp-content\/uploads\/2019\/06\/kreslo_201214-300x225.jpg",300,225,true],"large":["https:\/\/arantv.az\/wp-content\/uploads\/2019\/06\/kreslo_201214.jpg",500,375,false],"1536x1536":["https:\/\/arantv.az\/wp-content\/uploads\/2019\/06\/kreslo_201214.jpg",500,375,false],"2048x2048":["https:\/\/arantv.az\/wp-content\/uploads\/2019\/06\/kreslo_201214.jpg",500,375,false],"post-thumbnail":["https:\/\/arantv.az\/wp-content\/uploads\/2019\/06\/kreslo_201214-240x172.jpg",240,172,true],"advps-thumb-one":["https:\/\/arantv.az\/wp-content\/uploads\/2019\/06\/kreslo_201214.jpg",500,375,false]},"rttpg_author":{"display_name":"V\u00fcsal Rafiqo\u011flu","author_link":"https:\/\/arantv.az\/?author=2"},"rttpg_comment":0,"rttpg_category":"<a href=\"https:\/\/arantv.az\/?cat=7\" rel=\"category\">D\u00fcnya<\/a>","rttpg_excerpt":"\u0130ran\u0131n t\u0259hsil naziri v\u0259zif\u0259sind\u0259n istefa verib. ARANTV.AZ trend-\u0259 istinad\u0259n bildirir ki,\u00a0bunu \u0130ran\u0131n Nazirl\u0259r Kabinetind\u0259ki m\u0259lumatl\u0131 m\u0259nb\u0259 deyib. R\u0259sminin s\u00f6zl\u0259rin\u0259 g\u00f6r\u0259, t\u0259hsil naziri M\u0259h\u0259mm\u0259d B\u0259thayi \u00f6t\u0259n g\u00fcn Nazirl\u0259r Kabinetinin iclas\u0131ndan sonra istefa m\u0259ktubunu \u0130ran prezidenti H\u0259s\u0259n Ruhaniy\u0259 t\u0259qdim edib. M\u0259lumatl\u0131 r\u0259smi qeyd edib ki, nazir \u015f\u0259xsi s\u0259b\u0259bl\u0259r\u0259 g\u00f6r\u0259 istefa verib v\u0259 prezidentin onun istefas\u0131n\u0131 q\u0259bul edib-etm\u0259y\u0259c\u0259yi&hellip;","_links":{"self":[{"href":"https:\/\/arantv.az\/index.php?rest_route=\/wp\/v2\/posts\/64593"}],"collection":[{"href":"https:\/\/arantv.az\/index.php?rest_route=\/wp\/v2\/posts"}],"about":[{"href":"https:\/\/arantv.az\/index.php?rest_route=\/wp\/v2\/types\/post"}],"author":[{"embeddable":true,"href":"https:\/\/arantv.az\/index.php?rest_route=\/wp\/v2\/users\/2"}],"replies":[{"embeddable":true,"href":"https:\/\/arantv.az\/index.php?rest_route=%2Fwp%2Fv2%2Fcomments&post=64593"}],"version-history":[{"count":0,"href":"https:\/\/arantv.az\/index.php?rest_route=\/wp\/v2\/posts\/64593\/revisions"}],"wp:featuredmedia":[{"embeddable":true,"href":"https:\/\/arantv.az\/index.php?rest_route=\/wp\/v2\/media\/64594"}],"wp:attachment":[{"href":"https:\/\/arantv.az\/index.php?rest_route=%2Fwp%2Fv2%2Fmedia&parent=64593"}],"wp:term":[{"taxonomy":"category","embeddable":true,"href":"https:\/\/arantv.az\/index.php?rest_route=%2Fwp%2Fv2%2Fcategories&post=64593"},{"taxonomy":"post_tag","embeddable":true,"href":"https:\/\/arantv.az\/index.php?rest_route=%2Fwp%2Fv2%2Ftags&post=64593"}],"curies":[{"name":"wp","href":"https:\/\/api.w.org\/{rel}","templated":true}]}}