{"id":645983,"date":"2023-10-16T13:15:44","date_gmt":"2023-10-16T09:15:44","guid":{"rendered":"https:\/\/arantv.az\/?p=645983"},"modified":"2023-10-16T13:15:44","modified_gmt":"2023-10-16T09:15:44","slug":"artiq-az%c9%99rbaycanin-h%c9%99r-bir-k%c9%99ndind%c9%99-q%c9%99s%c9%99b%c9%99sind%c9%99-s%c9%99h%c9%99rind%c9%99-bayragimiz-dalgalanir","status":"publish","type":"post","link":"https:\/\/arantv.az\/?p=645983","title":{"rendered":"Art\u0131q Az\u0259rbaycan\u0131n h\u0259r bir k\u0259ndind\u0259, q\u0259s\u0259b\u0259sind\u0259 \u015f\u0259h\u0259rind\u0259 bayra\u011f\u0131m\u0131z dal\u011falan\u0131r"},"content":{"rendered":"<p><img src=\"https:\/\/ikisahil.az\/upload\/\/2023\/05\/31\/\/-716e1b8c168551464138072650510011293.jpg\" alt=\"\" \/><\/p>\n<p><strong>Hicran H\u00fcseynova,<\/strong><\/p>\n<p><em>Milli M\u0259clisin Ail\u0259, qad\u0131n v\u0259 u\u015faq m\u0259s\u0259l\u0259l\u0259ri komit\u0259sinin s\u0259dri, professor<\/em><\/p>\n<p>30 il\u0259 yax\u0131n xalq\u0131m\u0131z erm\u0259ni i\u015f\u011fal\u0131na, erm\u0259ni vandalizmin\u0259 d\u00f6zd\u00fc, m\u0259s\u0259l\u0259nin s\u00fclh yolu il\u0259 h\u0259ll olunaca\u011f\u0131na inand\u0131. Az\u0259rbaycan xalq\u0131 v\u0259 d\u00f6vl\u0259ti\u00a0\u00a0 he\u00e7 vaxt m\u00fcharib\u0259 ist\u0259mirdi, \u00e7\u00fcnki m\u00fcharib\u0259nin yaratd\u0131\u011f\u0131 faci\u0259l\u0259ri, d\u0259h\u015f\u0259tl\u0259ri b\u00fct\u00fcn a\u011f\u0131rl\u0131\u011f\u0131 il\u0259 ya\u015fam\u0131\u015fd\u0131. Lakin, c\u0259nab Prezidentin d\u0259 dediyi kimi, \u201c On yeddi il \u0259rzind\u0259 m\u0259n \u015f\u0259xs\u0259n m\u0259nas\u0131z v\u0259 n\u0259tic\u0259siz dan\u0131\u015f\u0131qlarda d\u0259f\u0259l\u0259rl\u0259 i\u015ftirak etmi\u015f\u0259m. N\u0259 \u00fc\u00e7\u00fcn? \u00c7\u00fcnki hesab edirdim ki, bu m\u0259s\u0259l\u0259 s\u00fclh yolu il\u0259 h\u0259ll olunmal\u0131d\u0131r. Ancaq getdikc\u0259 \u00fcmidl\u0259r azal\u0131rd\u0131. Erm\u0259nistan\u0131n i\u015f\u011fal\u00e7\u0131 siyas\u0259tini bir daha t\u0259hlil ed\u0259r\u0259k tam \u0259minlikl\u0259 bu g\u00fcn dey\u0259 bil\u0259r\u0259m ki, onlar bir qar\u0131\u015f torpaq bel\u0259 biz\u0259 qaytarmaq fikrind\u0259 deyildil\u0259r. \u018ffsuslar olsun ki, bu m\u0259s\u0259l\u0259 il\u0259 m\u0259\u015f\u011ful olmu\u015f vasit\u0259\u00e7il\u0259r faktiki olaraq m\u00fcnaqi\u015f\u0259ni dondurmaq ist\u0259yirdil\u0259r, m\u00fcnaqi\u015f\u0259ni \u0259b\u0259di etm\u0259k ist\u0259yirdil\u0259r. \u0130st\u0259yirdil\u0259r ki, bu yara he\u00e7 vaxt sa\u011falmas\u0131n\u201d. \u018flb\u0259tt\u0259 ki. Biz he\u00e7 vaxt i\u015f\u011falla bar\u0131\u015fmad\u0131q.\u00a0 3 il bundan \u0259vv\u0259l 44 g\u00fcnl\u00fck \u00a0V\u0259t\u0259n m\u00fcharib\u0259si parlaq, tarixi Q\u0259l\u0259b\u0259 il\u0259 ba\u015fa \u00e7atd\u0131, n\u0259tic\u0259d\u0259 \u00f6lk\u0259mizin \u0259razi b\u00fct\u00f6vl\u00fcy\u00fc b\u0259rpa edilib. 2020-ci il noyabr\u0131n 10-na ke\u00e7\u0259n gec\u0259 Erm\u0259nistan Respublikas\u0131n\u0131n ba\u015f naziri Nikol Pa\u015finyan mahiyy\u0259tc\u0259 Erm\u0259nistan\u0131n t\u0259slim olmas\u0131 akt\u0131 olan \u00fc\u00e7t\u0259r\u0259fli b\u0259yanat imzalama\u011fa m\u0259cbur oldu. T\u0259\u0259ss\u00fcf ki, bundan sonra Erm\u0259nistan t\u0259r\u0259fi \u00f6z t\u0259xribat\u00e7\u0131 siyas\u0259tind\u0259n \u0259l \u00e7\u0259km\u0259di, x\u00fcsus\u0259n d\u0259 yeni m\u00fcharib\u0259y\u0259 t\u0259hrik ed\u0259n b\u0259yanatlar verdi.\u00a0 Erm\u0259nistan Respublikas\u0131 t\u0259r\u0259find\u0259n \u201cmina terroru\u201d, o c\u00fcml\u0259d\u0259n\u00a0 erm\u0259ni silahl\u0131 q\u00fcvv\u0259l\u0259ri \u00a0t\u0259r\u0259fd\u0259n Az\u0259rbaycan m\u00f6vqel\u0259rinin m\u00fct\u0259madi olaraq at\u0259\u015f\u0259 tutulmas\u0131,\u00a0 art\u0131q m\u00f6vcud olmayan qondarma xunta rejiminin\u00a0 sentyabrda se\u00e7kil\u0259r ke\u00e7irm\u0259si r\u0259smi Bak\u0131n\u0131 lokal xarakterli antiterror \u00a0\u0259m\u0259liyyatlara ba\u015flama\u011fa m\u0259cbur oldu. 24 saata yax\u0131n \u00a0davam ed\u0259n v\u0259 pe\u015f\u0259karl\u0131qla h\u0259yata ke\u00e7iril\u0259n\u00a0 \u0259m\u0259liyyat n\u0259tic\u0259sind\u0259 d\u00f6vl\u0259timizin suverenliyi tamamil\u0259 b\u0259rpa olundu. Bel\u0259likl\u0259, Az\u0259rbaycan Prezidenti \u0130lham \u018fliyev h\u0259m \u00f6lk\u0259mizd\u0259, h\u0259m d\u0259 xaricd\u0259 ya\u015fayan milyonlarla az\u0259rbaycanl\u0131n\u0131n arzusunu ger\u00e7\u0259kl\u0259\u015fdirdi. M\u00fcst\u0259qilliyini elan etdikd\u0259n sonra ilk d\u0259f\u0259 olaraq Az\u0259rbaycan\u0131n suverenliyi onun b\u00fct\u00fcn \u0259razisini \u0259hat\u0259 edir. \u00a0Bu tarixi hadis\u0259nin \u0259n \u00a0m\u00fch\u00fcm amili \u00a0odur ki, bu b\u00f6y\u00fck Q\u0259l\u0259b\u0259 AT\u018fT-in Minsk qrupunun h\u0259ms\u0259dr \u00f6lk\u0259l\u0259rinin planlar\u0131na zidd olaraq, d\u00fcnya erm\u0259nil\u0259rinin b\u00f6y\u00fck t\u0259zyiql\u0259rin\u0259 baxmayaraq \u0259ld\u0259 edildi.\u00a0 Art\u0131q Az\u0259rbaycan Prezidenti \u0130lham \u018fliyev Az\u0259rbaycan Respublikas\u0131n\u0131n D\u00f6vl\u0259t bayra\u011f\u0131n\u0131 Xank\u0259ndind\u0259 qald\u0131rd\u0131.<\/p>\n<p>Az\u0259rbaycan Prezidenti \u0130lham \u018fliyev oktyabr\u0131n 15-d\u0259 \u00a0bir hiss\u0259si Erm\u0259nistan\u0131n i\u015f\u011fal\u0131 alt\u0131nda olan v\u0259 44 g\u00fcnl\u00fck m\u00fcharib\u0259 n\u0259tic\u0259sind\u0259 azad edilmi\u015f T\u0259rt\u0259r rayonuna s\u0259f\u0259r edib. D\u00f6vl\u0259t ba\u015f\u00e7\u0131s\u0131 park\u0131n a\u00e7\u0131l\u0131\u015f\u0131nda, T\u0259rt\u0259r rayonundak\u0131 Suqovu\u015fan su anbar\u0131n\u0131n t\u0259mir i\u015fl\u0259rind\u0259n sonra istifad\u0259y\u0259 verilm\u0259sind\u0259 i\u015ftirak ed\u0259r\u0259k, S\u0259rs\u0259ng su anbar\u0131n\u0131n \u0259razisind\u0259 Az\u0259rbaycan\u0131n d\u00f6vl\u0259t bayra\u011f\u0131n\u0131 qald\u0131rd\u0131. Art\u0131q Az\u0259rbaycan bayra\u011f\u0131 A\u011fd\u0259r\u0259d\u0259, Xocav\u0259ndd\u0259, Xocal\u0131da dal\u011falan\u0131r. \u00a0B\u00fct\u00fcn bunlara Erm\u0259nistanda, el\u0259c\u0259 d\u0259 ona himay\u0259darl\u0131q etmi\u015f v\u0259 verm\u0259kd\u0259 davam ed\u0259n \u00f6lk\u0259l\u0259rd\u0259 nec\u0259 reaksiya verdikl\u0259rini, d\u00fcnya erm\u0259nil\u0259rinin n\u00fcmay\u0259nd\u0259l\u0259rinin emosiyalar\u0131n\u0131 t\u0259s\u0259vv\u00fcr etm\u0259k \u00a0el\u0259 d\u0259 \u00e7\u0259tin deyil. \u00a0Onlar dem\u0259k olar ki, h\u0259r g\u00fcn \u201cMiatsum\u201d v\u0259 \u201cArtsax\u201d adl\u0131 layih\u0259l\u0259ri\u00a0 yad edir, ba\u015f ver\u0259nl\u0259rin g\u00fcnahkar\u0131n\u0131n axtar\u0131\u015f\u0131 gedir. Baxmayaraq ki, h\u0259r \u015fey g\u00f6z qaba\u011f\u0131ndad\u0131r. Erm\u0259nistan\u0131n v\u0259 d\u00fcnya erm\u0259ni ictimaiyy\u0259tinin m\u0259\u011flubiyy\u0259ti 20 il \u0259vv\u0259l, 2003-c\u00fc il oktyabr\u0131n 15-d\u0259 \u0130lham \u018fliyevin Az\u0259rbaycanda ke\u00e7iril\u0259n prezident se\u00e7kil\u0259rind\u0259 qalib g\u0259lm\u0259si il\u0259 \u00a0ba\u015flam\u0131\u015fd\u0131. Az\u0259rbaycan xalq\u0131n\u0131n \u00dcmummilli Lideri Heyd\u0259r \u018fliyevin layiqli davam\u00e7\u0131s\u0131 , o d\u00f6vrd\u0259 \u00e7\u0259tin g\u00f6r\u00fcns\u0259 d\u0259, qar\u015f\u0131s\u0131na ayd\u0131n bir v\u0259zif\u0259 qoymu\u015fdu: Az\u0259rbaycan\u0131n suverenliyini v\u0259 \u0259razi b\u00fct\u00f6vl\u00fcy\u00fcn\u00fc tam b\u0259rpa etm\u0259k. 20 il bundan \u0259vv\u0259l Prezident \u0130lham \u018fliyev\u00a0 deyirdi ki, \u00a0&#8220;Ordu quruculu\u011fu bizim \u00fc\u00e7\u00fcn \u0259n vacib, \u0259n prioritet m\u0259s\u0259l\u0259dir. Bu da t\u0259biidir. \u00c7\u00fcnki biz m\u00fcharib\u0259 \u015f\u0259raitind\u0259 ya\u015fay\u0131r\u0131q. M\u00fcharib\u0259 h\u0259l\u0259 ba\u015fa \u00e7atmay\u0131b. M\u00fcharib\u0259nin birinci m\u0259rh\u0259l\u0259si ba\u015fa \u00e7at\u0131b. Bizim \u0259sas v\u0259zif\u0259miz ordunu b\u0259rpa etm\u0259k, \u00f6lk\u0259mizin \u0259razi b\u00fct\u00f6vl\u00fcy\u00fcn\u00fc t\u0259min etm\u0259kdir\u201d.\u00a0 V\u0259 bel\u0259likl\u0259, o, bu \u00e7\u0259tin oldu\u011fu q\u0259d\u0259r \u015f\u0259r\u0259fli v\u0259 m\u0259suliyy\u0259tli\u00a0 v\u0259zif\u0259ni \u00a0h\u0259yata ke\u00e7ir\u0259 bildi. 2003-c\u00fc il prezident se\u00e7kil\u0259rind\u0259 \u0130lham \u018fliyevin q\u0259l\u0259b\u0259sinin 20-ci ild\u00f6n\u00fcm\u00fc g\u00fcn\u00fc Qaraba\u011f\u0131n son b\u00f6y\u00fck qalas\u0131 olan Xank\u0259ndind\u0259 d\u00f6vl\u0259t\u00e7iliyimizin, m\u00fcst\u0259qilliyimizin, \u0259razi b\u00fct\u00f6vl\u00fcy\u00fcm\u00fcz\u00fcn, suverenliyimizin b\u00fct\u00fcn atributlar\u0131 ucald\u0131ld\u0131. Haz\u0131rda xunta reyiminin ke\u00e7mi\u015f \u201cr\u0259hb\u0259rl\u0259ri\u201d Bak\u0131 istintaq t\u0259cridxanas\u0131nda oturub Az\u0259rbaycan telekanallar\u0131ndan s\u00fcjetl\u0259r\u0259 baxaraq bu tarixi m\u0259qam\u0131 izl\u0259yirl\u0259r. Biz d\u00fcnyadak\u0131 on milyonlarla az\u0259rbaycanl\u0131 ad\u0131ndan \u00e7\u0131x\u0131\u015f ed\u0259r\u0259k milli arzumuzu realla\u015fd\u0131ran \u015f\u0259xs\u0259 &#8211; Az\u0259rbaycan Prezidenti \u0130lham \u018fliyev\u0259 d\u0259rin minn\u0259tdarl\u0131\u011f\u0131m\u0131z\u0131 bildiririk. \u015e\u0259hidl\u0259rimizin \u0259ziz xatir\u0259sini b\u00f6y\u00fck ehtiramla yad edirik. Qazil\u0259rimiz\u0259\u00a0 \u015f\u0259fa dil\u0259yiriik. Bu g\u00fcn s\u0259ng\u0259rd\u0259\u00a0 xidm\u0259t ed\u0259n h\u0259rbi\u00e7il\u0259rimiz\u0259\u00a0 can sa\u011fl\u0131\u011f\u0131 arzulay\u0131r\u0131q!<\/p>\n<p>D\u00fcz 20 il \u0259vv\u0259l, 2003-c\u00fc il oktyabr\u0131n 15-d\u0259 Az\u0259rbaycan xalq\u0131 \u00f6z g\u0259l\u0259c\u0259yini ona etibar ed\u0259r\u0259k \u0130lham \u018fliyevi \u00f6lk\u0259 Prezidenti se\u00e7di. Sabitlik v\u0259 inki\u015faf\u0131n simvoluna \u00e7evrilmi\u015f, \u0259razi b\u00fct\u00f6vl\u00fcy\u00fcn\u00fc v\u0259 suverenliyini b\u0259rpa ed\u0259n bug\u00fcnk\u00fc Az\u0259rbaycan bu tarixi se\u00e7imin d\u00fczg\u00fcnl\u00fcy\u00fcn\u00fcn \u0259n yax\u015f\u0131 t\u0259sdiqidir. Prezident \u0130lham \u018fliyev h\u0259l\u0259 20 il \u0259vv\u0259l geosiyasi tendensiyalar\u0131 g\u00f6r\u00fcrd\u00fc v\u0259 \u00f6lk\u0259nin hans\u0131 istiqam\u0259td\u0259 h\u0259r\u0259k\u0259t etm\u0259li oldu\u011funu, strateji prioritetl\u0259rin harada m\u00fc\u0259yy\u0259n edilm\u0259li oldu\u011funu anlay\u0131rd\u0131: Az\u0259rbaycan g\u00fccl\u00fc iqtisadiyyat qurmal\u0131, pe\u015f\u0259kar v\u0259 t\u0259chiz olunmu\u015f ordu yaratmal\u0131 v\u0259 d\u00fcnyada \u00f6z layiqli yerini tutmal\u0131 idi. m\u0259rh\u0259l\u0259. Yaln\u0131z bu yolla \u00f6lk\u0259 regionun liderin\u0259 v\u0259 qlobal siyas\u0259tin aktoruna \u00e7evril\u0259 bil\u0259rdi. \u00d6lk\u0259mizin tarixind\u0259 \u00f6lk\u0259nin b\u00fct\u00f6vl\u00fcy\u00fcn\u00fc b\u0259rpa ed\u0259n, onun uzunm\u00fcdd\u0259tli inki\u015faf konsepsiyas\u0131n\u0131 haz\u0131rlay\u0131b h\u0259yata ke\u00e7ir\u0259n, mill\u0259ti \u00f6z \u0259traf\u0131nda birl\u0259\u015fdir\u0259n, milyonlarla soyda\u015f\u0131m\u0131z\u0131 \u00a0bir yumru\u011fa \u00e7evir\u0259n ikinci bel\u0259 lider olmam\u0131\u015fd\u0131r. \u00a0O, Az\u0259rbaycan d\u00f6vl\u0259tinin q\u00fcdr\u0259tini b\u00fct\u00fcn d\u00fcnyaya g\u00f6st\u0259rdi, \u00f6z \u00f6lk\u0259sinin n\u00fcfuzunu, Az\u0259rbaycan xalq\u0131n\u0131n \u00a0l\u0259yaq\u0259tini, \u00f6z\u00fcn\u0259 inam hissini \u00a0art\u0131rd\u0131.<\/p>\n","protected":false},"excerpt":{"rendered":"<p>Hicran H\u00fcseynova, Milli M\u0259clisin Ail\u0259, qad\u0131n v\u0259 u\u015faq m\u0259s\u0259l\u0259l\u0259ri komit\u0259sinin s\u0259dri, professor 30 il\u0259 yax\u0131n xalq\u0131m\u0131z erm\u0259ni i\u015f\u011fal\u0131na, erm\u0259ni vandalizmin\u0259 d\u00f6zd\u00fc, m\u0259s\u0259l\u0259nin s\u00fclh yolu il\u0259 h\u0259ll olunaca\u011f\u0131na inand\u0131. Az\u0259rbaycan xalq\u0131 v\u0259 d\u00f6vl\u0259ti\u00a0\u00a0 he\u00e7 vaxt m\u00fcharib\u0259 ist\u0259mirdi, \u00e7\u00fcnki m\u00fcharib\u0259nin yaratd\u0131\u011f\u0131 faci\u0259l\u0259ri, d\u0259h\u015f\u0259tl\u0259ri b\u00fct\u00fcn a\u011f\u0131rl\u0131\u011f\u0131 il\u0259 ya\u015fam\u0131\u015fd\u0131. Lakin, c\u0259nab Prezidentin d\u0259 dediyi kimi, \u201c On yeddi il \u0259rzind\u0259 m\u0259n \u015f\u0259xs\u0259n m\u0259nas\u0131z v\u0259 n\u0259tic\u0259siz dan\u0131\u015f\u0131qlarda d\u0259f\u0259l\u0259rl\u0259 i\u015ftirak etmi\u015f\u0259m. N\u0259 \u00fc\u00e7\u00fcn? \u00c7\u00fcnki hesab edirdim ki, bu m\u0259s\u0259l\u0259 s\u00fclh yolu il\u0259 h\u0259ll olunmal\u0131d\u0131r. Ancaq getdikc\u0259 \u00fcmidl\u0259r azal\u0131rd\u0131. Erm\u0259nistan\u0131n i\u015f\u011fal\u00e7\u0131 siyas\u0259tini bir daha t\u0259hlil ed\u0259r\u0259k tam&hellip;<\/p>\n","protected":false},"author":2,"featured_media":645987,"comment_status":"closed","ping_status":"closed","sticky":false,"template":"","format":"standard","meta":{"om_disable_all_campaigns":false,"_monsterinsights_skip_tracking":false,"_monsterinsights_sitenote_active":false,"_monsterinsights_sitenote_note":"","_monsterinsights_sitenote_category":0},"categories":[19],"tags":[],"aioseo_notices":[],"gutentor_comment":0,"rttpg_featured_image_url":{"full":["https:\/\/arantv.az\/wp-content\/uploads\/2023\/10\/f5aa4bd0169744564956032452610063094.jpg",975,540,false],"landscape":["https:\/\/arantv.az\/wp-content\/uploads\/2023\/10\/f5aa4bd0169744564956032452610063094.jpg",975,540,false],"portraits":["https:\/\/arantv.az\/wp-content\/uploads\/2023\/10\/f5aa4bd0169744564956032452610063094.jpg",975,540,false],"thumbnail":["https:\/\/arantv.az\/wp-content\/uploads\/2023\/10\/f5aa4bd0169744564956032452610063094-500x280.jpg",500,280,true],"medium":["https:\/\/arantv.az\/wp-content\/uploads\/2023\/10\/f5aa4bd0169744564956032452610063094-660x365.jpg",660,365,true],"large":["https:\/\/arantv.az\/wp-content\/uploads\/2023\/10\/f5aa4bd0169744564956032452610063094-840x465.jpg",640,354,true],"1536x1536":["https:\/\/arantv.az\/wp-content\/uploads\/2023\/10\/f5aa4bd0169744564956032452610063094.jpg",975,540,false],"2048x2048":["https:\/\/arantv.az\/wp-content\/uploads\/2023\/10\/f5aa4bd0169744564956032452610063094.jpg",975,540,false],"post-thumbnail":["https:\/\/arantv.az\/wp-content\/uploads\/2023\/10\/f5aa4bd0169744564956032452610063094-240x172.jpg",240,172,true],"advps-thumb-one":["https:\/\/arantv.az\/wp-content\/uploads\/2023\/10\/f5aa4bd0169744564956032452610063094.jpg",975,540,false]},"rttpg_author":{"display_name":"V\u00fcsal Rafiqo\u011flu","author_link":"https:\/\/arantv.az\/?author=2"},"rttpg_comment":0,"rttpg_category":"<a href=\"https:\/\/arantv.az\/?cat=19\" rel=\"category\">G\u00fcnd\u0259m<\/a>","rttpg_excerpt":"Hicran H\u00fcseynova, Milli M\u0259clisin Ail\u0259, qad\u0131n v\u0259 u\u015faq m\u0259s\u0259l\u0259l\u0259ri komit\u0259sinin s\u0259dri, professor 30 il\u0259 yax\u0131n xalq\u0131m\u0131z erm\u0259ni i\u015f\u011fal\u0131na, erm\u0259ni vandalizmin\u0259 d\u00f6zd\u00fc, m\u0259s\u0259l\u0259nin s\u00fclh yolu il\u0259 h\u0259ll olunaca\u011f\u0131na inand\u0131. Az\u0259rbaycan xalq\u0131 v\u0259 d\u00f6vl\u0259ti\u00a0\u00a0 he\u00e7 vaxt m\u00fcharib\u0259 ist\u0259mirdi, \u00e7\u00fcnki m\u00fcharib\u0259nin yaratd\u0131\u011f\u0131 faci\u0259l\u0259ri, d\u0259h\u015f\u0259tl\u0259ri b\u00fct\u00fcn a\u011f\u0131rl\u0131\u011f\u0131 il\u0259 ya\u015fam\u0131\u015fd\u0131. Lakin, c\u0259nab Prezidentin d\u0259 dediyi kimi, \u201c On yeddi il&hellip;","_links":{"self":[{"href":"https:\/\/arantv.az\/index.php?rest_route=\/wp\/v2\/posts\/645983"}],"collection":[{"href":"https:\/\/arantv.az\/index.php?rest_route=\/wp\/v2\/posts"}],"about":[{"href":"https:\/\/arantv.az\/index.php?rest_route=\/wp\/v2\/types\/post"}],"author":[{"embeddable":true,"href":"https:\/\/arantv.az\/index.php?rest_route=\/wp\/v2\/users\/2"}],"replies":[{"embeddable":true,"href":"https:\/\/arantv.az\/index.php?rest_route=%2Fwp%2Fv2%2Fcomments&post=645983"}],"version-history":[{"count":0,"href":"https:\/\/arantv.az\/index.php?rest_route=\/wp\/v2\/posts\/645983\/revisions"}],"wp:featuredmedia":[{"embeddable":true,"href":"https:\/\/arantv.az\/index.php?rest_route=\/wp\/v2\/media\/645987"}],"wp:attachment":[{"href":"https:\/\/arantv.az\/index.php?rest_route=%2Fwp%2Fv2%2Fmedia&parent=645983"}],"wp:term":[{"taxonomy":"category","embeddable":true,"href":"https:\/\/arantv.az\/index.php?rest_route=%2Fwp%2Fv2%2Fcategories&post=645983"},{"taxonomy":"post_tag","embeddable":true,"href":"https:\/\/arantv.az\/index.php?rest_route=%2Fwp%2Fv2%2Ftags&post=645983"}],"curies":[{"name":"wp","href":"https:\/\/api.w.org\/{rel}","templated":true}]}}