{"id":645990,"date":"2023-10-16T13:19:04","date_gmt":"2023-10-16T09:19:04","guid":{"rendered":"https:\/\/arantv.az\/?p=645990"},"modified":"2023-10-16T13:19:04","modified_gmt":"2023-10-16T09:19:04","slug":"boyuk-z%c9%99f%c9%99rin-xank%c9%99ndi-zirv%c9%99si-qarabaga-vurulan-dovl%c9%99t-mohuru-s%c9%99rh-foto","status":"publish","type":"post","link":"https:\/\/arantv.az\/?p=645990","title":{"rendered":"B\u00f6y\u00fck Z\u0259f\u0259rin Xank\u0259ndi zirv\u0259si: Qaraba\u011fa vurulan d\u00f6vl\u0259t m\u00f6h\u00fcr\u00fc &#8211; \u015e\u018fRH + FOTO"},"content":{"rendered":"<p>Oktyabr\u0131n 15-i Az\u0259rbaycan tarixin\u0259 q\u0131z\u0131l h\u0259rfl\u0259rl\u0259 yaz\u0131ld\u0131 v\u0259 he\u00e7 vaxt unudulmayacaq. H\u0259min g\u00fcn Az\u0259rbaycan Respublikas\u0131n\u0131n D\u00f6vl\u0259t Bayra\u011f\u0131 Xank\u0259ndid\u0259 dal\u011faland\u0131, \u015f\u0259h\u0259rin inzibati binas\u0131n\u0131n \u00fcz\u0259rin\u0259 is\u0259 D\u00f6vl\u0259t Gerbimiz h\u0259kk edildi. Bu, h\u0259m d\u0259 Qaraba\u011f iqtisadi rayonuna vurulan Az\u0259rbaycan\u0131n d\u00f6vl\u0259t m\u00f6h\u00fcr\u00fcd\u00fcr. Eyni zamanda milli d\u00f6vl\u0259t\u00e7ilik tarixind\u0259 SSR\u0130-nin par\u00e7alanmas\u0131ndan sonra \u0259razi b\u00fct\u00f6vl\u00fcy\u00fcm\u00fcz\u00fcn b\u0259rpas\u0131 dem\u0259kdir.<\/p>\n<p>Qaraba\u011fda yarad\u0131lan problem milli d\u00f6vl\u0259t\u00e7ilik quruculu\u011fu il\u0259 az qala h\u0259mya\u015f\u0131d idi. Bu m\u0259s\u0259l\u0259 Az\u0259rbaycan\u0131n regional v\u0259 qlobal m\u0259s\u0259l\u0259l\u0259rd\u0259 daha f\u0259al i\u015ftirak\u0131na mane olurdu. 100 il diqq\u0259t daxili problem\u0259, separat\u00e7\u0131l\u0131\u011fa qar\u015f\u0131 m\u00fcbariz\u0259y\u0259 ayr\u0131l\u0131rd\u0131. D\u00f6vl\u0259t b\u00fcdc\u0259si, maliyy\u0259, h\u0259rbi resurslar bu istiqam\u0259t\u0259 y\u00f6n\u0259lirdi. Bundan ba\u015fqa, bir milyona yax\u0131n az\u0259rbaycanl\u0131n\u0131n \u00f6z ev-e\u015fiyind\u0259n did\u0259rgin sal\u0131nmas\u0131 \u00f6lk\u0259 iqtisadiyyat\u0131n\u0131n, sosial v\u0259 s. sah\u0259l\u0259rin inki\u015faf\u0131na ciddi probleml\u0259r yarad\u0131rd\u0131. Bir \u0259srd\u0259n art\u0131qd\u0131r ki, Az\u0259rbaycan g\u0259ncl\u0259ri, \u0259sg\u0259ri, h\u0259rb\u00e7il\u0259ri Qaraba\u011f v\u0259 \u0259traf rayonlar\u0131n qanunsuz silahl\u0131lardan t\u0259mizl\u0259nm\u0259si u\u011frunda m\u00fcbariz\u0259 apar\u0131b, \u015f\u0259hid, qazi olublar. Xank\u0259ndid\u0259 Az\u0259rbaycan bayra\u011f\u0131n\u0131n dal\u011falanmas\u0131 \u0259razi b\u00fct\u00f6vl\u00fcy\u00fc, suverenlik, eyni zamanda tam m\u00fcst\u0259qillik u\u011frunda m\u00fcbariz\u0259nin ba\u015fa \u00e7atmas\u0131 kimi d\u0259 d\u0259y\u0259l\u0259ndiril\u0259 bil\u0259r. Bu, Az\u0259rbaycan\u0131n 220 illik imperiya boyunduru\u011fundan xilas olmas\u0131d\u0131r.<\/p>\n<p>\u018fslind\u0259, \u00e7oxsayl\u0131 itkil\u0259r\u0259, \u0259raziy\u0259 erm\u0259ni etnik qrupu n\u00fcmay\u0259nd\u0259l\u0259rinin yerl\u0259\u015fdirilm\u0259sin\u0259 baxmayaraq, Az\u0259rbaycanda bir-birini \u0259v\u0259zl\u0259y\u0259n hakimiyy\u0259tl\u0259r onlar\u0131n normal ya\u015fay\u0131\u015f\u0131n\u0131 t\u0259min edib. H\u0259tta ortaq ail\u0259l\u0259r bel\u0259 yaran\u0131b. Bu, az\u0259rbaycanl\u0131lar\u0131n arada olan d\u00fc\u015fm\u0259n\u00e7iliyi ke\u00e7mi\u015fd\u0259 saxlad\u0131\u011f\u0131n\u0131n g\u00f6st\u0259ricisi idi. Xank\u0259ndi Az\u0259rbaycan\u0131n apar\u0131c\u0131 ali t\u0259hsil ocaqlar\u0131ndan birin\u0259 \u00e7evrilmi\u015fdi. Ozamank\u0131 vilay\u0259tin erm\u0259ni \u0259halisi Az\u0259rbaycan\u0131n ba\u015fqa b\u00f6lg\u0259l\u0259rinin sakinl\u0259rind\u0259n yax\u015f\u0131 ya\u015fay\u0131rd\u0131lar. \u00c7\u00fcnki etnik azl\u0131q olaraq onlara diqq\u0259t d\u0259 art\u0131q idi. Bir s\u00f6zl\u0259, b\u00f6lg\u0259 sakinl\u0259rinin ya\u015fay\u0131\u015f s\u0259viyy\u0259si ovaxtk\u0131 sovetl\u0259rin qabaqc\u0131l b\u00f6lg\u0259l\u0259rinin ya\u015fay\u0131\u015f\u0131na b\u0259rab\u0259r s\u0259viyy\u0259d\u0259 idi.<\/p>\n<p><img src=\"https:\/\/cdn.oxu.az\/uploads\/W1siZiIsIjIwMjMvMTAvMTYvMTIvMDgvMDYvZTIxMjhhZGItN2YxNC00YWQ3LWJkZjAtNjliZjU5ZWZiZTdmL2I2M2MwYTcwLWJhNTEtMzQ3My04NDZmLTRhYThjNTc2MzQyMi5qcGVnIl0sWyJwIiwiZW5jb2RlIiwianBnIiwiLXF1YWxpdHkgODAiXSxbInAiLCJ0aHVtYiIsIjU5MHg1OTBcdTAwM2UiXV0?sha=3d86ca028ac72843\" alt=\"\" \/><\/p>\n<p>Prezident\u00a0<strong>\u0130lham \u018fliyev\u00a0<\/strong>oktyabr\u0131n 15-d\u0259 Xank\u0259ndi \u015f\u0259h\u0259rind\u0259 Az\u0259rbaycan Respublikas\u0131n\u0131n D\u00f6vl\u0259t Bayra\u011f\u0131n\u0131 ucaldandan sonra etdiyi \u00e7\u0131x\u0131\u015f\u0131nda bu m\u0259s\u0259l\u0259y\u0259 d\u0259 toxunub: \u201cB\u00fct\u00fcn bunlar o vaxt kolxozlarda, sovxozlarda i\u015fl\u0259y\u0259nl\u0259r \u00fc\u00e7\u00fcn g\u0259lir m\u0259nb\u0259yi idi, insanlar burada yax\u015f\u0131 ya\u015fay\u0131rd\u0131. He\u00e7 bir ayr\u0131-se\u00e7kilik, diskriminasiya olmam\u0131\u015fd\u0131r. Bu s\u00f6zl\u0259rimi t\u0259sdiq etm\u0259k \u00fc\u00e7\u00fcn bir misal g\u0259tir\u0259 bil\u0259r\u0259m, o vaxt Da\u011fl\u0131q Qaraba\u011f Muxtar Vilay\u0259tinin partiya komit\u0259sinin doqquz n\u0259f\u0259rd\u0259n ibar\u0259t b\u00fcro \u00fczv\u00fc var idi. Onlardan s\u0259kkizi erm\u0259ni, biri az\u0259rbaycanl\u0131 idi, o da \u015eu\u015fa \u015e\u0259h\u0259r Partiya Komit\u0259sinin birinci katibi. Yax\u015f\u0131, \u0259g\u0259r ayr\u0131-se\u00e7kilik var idis\u0259, onda bax, g\u0259tirdiyim misal n\u0259yi g\u00f6st\u0259rir? Birinci katib erm\u0259ni, icraiyy\u0259 komit\u0259sinin s\u0259dri erm\u0259ni, b\u00fct\u00fcn dig\u0259r v\u0259zif\u0259li \u015f\u0259xsl\u0259r, burada he\u00e7 bir ayr\u0131-se\u00e7kilik yox idi\u201d.<\/p>\n<p>Bu, Az\u0259rbaycan\u0131n erm\u0259ni sakinl\u0259r\u0259 m\u00fcnasib\u0259tinin g\u00f6st\u0259ricisi idi. Ancaq h\u0259min b\u00f6lg\u0259nin erm\u0259ni hakimiyy\u0259ti yerli sakinl\u0259r olan az\u0259rbaycanl\u0131lara qar\u015f\u0131 ayr\u0131-se\u00e7kilik y\u00fcr\u00fcd\u00fcb, onlar\u0131 s\u0131x\u0131\u015fd\u0131r\u0131b. H\u0259tta onda bel\u0259 az\u0259rbaycanl\u0131lar\u0131n \u015fikay\u0259ti v\u0259 etirazlar\u0131 Moskva t\u0259r\u0259find\u0259n diqq\u0259t\u0259 al\u0131nm\u0131rd\u0131. Erm\u0259nil\u0259r \u00fc\u00e7\u00fcn yarad\u0131lan bu \u015f\u0259raitd\u0259n da\u011f\u0131d\u0131c\u0131 \u00fcns\u00fcrl\u0259r az\u0259rbaycanl\u0131lara qar\u015f\u0131 istifad\u0259 etdil\u0259r. B\u00f6lg\u0259d\u0259 az\u0259rbaycanl\u0131lara qar\u015f\u0131 etnik t\u0259mizl\u0259m\u0259 apard\u0131lar. H\u0259min \u00fcns\u00fcrl\u0259r insanl\u0131\u011fa qar\u015f\u0131 \u0259m\u0259ll\u0259ri il\u0259 erm\u0259ni sakinl\u0259r\u0259 d\u0259 z\u00fclm edibl\u0259r. Onlar az\u0259rbaycanl\u0131larla erm\u0259nil\u0259r aras\u0131nda d\u00fc\u015fm\u0259n\u00e7ilik toxumu s\u0259pibl\u0259r. Milli \u0259dav\u0259tin h\u0259mm\u00fc\u0259llifi bu cinay\u0259ti d\u0259st\u0259kl\u0259y\u0259n havadarlar, h\u0259m d\u0259 onun icra\u00e7\u0131s\u0131 say\u0131lan erm\u0259ni etnik qrupuna m\u0259nsub \u201cmill\u0259tsev\u0259rl\u0259rdir\u201d. Bu havadarl\u0131q v\u0259 \u201csevgi\u201dnin ac\u0131 n\u0259tic\u0259l\u0259rini aradan qald\u0131rmaq \u00fc\u00e7\u00fcn xeyli vaxt v\u0259 \u0259m\u0259k s\u0259rf olunacaq. Ancaq Az\u0259rbaycan\u0131n Qaraba\u011f b\u00f6lg\u0259sind\u0259, Xank\u0259ndi v\u0259 \u0259traf\u0131nda yen\u0259 s\u00fclh, \u0259min-amanl\u0131q olacaq, t\u0259hl\u00fck\u0259sizlik t\u0259min edil\u0259c\u0259k. \u00c7\u00fcnki bu b\u00f6lg\u0259nin h\u0259r yerind\u0259 Az\u0259rbaycan\u0131n D\u00f6vl\u0259t Bayra\u011f\u0131 dal\u011falan\u0131r.<\/p>\n<p><img src=\"https:\/\/cdn.oxu.az\/uploads\/W1siZiIsIjIwMjMvMTAvMTYvMTIvMDgvMDYvZDI1NmE3NjYtZTIzNS00YjU0LWI5NTctMmU0OTZkMGI1MjlkLzMzOGY0MWIxLTI0YWItM2RlZi1iODMxLTJlOWJkMzMxMTlhYS5qcGciXSxbInAiLCJlbmNvZGUiLCJqcGciLCItcXVhbGl0eSA4MCJdLFsicCIsInRodW1iIiwiNTkweDU5MFx1MDAzZSJdXQ?sha=08ff37e3265b5cd2\" alt=\"\" \/><\/p>\n<p>Yamanl\u0131q edib, cinay\u0259t t\u00f6r\u0259d\u0259nl\u0259r is\u0259 c\u0259zalanacaq. Prezidentin \u00e7\u0131x\u0131\u015f\u0131nda az\u0259rbaycanl\u0131larla erm\u0259nil\u0259rin dostluq \u015f\u0259raitind\u0259 ya\u015famas\u0131 da vur\u011fulan\u0131b: \u201cVaxt var idi burada az\u0259rbaycanl\u0131larla erm\u0259nil\u0259r dostluq \u015f\u0259raitind\u0259 ya\u015fam\u0131\u015fd\u0131r. Vaxt var idi n\u0259inki Xank\u0259ndid\u0259, Qaraba\u011fda, Bak\u0131da, G\u0259nc\u0259d\u0259, \u0130r\u0259vanda, G\u00f6y\u00e7\u0259d\u0259, Z\u0259ng\u0259zurda, D\u0259r\u0259l\u0259y\u0259zd\u0259, Basarke\u00e7\u0259rd\u0259 az\u0259rbaycanl\u0131lar v\u0259 erm\u0259nil\u0259r dostluq \u015f\u0259raitind\u0259 ya\u015fam\u0131\u015flar\u201d.<\/p>\n<p>D\u00f6vl\u0259t ba\u015f\u00e7\u0131s\u0131 Qaraba\u011fdak\u0131 erm\u0259ni sakinl\u0259r\u0259 h\u0259mi\u015f\u0259 \u00e7a\u011f\u0131r\u0131\u015f ed\u0259r\u0259k onlar\u0131 Az\u0259rbaycan c\u0259miyy\u0259tin\u0259 inteqrasiya olunma\u011fa \u00e7a\u011f\u0131r\u0131b. Prezident sentyabr\u0131n 19-20-d\u0259 ke\u00e7iril\u0259n lokal xarakterli antiterror t\u0259dbirl\u0259rind\u0259n sonra \u00e7\u0131x\u0131\u015f\u0131nda bildirmi\u015fdi: \u201cErm\u0259ni mill\u0259t\u00e7il\u0259ri, m\u00fcharib\u0259 cinay\u0259tkarlar\u0131, Erm\u0259nistan\u0131n v\u0259 Qaraba\u011f\u0131n \u201cr\u0259hb\u0259rl\u0259ri\u201d Qaraba\u011f erm\u0259nil\u0259rini girov g\u00f6t\u00fcrm\u00fc\u015fd\u00fc, onlar\u0131n beyinl\u0259rini z\u0259h\u0259rl\u0259mi\u015fdi. Az\u0259rbaycan haqq\u0131nda, Az\u0259rbaycan xalq\u0131 haqq\u0131nda olmaz\u0131n yalanlar\u0131n\u0131 uydurub onlar\u0131n beyinl\u0259rin\u0259 doldurmu\u015fdur, onlar\u0131n beyinl\u0259rini z\u0259h\u0259rl\u0259mi\u015fdir\u201d.<\/p>\n<p>Az\u0259rbaycan Prezidentinin Xank\u0259ndi m\u00fcraci\u0259tind\u0259 b\u00f6lg\u0259d\u0259 v\u0259 Q\u0259rbi Az\u0259rbaycanda az\u0259rbaycanl\u0131larla erm\u0259nil\u0259rin dostluq m\u00fcnasib\u0259ti vur\u011fulan\u0131b. Bu, Erm\u0259nistanda s\u00fclhsev\u0259r insanlara dostluq \u00e7a\u011f\u0131r\u0131\u015f\u0131, bar\u0131\u015f \u0259linin uzanmas\u0131d\u0131r. Bu, az\u0259rbaycanl\u0131larla erm\u0259nil\u0259r aras\u0131nda i\u011fti\u015fa\u015f salmaq ist\u0259y\u0259nl\u0259r\u0259, bel\u0259l\u0259rinin havadarlar\u0131na s\u0259rt ismar\u0131\u015fd\u0131r. Bu h\u0259m d\u0259 Az\u0259rbaycan\u0131n b\u00f6y\u00fckl\u00fcy\u00fc, onun milli \u0259xlaq\u0131nda s\u00fclhsev\u0259rliliyin g\u00f6st\u0259ricisidir.<\/p>\n<p><img src=\"https:\/\/cdn.oxu.az\/uploads\/W1siZiIsIjIwMjMvMTAvMTYvMTIvMDgvMDYvZGFmNTQ0N2EtZDg5Ny00NGI3LTk2ZjQtMzMxNGNjZDdjNmU5L2UzNWU2ODMyLTE3MzAtMzVjNi1iZWU4LTMzMzllMDYxNTcyYS5qcGciXSxbInAiLCJlbmNvZGUiLCJqcGciLCItcXVhbGl0eSA4MCJdLFsicCIsInRodW1iIiwiNTkweDU5MFx1MDAzZSJdXQ?sha=4b81e2d6da0c4f69\" alt=\"\" \/><\/p>\n<p>D\u00f6vl\u0259t ba\u015f\u00e7\u0131s\u0131 cinay\u0259tkarlar\u0131n da c\u0259zas\u0131z qalmayaca\u011f\u0131n\u0131 vur\u011fulay\u0131b: \u201c\u00d6z\u00fcn\u00fc \u201cxarici i\u015fl\u0259r naziri\u201d adland\u0131rm\u0131\u015f bir separat\u00e7\u0131 o vaxt bel\u0259 kinay\u0259 il\u0259 deyirdi ki, Az\u0259rbaycan bayra\u011f\u0131n\u0131 Xank\u0259ndid\u0259 qald\u0131rmaq ist\u0259yirs\u0259, s\u0259firlik a\u00e7s\u0131n bizim \u00f6lk\u0259mizd\u0259\u201d. \u0130ndi onun da \u00e7ay\u0131 orada, t\u0259cridxanada verilir. Bizim bayra\u011f\u0131m\u0131z is\u0259 bax, oradad\u0131r. Bu, d\u0259rs olmal\u0131d\u0131r onlara. \u018ffsuslar olsun ki, m\u0259nim 20 il bundan \u0259vv\u0259l dediyim v\u0259 ondan sonra d\u0259f\u0259l\u0259rl\u0259 t\u0259krar etdiyim s\u00f6zl\u0259r onlara \u00e7atmad\u0131. Xeyr, m\u0259n n\u0259yi demi\u015f\u0259ms\u0259, onu da etmi\u015f\u0259m, bunu h\u0259r k\u0259s bilir, o c\u00fcml\u0259d\u0259n Erm\u0259nistanda da bunu bilirl\u0259r v\u0259 bunu unutmas\u0131nlar. V\u0259t\u0259n m\u00fcharib\u0259sini unutmas\u0131nlar! Antiterror t\u0259dbirl\u0259rini unutmas\u0131nlar!\u201d<\/p>\n<p>Az\u0259rbaycan Prezidentinin Xank\u0259ndi m\u00fcraci\u0259ti m\u0259rk\u0259zi hakimiyy\u0259tin Qaraba\u011f\u0131n g\u0259l\u0259c\u0259yin\u0259, Erm\u0259nistanla normalla\u015fma m\u00fcnasib\u0259tin\u0259 ismar\u0131\u015fd\u0131r. \u0130lham \u018fliyevin 20 illik hakimiyy\u0259ti Az\u0259rbaycan\u0131n d\u00f6vl\u0259t m\u00fcst\u0259qilliyi v\u0259 suverenliyin\u0259 uzanan, \u00f6lk\u0259ni qar\u0131\u015fd\u0131ran \u0259ll\u0259ri k\u0259sdi. Az\u0259rbaycan\u0131n qanayan y\u00fczillik yaras\u0131 sa\u011fald\u0131&#8230;<\/p>\n<p><strong>\u201cReport\u201d \u0130nformasiya Agentliyi<\/strong><\/p>\n","protected":false},"excerpt":{"rendered":"<p>Oktyabr\u0131n 15-i Az\u0259rbaycan tarixin\u0259 q\u0131z\u0131l h\u0259rfl\u0259rl\u0259 yaz\u0131ld\u0131 v\u0259 he\u00e7 vaxt unudulmayacaq. H\u0259min g\u00fcn Az\u0259rbaycan Respublikas\u0131n\u0131n D\u00f6vl\u0259t Bayra\u011f\u0131 Xank\u0259ndid\u0259 dal\u011faland\u0131, \u015f\u0259h\u0259rin inzibati binas\u0131n\u0131n \u00fcz\u0259rin\u0259 is\u0259 D\u00f6vl\u0259t Gerbimiz h\u0259kk edildi. Bu, h\u0259m d\u0259 Qaraba\u011f iqtisadi rayonuna vurulan Az\u0259rbaycan\u0131n d\u00f6vl\u0259t m\u00f6h\u00fcr\u00fcd\u00fcr. Eyni zamanda milli d\u00f6vl\u0259t\u00e7ilik tarixind\u0259 SSR\u0130-nin par\u00e7alanmas\u0131ndan sonra \u0259razi b\u00fct\u00f6vl\u00fcy\u00fcm\u00fcz\u00fcn b\u0259rpas\u0131 dem\u0259kdir. Qaraba\u011fda yarad\u0131lan problem milli d\u00f6vl\u0259t\u00e7ilik quruculu\u011fu il\u0259 az qala h\u0259mya\u015f\u0131d idi. Bu m\u0259s\u0259l\u0259 Az\u0259rbaycan\u0131n regional v\u0259 qlobal m\u0259s\u0259l\u0259l\u0259rd\u0259 daha f\u0259al i\u015ftirak\u0131na mane olurdu. 100 il diqq\u0259t daxili problem\u0259, separat\u00e7\u0131l\u0131\u011fa qar\u015f\u0131 m\u00fcbariz\u0259y\u0259 ayr\u0131l\u0131rd\u0131. D\u00f6vl\u0259t b\u00fcdc\u0259si, maliyy\u0259, h\u0259rbi resurslar bu istiqam\u0259t\u0259 y\u00f6n\u0259lirdi.&hellip;<\/p>\n","protected":false},"author":2,"featured_media":645991,"comment_status":"closed","ping_status":"closed","sticky":false,"template":"","format":"standard","meta":{"om_disable_all_campaigns":false,"_monsterinsights_skip_tracking":false,"_monsterinsights_sitenote_active":false,"_monsterinsights_sitenote_note":"","_monsterinsights_sitenote_category":0},"categories":[4],"tags":[],"aioseo_notices":[],"gutentor_comment":0,"rttpg_featured_image_url":{"full":["https:\/\/arantv.az\/wp-content\/uploads\/2023\/10\/e86ea97d-2ca4-3cf0-b908-969bb2b3bf1b_850.jpg",620,413,false],"landscape":["https:\/\/arantv.az\/wp-content\/uploads\/2023\/10\/e86ea97d-2ca4-3cf0-b908-969bb2b3bf1b_850.jpg",620,413,false],"portraits":["https:\/\/arantv.az\/wp-content\/uploads\/2023\/10\/e86ea97d-2ca4-3cf0-b908-969bb2b3bf1b_850.jpg",620,413,false],"thumbnail":["https:\/\/arantv.az\/wp-content\/uploads\/2023\/10\/e86ea97d-2ca4-3cf0-b908-969bb2b3bf1b_850-500x280.jpg",500,280,true],"medium":["https:\/\/arantv.az\/wp-content\/uploads\/2023\/10\/e86ea97d-2ca4-3cf0-b908-969bb2b3bf1b_850-548x365.jpg",548,365,true],"large":["https:\/\/arantv.az\/wp-content\/uploads\/2023\/10\/e86ea97d-2ca4-3cf0-b908-969bb2b3bf1b_850.jpg",620,413,false],"1536x1536":["https:\/\/arantv.az\/wp-content\/uploads\/2023\/10\/e86ea97d-2ca4-3cf0-b908-969bb2b3bf1b_850.jpg",620,413,false],"2048x2048":["https:\/\/arantv.az\/wp-content\/uploads\/2023\/10\/e86ea97d-2ca4-3cf0-b908-969bb2b3bf1b_850.jpg",620,413,false],"post-thumbnail":["https:\/\/arantv.az\/wp-content\/uploads\/2023\/10\/e86ea97d-2ca4-3cf0-b908-969bb2b3bf1b_850-240x172.jpg",240,172,true],"advps-thumb-one":["https:\/\/arantv.az\/wp-content\/uploads\/2023\/10\/e86ea97d-2ca4-3cf0-b908-969bb2b3bf1b_850.jpg",620,413,false]},"rttpg_author":{"display_name":"V\u00fcsal Rafiqo\u011flu","author_link":"https:\/\/arantv.az\/?author=2"},"rttpg_comment":0,"rttpg_category":"<a href=\"https:\/\/arantv.az\/?cat=4\" rel=\"category\">Siyas\u0259t<\/a>","rttpg_excerpt":"Oktyabr\u0131n 15-i Az\u0259rbaycan tarixin\u0259 q\u0131z\u0131l h\u0259rfl\u0259rl\u0259 yaz\u0131ld\u0131 v\u0259 he\u00e7 vaxt unudulmayacaq. H\u0259min g\u00fcn Az\u0259rbaycan Respublikas\u0131n\u0131n D\u00f6vl\u0259t Bayra\u011f\u0131 Xank\u0259ndid\u0259 dal\u011faland\u0131, \u015f\u0259h\u0259rin inzibati binas\u0131n\u0131n \u00fcz\u0259rin\u0259 is\u0259 D\u00f6vl\u0259t Gerbimiz h\u0259kk edildi. Bu, h\u0259m d\u0259 Qaraba\u011f iqtisadi rayonuna vurulan Az\u0259rbaycan\u0131n d\u00f6vl\u0259t m\u00f6h\u00fcr\u00fcd\u00fcr. Eyni zamanda milli d\u00f6vl\u0259t\u00e7ilik tarixind\u0259 SSR\u0130-nin par\u00e7alanmas\u0131ndan sonra \u0259razi b\u00fct\u00f6vl\u00fcy\u00fcm\u00fcz\u00fcn b\u0259rpas\u0131 dem\u0259kdir. Qaraba\u011fda yarad\u0131lan problem milli d\u00f6vl\u0259t\u00e7ilik&hellip;","_links":{"self":[{"href":"https:\/\/arantv.az\/index.php?rest_route=\/wp\/v2\/posts\/645990"}],"collection":[{"href":"https:\/\/arantv.az\/index.php?rest_route=\/wp\/v2\/posts"}],"about":[{"href":"https:\/\/arantv.az\/index.php?rest_route=\/wp\/v2\/types\/post"}],"author":[{"embeddable":true,"href":"https:\/\/arantv.az\/index.php?rest_route=\/wp\/v2\/users\/2"}],"replies":[{"embeddable":true,"href":"https:\/\/arantv.az\/index.php?rest_route=%2Fwp%2Fv2%2Fcomments&post=645990"}],"version-history":[{"count":0,"href":"https:\/\/arantv.az\/index.php?rest_route=\/wp\/v2\/posts\/645990\/revisions"}],"wp:featuredmedia":[{"embeddable":true,"href":"https:\/\/arantv.az\/index.php?rest_route=\/wp\/v2\/media\/645991"}],"wp:attachment":[{"href":"https:\/\/arantv.az\/index.php?rest_route=%2Fwp%2Fv2%2Fmedia&parent=645990"}],"wp:term":[{"taxonomy":"category","embeddable":true,"href":"https:\/\/arantv.az\/index.php?rest_route=%2Fwp%2Fv2%2Fcategories&post=645990"},{"taxonomy":"post_tag","embeddable":true,"href":"https:\/\/arantv.az\/index.php?rest_route=%2Fwp%2Fv2%2Ftags&post=645990"}],"curies":[{"name":"wp","href":"https:\/\/api.w.org\/{rel}","templated":true}]}}