{"id":646684,"date":"2023-10-17T18:48:23","date_gmt":"2023-10-17T14:48:23","guid":{"rendered":"https:\/\/arantv.az\/?p=646684"},"modified":"2023-10-17T18:48:23","modified_gmt":"2023-10-17T14:48:23","slug":"pasinyan-strasburqa-s%c9%99f%c9%99rind%c9%99n-goruntul%c9%99r-paylasdi-qizlarini-da-ozu-il%c9%99-aparib-video","status":"publish","type":"post","link":"https:\/\/arantv.az\/?p=646684","title":{"rendered":"Pa\u015finyan Strasburqa s\u0259f\u0259rind\u0259n g\u00f6r\u00fcnt\u00fcl\u0259r payla\u015fd\u0131: Q\u0131zlar\u0131n\u0131 da \u00f6z\u00fc il\u0259 apar\u0131b &#8211; V\u0130DEO"},"content":{"rendered":"<article class=\"news\">\n<div class=\"news-inner\">\n<p>Erm\u0259nistan\u0131n ba\u015f naziri Nikol Pa\u015finyan Avropa Parlamentinin s\u0259dri Roberta Metsola il\u0259 g\u00f6r\u00fc\u015f\u00fcnd\u0259n video yay\u0131mlay\u0131b.<\/p>\n<p>Pa\u015finyan bununla ba\u011fl\u0131 \u00f6z \u201cFacebook\u201d s\u0259hif\u0259sind\u0259 payla\u015f\u0131m edib.<\/p>\n<p>G\u00f6r\u00fcnt\u00fcl\u0259rd\u0259 Pa\u015finyan\u0131n Strasburqa q\u0131zlar\u0131 il\u0259 birlikd\u0259 getdiyi d\u0259 \u0259ks olunub.<\/p>\n<div><iframe loading=\"lazy\" src=\"https:\/\/baku.tv\/embed\/103271\" width=\"560\" height=\"315\" frameborder=\"0\" allowfullscreen=\"allowfullscreen\" data-mce-fragment=\"1\"><\/iframe><\/div>\n<\/div>\n<\/article>\n","protected":false},"excerpt":{"rendered":"<p>Erm\u0259nistan\u0131n ba\u015f naziri Nikol Pa\u015finyan Avropa Parlamentinin s\u0259dri Roberta Metsola il\u0259 g\u00f6r\u00fc\u015f\u00fcnd\u0259n video yay\u0131mlay\u0131b. Pa\u015finyan bununla ba\u011fl\u0131 \u00f6z \u201cFacebook\u201d s\u0259hif\u0259sind\u0259 payla\u015f\u0131m edib. G\u00f6r\u00fcnt\u00fcl\u0259rd\u0259 Pa\u015finyan\u0131n Strasburqa q\u0131zlar\u0131 il\u0259 birlikd\u0259 getdiyi d\u0259 \u0259ks olunub.<\/p>\n","protected":false},"author":2,"featured_media":646685,"comment_status":"closed","ping_status":"closed","sticky":false,"template":"","format":"standard","meta":{"om_disable_all_campaigns":false,"_monsterinsights_skip_tracking":false,"_monsterinsights_sitenote_active":false,"_monsterinsights_sitenote_note":"","_monsterinsights_sitenote_category":0},"categories":[7],"tags":[],"aioseo_notices":[],"gutentor_comment":0,"rttpg_featured_image_url":{"full":["https:\/\/arantv.az\/wp-content\/uploads\/2023\/10\/FotoJet-2023-10-17T180343.221.jpg",620,413,false],"landscape":["https:\/\/arantv.az\/wp-content\/uploads\/2023\/10\/FotoJet-2023-10-17T180343.221.jpg",620,413,false],"portraits":["https:\/\/arantv.az\/wp-content\/uploads\/2023\/10\/FotoJet-2023-10-17T180343.221.jpg",620,413,false],"thumbnail":["https:\/\/arantv.az\/wp-content\/uploads\/2023\/10\/FotoJet-2023-10-17T180343.221-500x280.jpg",500,280,true],"medium":["https:\/\/arantv.az\/wp-content\/uploads\/2023\/10\/FotoJet-2023-10-17T180343.221-548x365.jpg",548,365,true],"large":["https:\/\/arantv.az\/wp-content\/uploads\/2023\/10\/FotoJet-2023-10-17T180343.221.jpg",620,413,false],"1536x1536":["https:\/\/arantv.az\/wp-content\/uploads\/2023\/10\/FotoJet-2023-10-17T180343.221.jpg",620,413,false],"2048x2048":["https:\/\/arantv.az\/wp-content\/uploads\/2023\/10\/FotoJet-2023-10-17T180343.221.jpg",620,413,false],"post-thumbnail":["https:\/\/arantv.az\/wp-content\/uploads\/2023\/10\/FotoJet-2023-10-17T180343.221-240x172.jpg",240,172,true],"advps-thumb-one":["https:\/\/arantv.az\/wp-content\/uploads\/2023\/10\/FotoJet-2023-10-17T180343.221.jpg",620,413,false]},"rttpg_author":{"display_name":"V\u00fcsal Rafiqo\u011flu","author_link":"https:\/\/arantv.az\/?author=2"},"rttpg_comment":0,"rttpg_category":"<a href=\"https:\/\/arantv.az\/?cat=7\" rel=\"category\">D\u00fcnya<\/a>","rttpg_excerpt":"Erm\u0259nistan\u0131n ba\u015f naziri Nikol Pa\u015finyan Avropa Parlamentinin s\u0259dri Roberta Metsola il\u0259 g\u00f6r\u00fc\u015f\u00fcnd\u0259n video yay\u0131mlay\u0131b. Pa\u015finyan bununla ba\u011fl\u0131 \u00f6z \u201cFacebook\u201d s\u0259hif\u0259sind\u0259 payla\u015f\u0131m edib. G\u00f6r\u00fcnt\u00fcl\u0259rd\u0259 Pa\u015finyan\u0131n Strasburqa q\u0131zlar\u0131 il\u0259 birlikd\u0259 getdiyi d\u0259 \u0259ks olunub.","_links":{"self":[{"href":"https:\/\/arantv.az\/index.php?rest_route=\/wp\/v2\/posts\/646684"}],"collection":[{"href":"https:\/\/arantv.az\/index.php?rest_route=\/wp\/v2\/posts"}],"about":[{"href":"https:\/\/arantv.az\/index.php?rest_route=\/wp\/v2\/types\/post"}],"author":[{"embeddable":true,"href":"https:\/\/arantv.az\/index.php?rest_route=\/wp\/v2\/users\/2"}],"replies":[{"embeddable":true,"href":"https:\/\/arantv.az\/index.php?rest_route=%2Fwp%2Fv2%2Fcomments&post=646684"}],"version-history":[{"count":0,"href":"https:\/\/arantv.az\/index.php?rest_route=\/wp\/v2\/posts\/646684\/revisions"}],"wp:featuredmedia":[{"embeddable":true,"href":"https:\/\/arantv.az\/index.php?rest_route=\/wp\/v2\/media\/646685"}],"wp:attachment":[{"href":"https:\/\/arantv.az\/index.php?rest_route=%2Fwp%2Fv2%2Fmedia&parent=646684"}],"wp:term":[{"taxonomy":"category","embeddable":true,"href":"https:\/\/arantv.az\/index.php?rest_route=%2Fwp%2Fv2%2Fcategories&post=646684"},{"taxonomy":"post_tag","embeddable":true,"href":"https:\/\/arantv.az\/index.php?rest_route=%2Fwp%2Fv2%2Ftags&post=646684"}],"curies":[{"name":"wp","href":"https:\/\/api.w.org\/{rel}","templated":true}]}}