{"id":646693,"date":"2023-10-17T18:52:23","date_gmt":"2023-10-17T14:52:23","guid":{"rendered":"https:\/\/arantv.az\/?p=646693"},"modified":"2023-10-17T18:52:23","modified_gmt":"2023-10-17T14:52:23","slug":"bu-gun-fuzulinin-isgaldan-azad-edilm%c9%99sind%c9%99n-3-il-otur","status":"publish","type":"post","link":"https:\/\/arantv.az\/?p=646693","title":{"rendered":"Bu g\u00fcn F\u00fczulinin i\u015f\u011faldan azad edilm\u0259sind\u0259n 3 il \u00f6t\u00fcr"},"content":{"rendered":"<div class=\"x11i5rnm xat24cr x1mh8g0r x1vvkbs xtlvy1s x126k92a\">\n<div dir=\"auto\">Erm\u0259nistan silahl\u0131 q\u00fcvv\u0259l\u0259rinin c\u0259bh\u0259boyu t\u00f6r\u0259tdiyi geni\u015fmiqyasl\u0131 t\u0259xribatlara cavab olaraq Az\u0259rbaycan Ordusunun 2020-ci il sentyabr\u0131n 27-d\u0259 ba\u015flad\u0131\u011f\u0131 \u0259ks-h\u00fccum \u0259m\u0259liyyatlar\u0131n\u0131n ilk g\u00fcnl\u0259rind\u0259 F\u00fczuli rayonunun Qaraxanb\u0259yli, Q\u0259rv\u0259nd, K\u0259nd Horadiz, Yuxar\u0131 \u018fbd\u00fcrr\u0259hmanl\u0131, C\u0259bray\u0131l rayonunun B\u00f6y\u00fck M\u0259rcanl\u0131, N\u00fczgar k\u0259ndl\u0259ri, A\u011fd\u0259r\u0259 v\u0259 Murovda\u011f istiqam\u0259tl\u0259rind\u0259 y\u00fcks\u0259klikl\u0259r d\u00fc\u015fm\u0259nd\u0259n azad olundu. Oktyabr\u0131n 17-d\u0259, d\u00f6y\u00fc\u015fl\u0259rin 21-ci g\u00fcn\u00fcnd\u0259 F\u00fczuli rayonunun Qo\u00e7\u0259hm\u0259dli, \u00c7im\u0259n, Cuvarl\u0131, Pir\u0259hm\u0259dli, Musab\u0259yli, \u0130\u015f\u0131ql\u0131, D\u0259d\u0259li k\u0259ndl\u0259ri v\u0259 F\u00fczuli \u015f\u0259h\u0259ri erm\u0259ni i\u015f\u011fal\u0131ndan azad edildi.<\/div>\n<div dir=\"auto\">F\u00fczuli u\u011frunda ged\u0259n v\u0259 qalibiyy\u0259tl\u0259 bit\u0259n d\u00f6y\u00fc\u015fl\u0259r ordumuzun d\u00f6y\u00fc\u015f bacar\u0131\u011f\u0131n\u0131n, \u015f\u0259hid v\u0259 qazil\u0259rimizin f\u0259dakarl\u0131\u011f\u0131n\u0131n n\u0259tic\u0259sidir. F\u00fczuli u\u011frunda d\u00f6y\u00fc\u015fl\u0259rd\u0259 i\u015ftirak ed\u0259nl\u0259rin, bu m\u00fch\u00fcm q\u0259l\u0259b\u0259d\u0259 pay\u0131 olanlar\u0131n \u015f\u00fcca\u0259t v\u0259 v\u0259t\u0259np\u0259rv\u0259rliyi diqq\u0259td\u0259n k\u0259narda qalmay\u0131b, d\u00f6vl\u0259timiz t\u0259r\u0259find\u0259n layiqinc\u0259 qiym\u0259tl\u0259ndirilib. Az\u0259rbaycan Respublikas\u0131n\u0131n 2020-ci il 26 noyabr tarixli Qanunu il\u0259 &#8220;F\u00fczulinin azad olunmas\u0131na g\u00f6r\u0259&#8221; medal\u0131 t\u0259sis edilib. M\u00fcz\u0259ff\u0259r Ali Ba\u015f Komandan, Prezident \u0130lham \u018fliyevin s\u0259r\u0259ncamlar\u0131 il\u0259 F\u00fczuli rayonunun i\u015f\u011faldan azad edilm\u0259si u\u011frunda apar\u0131lm\u0131\u015f d\u00f6y\u00fc\u015f \u0259m\u0259liyyatlar\u0131nda i\u015ftirak ed\u0259r\u0259k \u015f\u0259xsi igidlik v\u0259 \u015f\u00fcca\u0259t n\u00fcmayi\u015f etdirmi\u015f Az\u0259rbaycan Respublikas\u0131 Silahl\u0131 Q\u00fcvv\u0259l\u0259rinin 25167 h\u0259rbi qulluq\u00e7usu &#8220;F\u00fczulinin azad olunmas\u0131na g\u00f6r\u0259&#8221; medal\u0131 il\u0259 t\u0259ltif olunub.<\/div>\n<div dir=\"auto\">F\u00fczuli rayonu do\u011fma Az\u0259rbaycan\u0131m\u0131z\u0131n q\u0259dim tarix\u0259, z\u0259ngin infrastruktur v\u0259 tarixi abid\u0259l\u0259r\u0259 malik olan b\u00f6lg\u0259l\u0259rind\u0259ndir. \u018fsas\u0131 1827-ci ild\u0259 qoyulan F\u00fczulinin ilkin ad\u0131 yerl\u0259\u015fdiyi ya\u015fay\u0131\u015f m\u0259sk\u0259nin\u0259 uy\u011fun olaraq Qarabulaq adland\u0131r\u0131l\u0131b. 1959-cu ilin aprelind\u0259 b\u00f6y\u00fck \u015fairimiz M\u0259h\u0259mm\u0259d F\u00fczulinin 400 illik yubileyi \u015f\u0259r\u0259fin\u0259 rayonun ad\u0131 d\u0259yi\u015fdiril\u0259r\u0259k F\u00fczuli rayonu adland\u0131r\u0131l\u0131b.<\/div>\n<div dir=\"auto\">Z\u0259f\u0259rd\u0259n sonra \u00f6lk\u0259miz i\u015f\u011faldan azad edilmi\u015f \u0259razil\u0259rd\u0259 n\u0259h\u0259ng b\u0259rpa v\u0259 quruculuq i\u015fl\u0259ri apar\u0131r. M\u00fcz\u0259ff\u0259r Ali Ba\u015f Komandan \u0130lham \u018fliyevin azad olunmu\u015f \u0259razil\u0259r\u0259 s\u0259f\u0259rl\u0259ri \u0259lb\u0259tt\u0259 ki, yerli \u015f\u0259raitl\u0259 tan\u0131\u015fl\u0131q, b\u0259rpa-quruculuq i\u015fl\u0259ri il\u0259 ba\u011fl\u0131 olub. D\u00f6vl\u0259t ba\u015f\u00e7\u0131s\u0131n\u0131n bu m\u0259qs\u0259dl\u0259 ilk s\u0259f\u0259ri 2020-ci ilin noyabr\u0131n 16-da, b\u00f6y\u00fck q\u0259l\u0259b\u0259d\u0259n d\u0259rhal sonra F\u00fczuliy\u0259 olub. Bu s\u0259f\u0259rind\u0259 Prezident \u0130lham \u018fliyev F\u00fczuli-\u015eu\u015fa avtomobil yolunun \u2013 Z\u0259f\u0259r yolunun \u00e7\u0259kili\u015fin\u0259 start verib. Art\u0131q F\u00fczulinin i\u015f\u011faldan azad olunmas\u0131ndan 3 il vaxt ke\u00e7ir. Bu d\u00f6vl\u0259r \u0259rzind\u0259 Prezident \u0130lham \u018fliyev F\u00fczuli rayonunda 15 d\u0259f\u0259 s\u0259f\u0259rd\u0259 olmu\u015fdur. Rayon \u0259razisind\u0259 d\u00fcnya standartlar\u0131na uy\u011fun beyn\u0259lxalq, respublika v\u0259 yerli \u0259h\u0259miyy\u0259tli \u00e7oxsayl\u0131 yeni avtomobil yollar\u0131 in\u015fa edilib. Haz\u0131rda Horadiz-A\u011fb\u0259nd d\u0259mir yolunun in\u015fas\u0131 u\u011furla davam etdirilir. \u00c7ox q\u0131sa m\u00fcdd\u0259td\u0259 in\u015fa edil\u0259n F\u00fczuli Beyn\u0259lxalq Hava Liman\u0131, rayon \u0259razisind\u0259 tikil\u0259n R\u0259q\u0259msal Stansiya \u0130dar\u0259etm\u0259 M\u0259rk\u0259zi d\u0259 \u00f6z m\u00f6ht\u0259\u015f\u0259mliyi v\u0259 m\u00fcasirliyi il\u0259 se\u00e7ilir.<\/div>\n<div dir=\"auto\">\u00d6zb\u0259kistan Respublikas\u0131n\u0131n Prezidenti \u015eavkat Mirziyoyevin \u015f\u0259xsi t\u0259\u015f\u0259bb\u00fcs\u00fc il\u0259 i\u015f\u011faldan tam azad olunmu\u015f F\u00fczulid\u0259 m\u0259kt\u0259b in\u015fa olunub. Qazax\u0131stan Prezidentinin t\u0259\u015f\u0259bb\u00fcs\u00fc il\u0259 i\u015f\u011faldan azad edilmi\u015f F\u00fczuli \u015f\u0259h\u0259rind\u0259 qazax xalq\u0131n\u0131n b\u00f6y\u00fck o\u011flu Kurmanqaz\u0131 ad\u0131na U\u015faq Yarad\u0131c\u0131l\u0131q M\u0259rk\u0259zinin yarad\u0131lmas\u0131 iki xalq aras\u0131nda dostlu\u011fun r\u0259mzi olaraq tarix\u0259 yaz\u0131lm\u0131\u015fd\u0131r.<\/div>\n<div dir=\"auto\">S\u00f6z\u00fcged\u0259n i\u015fl\u0259r m\u00fcasir t\u0259cr\u00fcb\u0259 v\u0259 yana\u015fmalar \u0259sas\u0131nda beyn\u0259lxalq \u0259m\u0259kda\u015fl\u0131q \u00e7\u0259r\u00e7iv\u0259sind\u0259 realla\u015fd\u0131r\u0131lmaqdad\u0131r. \u0130\u015f\u011faldan azad edilmi\u015f \u0259razil\u0259rin m\u00f6vcud iqtisadi potensial\u0131ndan xalq\u0131m\u0131z\u0131n rifah\u0131 namin\u0259 tam istifad\u0259 olunmas\u0131, x\u00fcsusil\u0259 Z\u0259ng\u0259zur d\u0259hlizi \u00fcz\u0259rind\u0259n realla\u015fd\u0131r\u0131lacaq regional n\u0259qliyyat-kommunikasiya layih\u0259l\u0259ri davaml\u0131 v\u0259 dayan\u0131ql\u0131 inki\u015faf \u00fc\u00e7\u00fcn geni\u015f imkanlar yarad\u0131r. \u0130\u015f\u011faldan azad edilmi\u015f \u0259razil\u0259rd\u0259 b\u0259rpa-quruculuq \u00fczr\u0259 q\u0259t olunan m\u0259saf\u0259 qar\u015f\u0131ya qoyulmu\u015f m\u0259qs\u0259dl\u0259rin y\u00fcks\u0259k s\u0259viyy\u0259d\u0259 h\u0259yata ke\u00e7iril\u0259c\u0259yind\u0259n x\u0259b\u0259r verir. M\u0259hz uzunm\u00fcdd\u0259tli d\u00f6vr\u0259 h\u0259d\u0259fl\u0259n\u0259n strateji bax\u0131\u015f\u0131n, z\u0259ruri resurslar\u0131n v\u0259 texnoloji h\u0259ll\u0259rin m\u00f6vcud olmas\u0131 bunun t\u0259minat\u0131 kimi \u00e7\u0131x\u0131\u015f edir.<\/div>\n<div dir=\"auto\">N\u0259hay\u0259t, \u00f6lk\u0259nin sosial-iqtisadi inki\u015faf\u0131nda tarixi d\u00f6n\u00fc\u015f d\u00f6vr\u00fc v\u0259 yeni strateji m\u0259rh\u0259l\u0259 olan i\u015f\u011faldan azad edilmi\u015f \u0259razil\u0259rin b\u0259rpas\u0131 v\u0259 \u00f6lk\u0259 iqtisadiyyat\u0131na reinteqrasiyas\u0131 \u0259sas\u0131nda bu regiona b\u00f6y\u00fck qay\u0131d\u0131\u015f t\u0259min edil\u0259c\u0259k.<\/div>\n<\/div>\n<div class=\"x11i5rnm xat24cr x1mh8g0r x1vvkbs xtlvy1s x126k92a\">\n<div dir=\"auto\">B\u0259rd\u0259 R\u0130HB aparat\u0131n\u0131n \u0130ctimai-siyasi v\u0259 humanitar m\u0259s\u0259l\u0259l\u0259r \u015f\u00f6b\u0259sinin ba\u015f m\u0259sl\u0259h\u0259t\u00e7isi S\u0259buhi Qas\u0131mov<\/div>\n<\/div>\n","protected":false},"excerpt":{"rendered":"<p>Erm\u0259nistan silahl\u0131 q\u00fcvv\u0259l\u0259rinin c\u0259bh\u0259boyu t\u00f6r\u0259tdiyi geni\u015fmiqyasl\u0131 t\u0259xribatlara cavab olaraq Az\u0259rbaycan Ordusunun 2020-ci il sentyabr\u0131n 27-d\u0259 ba\u015flad\u0131\u011f\u0131 \u0259ks-h\u00fccum \u0259m\u0259liyyatlar\u0131n\u0131n ilk g\u00fcnl\u0259rind\u0259 F\u00fczuli rayonunun Qaraxanb\u0259yli, Q\u0259rv\u0259nd, K\u0259nd Horadiz, Yuxar\u0131 \u018fbd\u00fcrr\u0259hmanl\u0131, C\u0259bray\u0131l rayonunun B\u00f6y\u00fck M\u0259rcanl\u0131, N\u00fczgar k\u0259ndl\u0259ri, A\u011fd\u0259r\u0259 v\u0259 Murovda\u011f istiqam\u0259tl\u0259rind\u0259 y\u00fcks\u0259klikl\u0259r d\u00fc\u015fm\u0259nd\u0259n azad olundu. Oktyabr\u0131n 17-d\u0259, d\u00f6y\u00fc\u015fl\u0259rin 21-ci g\u00fcn\u00fcnd\u0259 F\u00fczuli rayonunun Qo\u00e7\u0259hm\u0259dli, \u00c7im\u0259n, Cuvarl\u0131, Pir\u0259hm\u0259dli, Musab\u0259yli, \u0130\u015f\u0131ql\u0131, D\u0259d\u0259li k\u0259ndl\u0259ri v\u0259 F\u00fczuli \u015f\u0259h\u0259ri erm\u0259ni i\u015f\u011fal\u0131ndan azad edildi. F\u00fczuli u\u011frunda ged\u0259n v\u0259 qalibiyy\u0259tl\u0259 bit\u0259n d\u00f6y\u00fc\u015fl\u0259r ordumuzun d\u00f6y\u00fc\u015f bacar\u0131\u011f\u0131n\u0131n, \u015f\u0259hid v\u0259 qazil\u0259rimizin f\u0259dakarl\u0131\u011f\u0131n\u0131n n\u0259tic\u0259sidir. F\u00fczuli u\u011frunda d\u00f6y\u00fc\u015fl\u0259rd\u0259 i\u015ftirak ed\u0259nl\u0259rin, bu m\u00fch\u00fcm q\u0259l\u0259b\u0259d\u0259 pay\u0131 olanlar\u0131n \u015f\u00fcca\u0259t&hellip;<\/p>\n","protected":false},"author":2,"featured_media":646694,"comment_status":"closed","ping_status":"closed","sticky":false,"template":"","format":"standard","meta":{"om_disable_all_campaigns":false,"_monsterinsights_skip_tracking":false,"_monsterinsights_sitenote_active":false,"_monsterinsights_sitenote_note":"","_monsterinsights_sitenote_category":0},"categories":[2],"tags":[],"aioseo_notices":[],"gutentor_comment":0,"rttpg_featured_image_url":{"full":["https:\/\/arantv.az\/wp-content\/uploads\/2023\/10\/393728691_257251920602829_7054675284164201765_n.jpg",966,669,false],"landscape":["https:\/\/arantv.az\/wp-content\/uploads\/2023\/10\/393728691_257251920602829_7054675284164201765_n.jpg",966,669,false],"portraits":["https:\/\/arantv.az\/wp-content\/uploads\/2023\/10\/393728691_257251920602829_7054675284164201765_n.jpg",966,669,false],"thumbnail":["https:\/\/arantv.az\/wp-content\/uploads\/2023\/10\/393728691_257251920602829_7054675284164201765_n-500x280.jpg",500,280,true],"medium":["https:\/\/arantv.az\/wp-content\/uploads\/2023\/10\/393728691_257251920602829_7054675284164201765_n-527x365.jpg",527,365,true],"large":["https:\/\/arantv.az\/wp-content\/uploads\/2023\/10\/393728691_257251920602829_7054675284164201765_n-840x582.jpg",640,443,true],"1536x1536":["https:\/\/arantv.az\/wp-content\/uploads\/2023\/10\/393728691_257251920602829_7054675284164201765_n.jpg",966,669,false],"2048x2048":["https:\/\/arantv.az\/wp-content\/uploads\/2023\/10\/393728691_257251920602829_7054675284164201765_n.jpg",966,669,false],"post-thumbnail":["https:\/\/arantv.az\/wp-content\/uploads\/2023\/10\/393728691_257251920602829_7054675284164201765_n-240x172.jpg",240,172,true],"advps-thumb-one":["https:\/\/arantv.az\/wp-content\/uploads\/2023\/10\/393728691_257251920602829_7054675284164201765_n-966x620.jpg",966,620,true]},"rttpg_author":{"display_name":"V\u00fcsal Rafiqo\u011flu","author_link":"https:\/\/arantv.az\/?author=2"},"rttpg_comment":0,"rttpg_category":"<a href=\"https:\/\/arantv.az\/?cat=2\" rel=\"category\">Region X\u0259b\u0259rl\u0259ri<\/a>","rttpg_excerpt":"Erm\u0259nistan silahl\u0131 q\u00fcvv\u0259l\u0259rinin c\u0259bh\u0259boyu t\u00f6r\u0259tdiyi geni\u015fmiqyasl\u0131 t\u0259xribatlara cavab olaraq Az\u0259rbaycan Ordusunun 2020-ci il sentyabr\u0131n 27-d\u0259 ba\u015flad\u0131\u011f\u0131 \u0259ks-h\u00fccum \u0259m\u0259liyyatlar\u0131n\u0131n ilk g\u00fcnl\u0259rind\u0259 F\u00fczuli rayonunun Qaraxanb\u0259yli, Q\u0259rv\u0259nd, K\u0259nd Horadiz, Yuxar\u0131 \u018fbd\u00fcrr\u0259hmanl\u0131, C\u0259bray\u0131l rayonunun B\u00f6y\u00fck M\u0259rcanl\u0131, N\u00fczgar k\u0259ndl\u0259ri, A\u011fd\u0259r\u0259 v\u0259 Murovda\u011f istiqam\u0259tl\u0259rind\u0259 y\u00fcks\u0259klikl\u0259r d\u00fc\u015fm\u0259nd\u0259n azad olundu. Oktyabr\u0131n 17-d\u0259, d\u00f6y\u00fc\u015fl\u0259rin 21-ci g\u00fcn\u00fcnd\u0259 F\u00fczuli rayonunun Qo\u00e7\u0259hm\u0259dli, \u00c7im\u0259n, Cuvarl\u0131, Pir\u0259hm\u0259dli, Musab\u0259yli, \u0130\u015f\u0131ql\u0131,&hellip;","_links":{"self":[{"href":"https:\/\/arantv.az\/index.php?rest_route=\/wp\/v2\/posts\/646693"}],"collection":[{"href":"https:\/\/arantv.az\/index.php?rest_route=\/wp\/v2\/posts"}],"about":[{"href":"https:\/\/arantv.az\/index.php?rest_route=\/wp\/v2\/types\/post"}],"author":[{"embeddable":true,"href":"https:\/\/arantv.az\/index.php?rest_route=\/wp\/v2\/users\/2"}],"replies":[{"embeddable":true,"href":"https:\/\/arantv.az\/index.php?rest_route=%2Fwp%2Fv2%2Fcomments&post=646693"}],"version-history":[{"count":0,"href":"https:\/\/arantv.az\/index.php?rest_route=\/wp\/v2\/posts\/646693\/revisions"}],"wp:featuredmedia":[{"embeddable":true,"href":"https:\/\/arantv.az\/index.php?rest_route=\/wp\/v2\/media\/646694"}],"wp:attachment":[{"href":"https:\/\/arantv.az\/index.php?rest_route=%2Fwp%2Fv2%2Fmedia&parent=646693"}],"wp:term":[{"taxonomy":"category","embeddable":true,"href":"https:\/\/arantv.az\/index.php?rest_route=%2Fwp%2Fv2%2Fcategories&post=646693"},{"taxonomy":"post_tag","embeddable":true,"href":"https:\/\/arantv.az\/index.php?rest_route=%2Fwp%2Fv2%2Ftags&post=646693"}],"curies":[{"name":"wp","href":"https:\/\/api.w.org\/{rel}","templated":true}]}}