{"id":646697,"date":"2023-10-17T20:32:23","date_gmt":"2023-10-17T16:32:23","guid":{"rendered":"https:\/\/arantv.az\/?p=646697"},"modified":"2023-10-17T20:32:23","modified_gmt":"2023-10-17T16:32:23","slug":"fuzuli-s%c9%99h%c9%99ri-gunu-il%c9%99-bagli-at%c9%99sf%c9%99sanliq-olub-foto-video","status":"publish","type":"post","link":"https:\/\/arantv.az\/?p=646697","title":{"rendered":"F\u00fczuli \u015e\u0259h\u0259ri G\u00fcn\u00fc il\u0259 ba\u011fl\u0131 at\u0259\u015ff\u0259\u015fanl\u0131q olub &#8211; FOTO\/V\u0130DEO"},"content":{"rendered":"<p>F\u00fczuli \u015f\u0259h\u0259ri g\u00fcn\u00fc m\u00fcnasib\u0259til\u0259 at\u0259\u015ff\u0259\u015fanl\u0131q olub.<\/p>\n<p>APA\u00a0x\u0259b\u0259r verir ki, \u015f\u0259h\u0259r g\u00fcn\u00fc il\u0259 ba\u011fl\u0131 proqram iki hiss\u0259d\u0259n ibar\u0259t olub.<\/p>\n<p>Birinci hiss\u0259d\u0259 8 gu\u015f\u0259d\u0259n ibar\u0259t \u201cF\u00fczuli h\u00fccr\u0259l\u0259ri\u201d adl\u0131 b\u0259dii kompozisiya, h\u0259m\u00e7inin \u00fcmummili lider Heyd\u0259r \u018fliyev\u0259, M\u0259h\u0259mm\u0259d F\u00fczuliy\u0259, \u201cYeddit\u0259p\u0259 kurqanlar\u201d abid\u0259sin\u0259, \u201cAz\u0259rxal\u00e7a\u201dya aid s\u0259rgil\u0259rl\u0259 yana\u015f\u0131, konsert proqram\u0131 v\u0259 meydan s\u0259hn\u0259ciyi n\u00fcmayi\u015f olunub.<\/p>\n<p>Daha sonra proqram\u0131n ikinci hiss\u0259si ba\u015flay\u0131b.<\/p>\n<p>Burada \u201cNatiq ritm qrupu\u201dnun repertuar\u0131ndan \u201cD\u0259mir yumruq\u201d kompozisiya\u0131 v\u0259 dig\u0259r bir ne\u00e7\u0259 ritmik mahn\u0131 s\u0259sl\u0259ndirilib.<\/p>\n<p>Proqrama F\u00fczuli \u015f\u0259h\u0259r g\u00fcn\u00fc m\u00fcnasib\u0259til\u0259 at\u0259\u015ff\u0259\u015fanl\u0131qla yekun vurulub.<\/p>\n<p>Qeyd ed\u0259k ki, F\u00fczuli \u015f\u0259h\u0259r g\u00fcn\u00fc M\u0259d\u0259niyy\u0259t Nazirliyi, Heyd\u0259r \u018fliyev Fondu v\u0259 Az\u0259rbaycan Respublikas\u0131 Prezidentinin Qaraba\u011f iqtisadi rayonundak\u0131 i\u015f\u011faldan azad edilmi\u015f \u0259razil\u0259rd\u0259 x\u00fcsusi n\u00fcmay\u0259nd\u0259liyinin birg\u0259 t\u0259\u015fkilat\u00e7\u0131l\u0131\u011f\u0131 il\u0259 h\u0259yata ke\u00e7irilib.<\/p>\n<div><\/div>\n<div><iframe loading=\"lazy\" id=\"telegram-post-oxuaze-66999\" src=\"https:\/\/t.me\/oxuaze\/66999?embed=1\" width=\"100%\" height=\"\" frameborder=\"0\" scrolling=\"no\" data-mce-fragment=\"1\"><\/iframe><\/div>\n<p>&nbsp;<\/p>\n<div class=\"gallery\">\n<div class=\"gallery-i\"><img src=\"https:\/\/cdn.oxu.az\/uploads\/W1siZiIsIjIwMjMvMTAvMTcvMTkvNTgvNTEvYmU1NmM2NGYtZmU0OS00OTk0LTkyNWEtOWM4YzY0NjU2MjI4LzEuanBnIl0sWyJwIiwiZW5jb2RlIiwianBnIiwiLXF1YWxpdHkgODAiXSxbInAiLCJ0aHVtYiIsIjU5MHg1OTBcdTAwM2UiXV0?sha=547c5f4b10cf3356\" alt=\"\" \/><\/p>\n<div class=\"gallery-i-caption\"><\/div>\n<\/div>\n<div class=\"gallery-i\"><img src=\"https:\/\/cdn.oxu.az\/uploads\/W1siZiIsIjIwMjMvMTAvMTcvMTkvNTgvNTEvMGNlNzY2MWItYzdiNS00NDdhLWI0MjQtMTMzMzI3OTU2ZDNmLzIuanBnIl0sWyJwIiwiZW5jb2RlIiwianBnIiwiLXF1YWxpdHkgODAiXSxbInAiLCJ0aHVtYiIsIjU5MHg1OTBcdTAwM2UiXV0?sha=22fe643fb1ee06fb\" alt=\"\" \/><\/p>\n<div class=\"gallery-i-caption\"><\/div>\n<\/div>\n<div class=\"gallery-i\"><img src=\"https:\/\/cdn.oxu.az\/uploads\/W1siZiIsIjIwMjMvMTAvMTcvMTkvNTgvNTEvMDcwOTdmMjItNWQ4NS00YTUzLWFiMTItZWMzNTQzYzZkNDM0LzMuanBnIl0sWyJwIiwiZW5jb2RlIiwianBnIiwiLXF1YWxpdHkgODAiXSxbInAiLCJ0aHVtYiIsIjU5MHg1OTBcdTAwM2UiXV0?sha=cc3f2a5f688be3fb\" alt=\"\" \/><\/p>\n<div class=\"gallery-i-caption\"><\/div>\n<\/div>\n<div class=\"gallery-i\"><img src=\"https:\/\/cdn.oxu.az\/uploads\/W1siZiIsIjIwMjMvMTAvMTcvMTkvNTgvNTIvMmMxNGZiMmUtYmUwNy00MDZlLTk4MjktNzkzNmNkNjk3ODFjLzQuanBnIl0sWyJwIiwiZW5jb2RlIiwianBnIiwiLXF1YWxpdHkgODAiXSxbInAiLCJ0aHVtYiIsIjU5MHg1OTBcdTAwM2UiXV0?sha=087e73acc020e5b8\" alt=\"\" \/><\/p>\n<div class=\"gallery-i-caption\"><\/div>\n<\/div>\n<div class=\"gallery-i\"><img src=\"https:\/\/cdn.oxu.az\/uploads\/W1siZiIsIjIwMjMvMTAvMTcvMTkvNTgvNTIvYmM0NzQzZGEtY2ZhMy00Nzc1LTk1MTgtMzIyM2E5MWE3MWNiLzUuanBnIl0sWyJwIiwiZW5jb2RlIiwianBnIiwiLXF1YWxpdHkgODAiXSxbInAiLCJ0aHVtYiIsIjU5MHg1OTBcdTAwM2UiXV0?sha=b13de3faaea7b6fd\" alt=\"\" \/><\/div>\n<\/div>\n","protected":false},"excerpt":{"rendered":"<p>F\u00fczuli \u015f\u0259h\u0259ri g\u00fcn\u00fc m\u00fcnasib\u0259til\u0259 at\u0259\u015ff\u0259\u015fanl\u0131q olub. APA\u00a0x\u0259b\u0259r verir ki, \u015f\u0259h\u0259r g\u00fcn\u00fc il\u0259 ba\u011fl\u0131 proqram iki hiss\u0259d\u0259n ibar\u0259t olub. Birinci hiss\u0259d\u0259 8 gu\u015f\u0259d\u0259n ibar\u0259t \u201cF\u00fczuli h\u00fccr\u0259l\u0259ri\u201d adl\u0131 b\u0259dii kompozisiya, h\u0259m\u00e7inin \u00fcmummili lider Heyd\u0259r \u018fliyev\u0259, M\u0259h\u0259mm\u0259d F\u00fczuliy\u0259, \u201cYeddit\u0259p\u0259 kurqanlar\u201d abid\u0259sin\u0259, \u201cAz\u0259rxal\u00e7a\u201dya aid s\u0259rgil\u0259rl\u0259 yana\u015f\u0131, konsert proqram\u0131 v\u0259 meydan s\u0259hn\u0259ciyi n\u00fcmayi\u015f olunub. Daha sonra proqram\u0131n ikinci hiss\u0259si ba\u015flay\u0131b. Burada \u201cNatiq ritm qrupu\u201dnun repertuar\u0131ndan \u201cD\u0259mir yumruq\u201d kompozisiya\u0131 v\u0259 dig\u0259r bir ne\u00e7\u0259 ritmik mahn\u0131 s\u0259sl\u0259ndirilib. Proqrama F\u00fczuli \u015f\u0259h\u0259r g\u00fcn\u00fc m\u00fcnasib\u0259til\u0259 at\u0259\u015ff\u0259\u015fanl\u0131qla yekun vurulub. Qeyd ed\u0259k ki, F\u00fczuli \u015f\u0259h\u0259r g\u00fcn\u00fc M\u0259d\u0259niyy\u0259t Nazirliyi, Heyd\u0259r \u018fliyev Fondu v\u0259&hellip;<\/p>\n","protected":false},"author":2,"featured_media":646698,"comment_status":"closed","ping_status":"closed","sticky":false,"template":"","format":"standard","meta":{"om_disable_all_campaigns":false,"_monsterinsights_skip_tracking":false,"_monsterinsights_sitenote_active":false,"_monsterinsights_sitenote_note":"","_monsterinsights_sitenote_category":0},"categories":[19],"tags":[],"aioseo_notices":[],"gutentor_comment":0,"rttpg_featured_image_url":{"full":["https:\/\/arantv.az\/wp-content\/uploads\/2023\/10\/652eacdc0a337652eacdc0a338169755772140c0f3591b07c5c9627e27aeb7915266.jpg",620,413,false],"landscape":["https:\/\/arantv.az\/wp-content\/uploads\/2023\/10\/652eacdc0a337652eacdc0a338169755772140c0f3591b07c5c9627e27aeb7915266.jpg",620,413,false],"portraits":["https:\/\/arantv.az\/wp-content\/uploads\/2023\/10\/652eacdc0a337652eacdc0a338169755772140c0f3591b07c5c9627e27aeb7915266.jpg",620,413,false],"thumbnail":["https:\/\/arantv.az\/wp-content\/uploads\/2023\/10\/652eacdc0a337652eacdc0a338169755772140c0f3591b07c5c9627e27aeb7915266-500x280.jpg",500,280,true],"medium":["https:\/\/arantv.az\/wp-content\/uploads\/2023\/10\/652eacdc0a337652eacdc0a338169755772140c0f3591b07c5c9627e27aeb7915266-548x365.jpg",548,365,true],"large":["https:\/\/arantv.az\/wp-content\/uploads\/2023\/10\/652eacdc0a337652eacdc0a338169755772140c0f3591b07c5c9627e27aeb7915266.jpg",620,413,false],"1536x1536":["https:\/\/arantv.az\/wp-content\/uploads\/2023\/10\/652eacdc0a337652eacdc0a338169755772140c0f3591b07c5c9627e27aeb7915266.jpg",620,413,false],"2048x2048":["https:\/\/arantv.az\/wp-content\/uploads\/2023\/10\/652eacdc0a337652eacdc0a338169755772140c0f3591b07c5c9627e27aeb7915266.jpg",620,413,false],"post-thumbnail":["https:\/\/arantv.az\/wp-content\/uploads\/2023\/10\/652eacdc0a337652eacdc0a338169755772140c0f3591b07c5c9627e27aeb7915266-240x172.jpg",240,172,true],"advps-thumb-one":["https:\/\/arantv.az\/wp-content\/uploads\/2023\/10\/652eacdc0a337652eacdc0a338169755772140c0f3591b07c5c9627e27aeb7915266.jpg",620,413,false]},"rttpg_author":{"display_name":"V\u00fcsal Rafiqo\u011flu","author_link":"https:\/\/arantv.az\/?author=2"},"rttpg_comment":0,"rttpg_category":"<a href=\"https:\/\/arantv.az\/?cat=19\" rel=\"category\">G\u00fcnd\u0259m<\/a>","rttpg_excerpt":"F\u00fczuli \u015f\u0259h\u0259ri g\u00fcn\u00fc m\u00fcnasib\u0259til\u0259 at\u0259\u015ff\u0259\u015fanl\u0131q olub. APA\u00a0x\u0259b\u0259r verir ki, \u015f\u0259h\u0259r g\u00fcn\u00fc il\u0259 ba\u011fl\u0131 proqram iki hiss\u0259d\u0259n ibar\u0259t olub. Birinci hiss\u0259d\u0259 8 gu\u015f\u0259d\u0259n ibar\u0259t \u201cF\u00fczuli h\u00fccr\u0259l\u0259ri\u201d adl\u0131 b\u0259dii kompozisiya, h\u0259m\u00e7inin \u00fcmummili lider Heyd\u0259r \u018fliyev\u0259, M\u0259h\u0259mm\u0259d F\u00fczuliy\u0259, \u201cYeddit\u0259p\u0259 kurqanlar\u201d abid\u0259sin\u0259, \u201cAz\u0259rxal\u00e7a\u201dya aid s\u0259rgil\u0259rl\u0259 yana\u015f\u0131, konsert proqram\u0131 v\u0259 meydan s\u0259hn\u0259ciyi n\u00fcmayi\u015f olunub. Daha sonra proqram\u0131n ikinci hiss\u0259si ba\u015flay\u0131b.&hellip;","_links":{"self":[{"href":"https:\/\/arantv.az\/index.php?rest_route=\/wp\/v2\/posts\/646697"}],"collection":[{"href":"https:\/\/arantv.az\/index.php?rest_route=\/wp\/v2\/posts"}],"about":[{"href":"https:\/\/arantv.az\/index.php?rest_route=\/wp\/v2\/types\/post"}],"author":[{"embeddable":true,"href":"https:\/\/arantv.az\/index.php?rest_route=\/wp\/v2\/users\/2"}],"replies":[{"embeddable":true,"href":"https:\/\/arantv.az\/index.php?rest_route=%2Fwp%2Fv2%2Fcomments&post=646697"}],"version-history":[{"count":0,"href":"https:\/\/arantv.az\/index.php?rest_route=\/wp\/v2\/posts\/646697\/revisions"}],"wp:featuredmedia":[{"embeddable":true,"href":"https:\/\/arantv.az\/index.php?rest_route=\/wp\/v2\/media\/646698"}],"wp:attachment":[{"href":"https:\/\/arantv.az\/index.php?rest_route=%2Fwp%2Fv2%2Fmedia&parent=646697"}],"wp:term":[{"taxonomy":"category","embeddable":true,"href":"https:\/\/arantv.az\/index.php?rest_route=%2Fwp%2Fv2%2Fcategories&post=646697"},{"taxonomy":"post_tag","embeddable":true,"href":"https:\/\/arantv.az\/index.php?rest_route=%2Fwp%2Fv2%2Ftags&post=646697"}],"curies":[{"name":"wp","href":"https:\/\/api.w.org\/{rel}","templated":true}]}}