{"id":646754,"date":"2023-10-17T21:10:27","date_gmt":"2023-10-17T17:10:27","guid":{"rendered":"https:\/\/arantv.az\/?p=646754"},"modified":"2023-10-17T21:10:27","modified_gmt":"2023-10-17T17:10:27","slug":"hikm%c9%99t-haciyev-diplomatik-numay%c9%99nd%c9%99l%c9%99rl%c9%99-fuzuli-sakinl%c9%99rinin-sevincin%c9%99-qosulmaqdan-m%c9%99mnunuq-foto","status":"publish","type":"post","link":"https:\/\/arantv.az\/?p=646754","title":{"rendered":"Hikm\u0259t Hac\u0131yev: \u201cDiplomatik n\u00fcmay\u0259nd\u0259l\u0259rl\u0259 F\u00fczuli sakinl\u0259rinin sevincin\u0259 qo\u015fulmaqdan m\u0259mnunuq\u201d &#8211; FOTO"},"content":{"rendered":"<p>\u201cK\u00f6hn\u0259 F\u00fczulinin xarabal\u0131qlar\u0131 i\u015f\u011fal\u0131n faci\u0259vi xat\u0131rlatmas\u0131d\u0131r\u201d.<\/p>\n<p>Bunu Az\u0259rbaycan Prezidentinin k\u00f6m\u0259k\u00e7isi &#8211; Prezident Administrasiyas\u0131n\u0131n Xarici siyas\u0259t m\u0259s\u0259l\u0259l\u0259ri \u015f\u00f6b\u0259sinin m\u00fcdiri Hikm\u0259t Hac\u0131yev F\u00fczuli \u015e\u0259h\u0259r G\u00fcn\u00fc il\u0259 ba\u011fl\u0131 \u201cX\u201d hesab\u0131nda etdiyi payla\u015f\u0131mda qeyd edib.<\/p>\n<p>O xat\u0131rlad\u0131b ki, 2020-ci il oktyabr\u0131n 17-d\u0259 F\u00fczuli Erm\u0259nistan\u0131n 30 illik h\u0259rbi i\u015f\u011fal\u0131ndan azad edilib.<\/p>\n<p>\u201cKe\u00e7mi\u015f m\u0259cburi k\u00f6\u00e7k\u00fcnl\u0259r yeni tikilmi\u015f m\u0259nzill\u0259r\u0259 qay\u0131d\u0131r, u\u015faqlar is\u0259 m\u0259kt\u0259bl\u0259r\u0259 gedirl\u0259r. F\u00fczuli \u015f\u0259h\u0259rinin g\u0259nc sakinl\u0259ri F\u00fczuli \u015e\u0259h\u0259ri G\u00fcn\u00fcn\u00fc &#8211; 17 oktyabr 2020-ci ild\u0259 F\u00fczulinin Erm\u0259nistan\u0131n i\u015f\u011fal\u0131ndan azad edilm\u0259sini g\u00f6z\u0259l konsert proqram\u0131 il\u0259 qeyd edirl\u0259r. Diplomatik n\u00fcmay\u0259nd\u0259l\u0259rl\u0259 biz d\u0259 onlara qo\u015fulmaqdan m\u0259mnunuq\u201d, &#8211; o bildirib.<\/p>\n<div>\n<div class=\"twitter-tweet twitter-tweet-rendered\"><iframe id=\"twitter-widget-0\" class=\"\" title=\"Twitter Tweet\" src=\"https:\/\/platform.twitter.com\/embed\/Tweet.html?creatorScreenName=oxuaz&amp;dnt=false&amp;embedId=twitter-widget-0&amp;features=eyJ0ZndfdGltZWxpbmVfbGlzdCI6eyJidWNrZXQiOltdLCJ2ZXJzaW9uIjpudWxsfSwidGZ3X2ZvbGxvd2VyX2NvdW50X3N1bnNldCI6eyJidWNrZXQiOnRydWUsInZlcnNpb24iOm51bGx9LCJ0ZndfdHdlZXRfZWRpdF9iYWNrZW5kIjp7ImJ1Y2tldCI6Im9uIiwidmVyc2lvbiI6bnVsbH0sInRmd19yZWZzcmNfc2Vzc2lvbiI6eyJidWNrZXQiOiJvbiIsInZlcnNpb24iOm51bGx9LCJ0ZndfZm9zbnJfc29mdF9pbnRlcnZlbnRpb25zX2VuYWJsZWQiOnsiYnVja2V0Ijoib24iLCJ2ZXJzaW9uIjpudWxsfSwidGZ3X21peGVkX21lZGlhXzE1ODk3Ijp7ImJ1Y2tldCI6InRyZWF0bWVudCIsInZlcnNpb24iOm51bGx9LCJ0ZndfZXhwZXJpbWVudHNfY29va2llX2V4cGlyYXRpb24iOnsiYnVja2V0IjoxMjA5NjAwLCJ2ZXJzaW9uIjpudWxsfSwidGZ3X3Nob3dfYmlyZHdhdGNoX3Bpdm90c19lbmFibGVkIjp7ImJ1Y2tldCI6Im9uIiwidmVyc2lvbiI6bnVsbH0sInRmd19kdXBsaWNhdGVfc2NyaWJlc190b19zZXR0aW5ncyI6eyJidWNrZXQiOiJvbiIsInZlcnNpb24iOm51bGx9LCJ0ZndfdXNlX3Byb2ZpbGVfaW1hZ2Vfc2hhcGVfZW5hYmxlZCI6eyJidWNrZXQiOiJvbiIsInZlcnNpb24iOm51bGx9LCJ0ZndfdmlkZW9faGxzX2R5bmFtaWNfbWFuaWZlc3RzXzE1MDgyIjp7ImJ1Y2tldCI6InRydWVfYml0cmF0ZSIsInZlcnNpb24iOm51bGx9LCJ0ZndfbGVnYWN5X3RpbWVsaW5lX3N1bnNldCI6eyJidWNrZXQiOnRydWUsInZlcnNpb24iOm51bGx9LCJ0ZndfdHdlZXRfZWRpdF9mcm9udGVuZCI6eyJidWNrZXQiOiJvbiIsInZlcnNpb24iOm51bGx9fQ%3D%3D&amp;frame=false&amp;hideCard=false&amp;hideThread=false&amp;id=1714307421840031836&amp;lang=en&amp;origin=https%3A%2F%2Foxu.az%2Fpolitics%2F791427&amp;sessionId=87c051b938640b5dd7676602fa4292fb6e3dc9e5&amp;siteScreenName=oxuaz&amp;theme=light&amp;widgetsVersion=01917f4d1d4cb%3A1696883169554&amp;width=550px\" frameborder=\"0\" scrolling=\"no\" allowfullscreen=\"allowfullscreen\" data-tweet-id=\"1714307421840031836\" data-mce-fragment=\"1\"><\/iframe><\/div>\n<\/div>\n<p>&nbsp;<\/p>\n","protected":false},"excerpt":{"rendered":"<p>\u201cK\u00f6hn\u0259 F\u00fczulinin xarabal\u0131qlar\u0131 i\u015f\u011fal\u0131n faci\u0259vi xat\u0131rlatmas\u0131d\u0131r\u201d. Bunu Az\u0259rbaycan Prezidentinin k\u00f6m\u0259k\u00e7isi &#8211; Prezident Administrasiyas\u0131n\u0131n Xarici siyas\u0259t m\u0259s\u0259l\u0259l\u0259ri \u015f\u00f6b\u0259sinin m\u00fcdiri Hikm\u0259t Hac\u0131yev F\u00fczuli \u015e\u0259h\u0259r G\u00fcn\u00fc il\u0259 ba\u011fl\u0131 \u201cX\u201d hesab\u0131nda etdiyi payla\u015f\u0131mda qeyd edib. O xat\u0131rlad\u0131b ki, 2020-ci il oktyabr\u0131n 17-d\u0259 F\u00fczuli Erm\u0259nistan\u0131n 30 illik h\u0259rbi i\u015f\u011fal\u0131ndan azad edilib. \u201cKe\u00e7mi\u015f m\u0259cburi k\u00f6\u00e7k\u00fcnl\u0259r yeni tikilmi\u015f m\u0259nzill\u0259r\u0259 qay\u0131d\u0131r, u\u015faqlar is\u0259 m\u0259kt\u0259bl\u0259r\u0259 gedirl\u0259r. F\u00fczuli \u015f\u0259h\u0259rinin g\u0259nc sakinl\u0259ri F\u00fczuli \u015e\u0259h\u0259ri G\u00fcn\u00fcn\u00fc &#8211; 17 oktyabr 2020-ci ild\u0259 F\u00fczulinin Erm\u0259nistan\u0131n i\u015f\u011fal\u0131ndan azad edilm\u0259sini g\u00f6z\u0259l konsert proqram\u0131 il\u0259 qeyd edirl\u0259r. Diplomatik n\u00fcmay\u0259nd\u0259l\u0259rl\u0259 biz d\u0259 onlara qo\u015fulmaqdan m\u0259mnunuq\u201d, &#8211; o bildirib.&hellip;<\/p>\n","protected":false},"author":2,"featured_media":23727,"comment_status":"closed","ping_status":"closed","sticky":false,"template":"","format":"standard","meta":{"om_disable_all_campaigns":false,"_monsterinsights_skip_tracking":false,"_monsterinsights_sitenote_active":false,"_monsterinsights_sitenote_note":"","_monsterinsights_sitenote_category":0},"categories":[4],"tags":[],"aioseo_notices":[],"gutentor_comment":0,"rttpg_featured_image_url":{"full":["https:\/\/arantv.az\/wp-content\/uploads\/2018\/11\/hikmethaciyev.jpg",620,375,false],"landscape":["https:\/\/arantv.az\/wp-content\/uploads\/2018\/11\/hikmethaciyev.jpg",620,375,false],"portraits":["https:\/\/arantv.az\/wp-content\/uploads\/2018\/11\/hikmethaciyev.jpg",620,375,false],"thumbnail":["https:\/\/arantv.az\/wp-content\/uploads\/2018\/11\/hikmethaciyev-150x150.jpg",150,150,true],"medium":["https:\/\/arantv.az\/wp-content\/uploads\/2018\/11\/hikmethaciyev-300x181.jpg",300,181,true],"large":["https:\/\/arantv.az\/wp-content\/uploads\/2018\/11\/hikmethaciyev.jpg",620,375,false],"1536x1536":["https:\/\/arantv.az\/wp-content\/uploads\/2018\/11\/hikmethaciyev.jpg",620,375,false],"2048x2048":["https:\/\/arantv.az\/wp-content\/uploads\/2018\/11\/hikmethaciyev.jpg",620,375,false],"post-thumbnail":["https:\/\/arantv.az\/wp-content\/uploads\/2018\/11\/hikmethaciyev-240x172.jpg",240,172,true],"advps-thumb-one":["https:\/\/arantv.az\/wp-content\/uploads\/2018\/11\/hikmethaciyev.jpg",620,375,false]},"rttpg_author":{"display_name":"V\u00fcsal Rafiqo\u011flu","author_link":"https:\/\/arantv.az\/?author=2"},"rttpg_comment":0,"rttpg_category":"<a href=\"https:\/\/arantv.az\/?cat=4\" rel=\"category\">Siyas\u0259t<\/a>","rttpg_excerpt":"\u201cK\u00f6hn\u0259 F\u00fczulinin xarabal\u0131qlar\u0131 i\u015f\u011fal\u0131n faci\u0259vi xat\u0131rlatmas\u0131d\u0131r\u201d. Bunu Az\u0259rbaycan Prezidentinin k\u00f6m\u0259k\u00e7isi &#8211; Prezident Administrasiyas\u0131n\u0131n Xarici siyas\u0259t m\u0259s\u0259l\u0259l\u0259ri \u015f\u00f6b\u0259sinin m\u00fcdiri Hikm\u0259t Hac\u0131yev F\u00fczuli \u015e\u0259h\u0259r G\u00fcn\u00fc il\u0259 ba\u011fl\u0131 \u201cX\u201d hesab\u0131nda etdiyi payla\u015f\u0131mda qeyd edib. O xat\u0131rlad\u0131b ki, 2020-ci il oktyabr\u0131n 17-d\u0259 F\u00fczuli Erm\u0259nistan\u0131n 30 illik h\u0259rbi i\u015f\u011fal\u0131ndan azad edilib. \u201cKe\u00e7mi\u015f m\u0259cburi k\u00f6\u00e7k\u00fcnl\u0259r yeni tikilmi\u015f m\u0259nzill\u0259r\u0259 qay\u0131d\u0131r, u\u015faqlar is\u0259&hellip;","_links":{"self":[{"href":"https:\/\/arantv.az\/index.php?rest_route=\/wp\/v2\/posts\/646754"}],"collection":[{"href":"https:\/\/arantv.az\/index.php?rest_route=\/wp\/v2\/posts"}],"about":[{"href":"https:\/\/arantv.az\/index.php?rest_route=\/wp\/v2\/types\/post"}],"author":[{"embeddable":true,"href":"https:\/\/arantv.az\/index.php?rest_route=\/wp\/v2\/users\/2"}],"replies":[{"embeddable":true,"href":"https:\/\/arantv.az\/index.php?rest_route=%2Fwp%2Fv2%2Fcomments&post=646754"}],"version-history":[{"count":0,"href":"https:\/\/arantv.az\/index.php?rest_route=\/wp\/v2\/posts\/646754\/revisions"}],"wp:featuredmedia":[{"embeddable":true,"href":"https:\/\/arantv.az\/index.php?rest_route=\/wp\/v2\/media\/23727"}],"wp:attachment":[{"href":"https:\/\/arantv.az\/index.php?rest_route=%2Fwp%2Fv2%2Fmedia&parent=646754"}],"wp:term":[{"taxonomy":"category","embeddable":true,"href":"https:\/\/arantv.az\/index.php?rest_route=%2Fwp%2Fv2%2Fcategories&post=646754"},{"taxonomy":"post_tag","embeddable":true,"href":"https:\/\/arantv.az\/index.php?rest_route=%2Fwp%2Fv2%2Ftags&post=646754"}],"curies":[{"name":"wp","href":"https:\/\/api.w.org\/{rel}","templated":true}]}}