{"id":64680,"date":"2019-06-07T10:37:36","date_gmt":"2019-06-07T07:37:36","guid":{"rendered":"http:\/\/arantv.az\/?p=64680"},"modified":"2019-06-07T10:37:36","modified_gmt":"2019-06-07T07:37:36","slug":"elci-gond%c9%99rdiyi-qizi-oldurub-anasini-yaralayan-s%c9%99xsd%c9%99n-yeni-x%c9%99b%c9%99r","status":"publish","type":"post","link":"https:\/\/arantv.az\/?p=64680","title":{"rendered":"El\u00e7i g\u00f6nd\u0259rdiyi q\u0131z\u0131 \u00f6ld\u00fcr\u00fcb, anas\u0131n\u0131 yaralayan \u015f\u0259xsd\u0259n YEN\u0130 X\u018fB\u018fR"},"content":{"rendered":"<p>Bak\u0131da bir n\u0259f\u0259ri \u00f6ld\u00fcr\u00fcb, bir n\u0259f\u0259ri yaralamaqda t\u0259qsirl\u0259ndiril\u0259n Sabir Q\u0259dimov bar\u0259sind\u0259 olan h\u00f6kmd\u0259n apelyasiya \u015fikay\u0259ti \u00fczr\u0259 m\u0259hk\u0259m\u0259 prosesi ba\u015flay\u0131b.<\/p>\n<p><strong>ARANTV.AZ<\/strong>\u00a0 apa-ya istinad\u0259n x\u0259b\u0259r verir ki, Bak\u0131 Apelyasiya M\u0259hk\u0259m\u0259sind\u0259 hakim Rizvan S\u0259f\u0259rovun s\u0259drliyi il\u0259 ke\u00e7iril\u0259n prosesd\u0259 t\u0259qsirl\u0259ndiril\u0259n \u015f\u0259xsin anket m\u0259lumatlar\u0131 d\u0259qiql\u0259\u015fdirilib.<\/p>\n<p>M\u0259hk\u0259m\u0259 bax\u0131\u015f\u0131 iyunun 19-a t\u0259yin edilib.<\/p>\n<p>Qeyd ed\u0259k ki, q\u0259tl \u00f6t\u0259n il Bak\u0131n\u0131n Sabun\u00e7u rayonunun Balaxan\u0131 q\u0259s\u0259b\u0259sind\u0259 ba\u015f verib.<\/p>\n<p>\u0130lkin m\u0259lumata g\u00f6r\u0259, Balaxan\u0131 q\u0259s\u0259b\u0259 sakini, 1999-cu il t\u0259v\u0259ll\u00fcdl\u00fc Sabir Q\u0259dimovun ail\u0259si C\u0259f\u0259rovlar ail\u0259sinin 2001-ci il t\u0259v\u0259ll\u00fcdl\u00fc q\u0131z\u0131 Ayt\u0259n C\u0259f\u0259rovaya el\u00e7i gedib. Amma m\u0259hk\u0259m\u0259d\u0259 m\u0259lum olub ki, Sabir Q\u0259dimov m\u0259rhumun evin\u0259 el\u00e7i kimi yox, Ayt\u0259nl\u0259 m\u00fcbahis\u0259 etm\u0259y\u0259 gedibmi\u015f.<\/p>\n<p>El\u00e7ilik m\u0259clisind\u0259n sonra S.Q\u0259dimov A.C\u0259f\u0259rovan\u0131n ya\u015fad\u0131\u011f\u0131 ev\u0259 g\u0259l\u0259r\u0259k onunla m\u00fcbahis\u0259 edib. M\u00fcbahis\u0259d\u0259n sonra o, babas\u0131na m\u0259xsus ov t\u00fcf\u0259ngini g\u00f6t\u00fcr\u0259r\u0259k t\u0259krar A.C\u0259f\u0259rovan\u0131n ya\u015fad\u0131\u011f\u0131 ev\u0259 g\u0259lib. S.Q\u0259dimov t\u00fcf\u0259ngl\u0259 f\u0259rdi ya\u015fay\u0131\u015f evinin h\u0259y\u0259tind\u0259 A.C\u0259f\u0259rovan\u0131n ba\u015f\u0131na v\u0259 b\u0259d\u0259nin\u0259 at\u0259\u015f a\u00e7\u0131b. Onun qar\u015f\u0131s\u0131n\u0131 almaq ist\u0259y\u0259n A.C\u0259f\u0259rovan\u0131n anas\u0131, 1962-ci il t\u0259v\u0259ll\u00fcdl\u00fc Esmira C\u0259f\u0259rova \u0259lind\u0259n v\u0259 \u00e7iynind\u0259n g\u00fcll\u0259 yaras\u0131 al\u0131b.<\/p>\n<p>Yaral\u0131lar 3 sayl\u0131 Klinik Tibbi M\u0259rk\u0259z\u0259 yerl\u0259\u015fdirilib. E.C\u0259f\u0259rova sa\u011f yana\u011f\u0131ndan, sa\u011f \u00e7iynind\u0259n v\u0259 sa\u011f aya\u011f\u0131ndan g\u00fcll\u0259 yaralar\u0131 al\u0131b. C\u0259rrahi \u0259m\u0259liyyatla onun h\u0259yat\u0131n\u0131 xilas etm\u0259k m\u00fcmk\u00fcn olub. E.C\u0259f\u0259rovan\u0131n sa\u011f \u0259linin \u00fc\u00e7 barma\u011f\u0131 travmatik amputasiya edilib.<\/p>\n<p>A.C\u0259f\u0259rova is\u0259 k\u0259ll\u0259 v\u0259 d\u00f6\u015f q\u0259f\u0259sinin arxa s\u0259thind\u0259n ald\u0131\u011f\u0131 g\u00fcll\u0259 yaralar\u0131ndan d\u00fcnyas\u0131n\u0131 d\u0259yi\u015fib.<\/p>\n<p>Bak\u0131 A\u011f\u0131r Cinay\u0259tl\u0259r M\u0259hk\u0259m\u0259sinin h\u00f6km\u00fc il\u0259 S.Q\u0259dirov 19 il m\u00fcdd\u0259tin\u0259 azadl\u0131qdan m\u0259hrum olunub.<\/p>\n","protected":false},"excerpt":{"rendered":"<p>Bak\u0131da bir n\u0259f\u0259ri \u00f6ld\u00fcr\u00fcb, bir n\u0259f\u0259ri yaralamaqda t\u0259qsirl\u0259ndiril\u0259n Sabir Q\u0259dimov bar\u0259sind\u0259 olan h\u00f6kmd\u0259n apelyasiya \u015fikay\u0259ti \u00fczr\u0259 m\u0259hk\u0259m\u0259 prosesi ba\u015flay\u0131b. ARANTV.AZ\u00a0 apa-ya istinad\u0259n x\u0259b\u0259r verir ki, Bak\u0131 Apelyasiya M\u0259hk\u0259m\u0259sind\u0259 hakim Rizvan S\u0259f\u0259rovun s\u0259drliyi il\u0259 ke\u00e7iril\u0259n prosesd\u0259 t\u0259qsirl\u0259ndiril\u0259n \u015f\u0259xsin anket m\u0259lumatlar\u0131 d\u0259qiql\u0259\u015fdirilib. M\u0259hk\u0259m\u0259 bax\u0131\u015f\u0131 iyunun 19-a t\u0259yin edilib. Qeyd ed\u0259k ki, q\u0259tl \u00f6t\u0259n il Bak\u0131n\u0131n Sabun\u00e7u rayonunun Balaxan\u0131 q\u0259s\u0259b\u0259sind\u0259 ba\u015f verib. \u0130lkin m\u0259lumata g\u00f6r\u0259, Balaxan\u0131 q\u0259s\u0259b\u0259 sakini, 1999-cu il t\u0259v\u0259ll\u00fcdl\u00fc Sabir Q\u0259dimovun ail\u0259si C\u0259f\u0259rovlar ail\u0259sinin 2001-ci il t\u0259v\u0259ll\u00fcdl\u00fc q\u0131z\u0131 Ayt\u0259n C\u0259f\u0259rovaya el\u00e7i gedib. Amma m\u0259hk\u0259m\u0259d\u0259 m\u0259lum olub ki, Sabir Q\u0259dimov m\u0259rhumun evin\u0259&hellip;<\/p>\n","protected":false},"author":2,"featured_media":64681,"comment_status":"closed","ping_status":"closed","sticky":false,"template":"","format":"standard","meta":{"om_disable_all_campaigns":false,"_monsterinsights_skip_tracking":false,"_monsterinsights_sitenote_active":false,"_monsterinsights_sitenote_note":"","_monsterinsights_sitenote_category":0},"categories":[5],"tags":[],"aioseo_notices":[],"gutentor_comment":0,"rttpg_featured_image_url":{"full":["https:\/\/arantv.az\/wp-content\/uploads\/2019\/06\/1559891634qetl-sabir.jpg",549,345,false],"landscape":["https:\/\/arantv.az\/wp-content\/uploads\/2019\/06\/1559891634qetl-sabir.jpg",549,345,false],"portraits":["https:\/\/arantv.az\/wp-content\/uploads\/2019\/06\/1559891634qetl-sabir.jpg",549,345,false],"thumbnail":["https:\/\/arantv.az\/wp-content\/uploads\/2019\/06\/1559891634qetl-sabir-150x150.jpg",150,150,true],"medium":["https:\/\/arantv.az\/wp-content\/uploads\/2019\/06\/1559891634qetl-sabir-300x189.jpg",300,189,true],"large":["https:\/\/arantv.az\/wp-content\/uploads\/2019\/06\/1559891634qetl-sabir.jpg",549,345,false],"1536x1536":["https:\/\/arantv.az\/wp-content\/uploads\/2019\/06\/1559891634qetl-sabir.jpg",549,345,false],"2048x2048":["https:\/\/arantv.az\/wp-content\/uploads\/2019\/06\/1559891634qetl-sabir.jpg",549,345,false],"post-thumbnail":["https:\/\/arantv.az\/wp-content\/uploads\/2019\/06\/1559891634qetl-sabir-240x172.jpg",240,172,true],"advps-thumb-one":["https:\/\/arantv.az\/wp-content\/uploads\/2019\/06\/1559891634qetl-sabir.jpg",549,345,false]},"rttpg_author":{"display_name":"V\u00fcsal Rafiqo\u011flu","author_link":"https:\/\/arantv.az\/?author=2"},"rttpg_comment":0,"rttpg_category":"<a href=\"https:\/\/arantv.az\/?cat=5\" rel=\"category\">Hadis\u0259<\/a>","rttpg_excerpt":"Bak\u0131da bir n\u0259f\u0259ri \u00f6ld\u00fcr\u00fcb, bir n\u0259f\u0259ri yaralamaqda t\u0259qsirl\u0259ndiril\u0259n Sabir Q\u0259dimov bar\u0259sind\u0259 olan h\u00f6kmd\u0259n apelyasiya \u015fikay\u0259ti \u00fczr\u0259 m\u0259hk\u0259m\u0259 prosesi ba\u015flay\u0131b. ARANTV.AZ\u00a0 apa-ya istinad\u0259n x\u0259b\u0259r verir ki, Bak\u0131 Apelyasiya M\u0259hk\u0259m\u0259sind\u0259 hakim Rizvan S\u0259f\u0259rovun s\u0259drliyi il\u0259 ke\u00e7iril\u0259n prosesd\u0259 t\u0259qsirl\u0259ndiril\u0259n \u015f\u0259xsin anket m\u0259lumatlar\u0131 d\u0259qiql\u0259\u015fdirilib. M\u0259hk\u0259m\u0259 bax\u0131\u015f\u0131 iyunun 19-a t\u0259yin edilib. Qeyd ed\u0259k ki, q\u0259tl \u00f6t\u0259n il Bak\u0131n\u0131n Sabun\u00e7u rayonunun&hellip;","_links":{"self":[{"href":"https:\/\/arantv.az\/index.php?rest_route=\/wp\/v2\/posts\/64680"}],"collection":[{"href":"https:\/\/arantv.az\/index.php?rest_route=\/wp\/v2\/posts"}],"about":[{"href":"https:\/\/arantv.az\/index.php?rest_route=\/wp\/v2\/types\/post"}],"author":[{"embeddable":true,"href":"https:\/\/arantv.az\/index.php?rest_route=\/wp\/v2\/users\/2"}],"replies":[{"embeddable":true,"href":"https:\/\/arantv.az\/index.php?rest_route=%2Fwp%2Fv2%2Fcomments&post=64680"}],"version-history":[{"count":0,"href":"https:\/\/arantv.az\/index.php?rest_route=\/wp\/v2\/posts\/64680\/revisions"}],"wp:featuredmedia":[{"embeddable":true,"href":"https:\/\/arantv.az\/index.php?rest_route=\/wp\/v2\/media\/64681"}],"wp:attachment":[{"href":"https:\/\/arantv.az\/index.php?rest_route=%2Fwp%2Fv2%2Fmedia&parent=64680"}],"wp:term":[{"taxonomy":"category","embeddable":true,"href":"https:\/\/arantv.az\/index.php?rest_route=%2Fwp%2Fv2%2Fcategories&post=64680"},{"taxonomy":"post_tag","embeddable":true,"href":"https:\/\/arantv.az\/index.php?rest_route=%2Fwp%2Fv2%2Ftags&post=64680"}],"curies":[{"name":"wp","href":"https:\/\/api.w.org\/{rel}","templated":true}]}}