{"id":646852,"date":"2023-10-18T11:34:47","date_gmt":"2023-10-18T07:34:47","guid":{"rendered":"https:\/\/arantv.az\/?p=646852"},"modified":"2023-10-18T11:34:47","modified_gmt":"2023-10-18T07:34:47","slug":"zaxarova-z%c9%99ng%c9%99zur-d%c9%99hlizind%c9%99-d%c9%99mir-yolu-%c9%99laq%c9%99sinin-b%c9%99rpasi-il%c9%99-bagli-umumi-anlasma-%c9%99ld%c9%99-olunub","status":"publish","type":"post","link":"https:\/\/arantv.az\/?p=646852","title":{"rendered":"Zaxarova: \u201cZ\u0259ng\u0259zur d\u0259hlizind\u0259 d\u0259mir yolu \u0259laq\u0259sinin b\u0259rpas\u0131 il\u0259 ba\u011fl\u0131 \u00fcmumi anla\u015fma \u0259ld\u0259 olunub\u201d"},"content":{"rendered":"<p>C\u0259nubi Qafqazda n\u0259qliyyat kommunikasiyalar\u0131n\u0131n a\u00e7\u0131lmas\u0131 Erm\u0259nistan-Az\u0259rbaycan m\u00fcnasib\u0259tl\u0259rinin normalla\u015fmas\u0131n\u0131n \u0259sas elementidir.<\/p>\n<p>Bunu Rusiya Xarici \u0130\u015fl\u0259r Nazirliyinin r\u0259smi n\u00fcmay\u0259nd\u0259si Mariya Zaxarova deyib.<\/p>\n<p>\u201cBu m\u0259s\u0259l\u0259 Rusiya, Az\u0259rbaycan v\u0259 Erm\u0259nistan ba\u015f nazirl\u0259rinin m\u00fcavinl\u0259rinin h\u0259ms\u0259drlik etdiyi \u00dc\u00e7t\u0259r\u0259fli \u0130\u015f\u00e7i Qrupuna h\u0259val\u0259 edilib. Bu g\u00fcn\u0259 kimi \u00dc\u00e7t\u0259r\u0259fli \u0130\u015f\u00e7i Qrupunun 12 iclas\u0131 ke\u00e7irilib. D\u0259mir yolu v\u0259 avtomobil mar\u015frutlar\u0131n\u0131n perspektivi detall\u0131 n\u0259z\u0259rd\u0259n ke\u00e7irilib\u201d, &#8211;\u00a0dey\u0259 rusiyal\u0131 diplomat vur\u011fulay\u0131b.<\/p>\n<p>M.Zaxarova qeyd edib ki, \u00dc\u00e7t\u0259r\u0259fli \u0130\u015f\u00e7i Qrupunun\u00a012-ci iclas\u0131n\u0131n yekunlar\u0131na \u0259sas\u0259n, Az\u0259rbaycan v\u0259 Erm\u0259nistan aras\u0131nda n\u0259qliyyat kommunikasiyalar\u0131n\u0131n blokdan \u00e7\u0131xar\u0131lmas\u0131 \u00fcsullar\u0131n\u0131n raz\u0131la\u015fd\u0131r\u0131lmas\u0131nda ir\u0259lil\u0259yi\u015f qeyd\u0259 al\u0131n\u0131b.<\/p>\n<p>\u201cArazd\u0259y\u0259n-Culfa-Mehri-Horadiz mar\u015frutu \u00fczr\u0259 d\u0259mir yolu \u0259laq\u0259sinin b\u0259rpas\u0131 v\u0259 t\u0259\u015fkili \u00fc\u00e7\u00fcn konkret add\u0131mlar\u0131n h\u0259yata ke\u00e7irilm\u0259si il\u0259 ba\u011fl\u0131 \u00fcmumi anla\u015fma \u0259ld\u0259 olunub. Biz \u00f6z i\u015fimizd\u0259 h\u0259r iki \u00f6lk\u0259nin suverenliyin\u0259 v\u0259 yurisdiksiyas\u0131na h\u00f6rm\u0259t prinsipl\u0259rin\u0259 riay\u0259t etm\u0259k z\u0259rur\u0259tind\u0259n \u00e7\u0131x\u0131\u015f edirik\u201d, &#8211; dey\u0259 Mariya Zaxarova \u0259lav\u0259 edib.<\/p>\n<p>O, h\u0259m\u00e7inin vur\u011fulay\u0131b ki, kommunikasiyalar\u0131n blokdan \u00e7\u0131xar\u0131lmas\u0131 istiqam\u0259tind\u0259 \u0259ld\u0259 olunan u\u011furlar \u00dc\u00e7t\u0259r\u0259fli \u0130\u015f\u00e7i Qrupunun\u00a0i\u015find\u0259 \u0259ld\u0259 olunan u\u011furlar dig\u0259r sah\u0259l\u0259rd\u0259ki f\u0259aliyy\u0259tl\u0259r\u0259 d\u0259 \u0259lav\u0259 t\u0259kan ver\u0259c\u0259k.<\/p>\n<p>\u201cBu, dig\u0259r m\u0259s\u0259l\u0259l\u0259rl\u0259 yana\u015f\u0131, Az\u0259rbaycan v\u0259 Erm\u0259nistan aras\u0131nda s\u00fclh m\u00fcqavil\u0259sinin haz\u0131rlanmas\u0131na, Erm\u0259nistan-Az\u0259rbaycan s\u0259rh\u0259dinin delimitasiyas\u0131na v\u0259 ictimai f\u0259allarla parlamentaril\u0259r aras\u0131nda dialoqun ba\u015flanmas\u0131na da aiddir\u201d, &#8211;\u00a0dey\u0259 M.Zaxarova fikrini tamamlay\u0131b.<\/p>\n<p>M\u0259nb\u0259: Trend<\/p>\n","protected":false},"excerpt":{"rendered":"<p>C\u0259nubi Qafqazda n\u0259qliyyat kommunikasiyalar\u0131n\u0131n a\u00e7\u0131lmas\u0131 Erm\u0259nistan-Az\u0259rbaycan m\u00fcnasib\u0259tl\u0259rinin normalla\u015fmas\u0131n\u0131n \u0259sas elementidir. Bunu Rusiya Xarici \u0130\u015fl\u0259r Nazirliyinin r\u0259smi n\u00fcmay\u0259nd\u0259si Mariya Zaxarova deyib. \u201cBu m\u0259s\u0259l\u0259 Rusiya, Az\u0259rbaycan v\u0259 Erm\u0259nistan ba\u015f nazirl\u0259rinin m\u00fcavinl\u0259rinin h\u0259ms\u0259drlik etdiyi \u00dc\u00e7t\u0259r\u0259fli \u0130\u015f\u00e7i Qrupuna h\u0259val\u0259 edilib. Bu g\u00fcn\u0259 kimi \u00dc\u00e7t\u0259r\u0259fli \u0130\u015f\u00e7i Qrupunun 12 iclas\u0131 ke\u00e7irilib. D\u0259mir yolu v\u0259 avtomobil mar\u015frutlar\u0131n\u0131n perspektivi detall\u0131 n\u0259z\u0259rd\u0259n ke\u00e7irilib\u201d, &#8211;\u00a0dey\u0259 rusiyal\u0131 diplomat vur\u011fulay\u0131b. M.Zaxarova qeyd edib ki, \u00dc\u00e7t\u0259r\u0259fli \u0130\u015f\u00e7i Qrupunun\u00a012-ci iclas\u0131n\u0131n yekunlar\u0131na \u0259sas\u0259n, Az\u0259rbaycan v\u0259 Erm\u0259nistan aras\u0131nda n\u0259qliyyat kommunikasiyalar\u0131n\u0131n blokdan \u00e7\u0131xar\u0131lmas\u0131 \u00fcsullar\u0131n\u0131n raz\u0131la\u015fd\u0131r\u0131lmas\u0131nda ir\u0259lil\u0259yi\u015f qeyd\u0259 al\u0131n\u0131b. \u201cArazd\u0259y\u0259n-Culfa-Mehri-Horadiz mar\u015frutu \u00fczr\u0259 d\u0259mir yolu \u0259laq\u0259sinin b\u0259rpas\u0131 v\u0259 t\u0259\u015fkili&hellip;<\/p>\n","protected":false},"author":2,"featured_media":646855,"comment_status":"closed","ping_status":"closed","sticky":false,"template":"","format":"standard","meta":{"om_disable_all_campaigns":false,"_monsterinsights_skip_tracking":false,"_monsterinsights_sitenote_active":false,"_monsterinsights_sitenote_note":"","_monsterinsights_sitenote_category":0},"categories":[7],"tags":[],"aioseo_notices":[],"gutentor_comment":0,"rttpg_featured_image_url":{"full":["https:\/\/arantv.az\/wp-content\/uploads\/2023\/10\/393905439_871564357386542_116925549331782798_n.jpg",620,413,false],"landscape":["https:\/\/arantv.az\/wp-content\/uploads\/2023\/10\/393905439_871564357386542_116925549331782798_n.jpg",620,413,false],"portraits":["https:\/\/arantv.az\/wp-content\/uploads\/2023\/10\/393905439_871564357386542_116925549331782798_n.jpg",620,413,false],"thumbnail":["https:\/\/arantv.az\/wp-content\/uploads\/2023\/10\/393905439_871564357386542_116925549331782798_n-500x280.jpg",500,280,true],"medium":["https:\/\/arantv.az\/wp-content\/uploads\/2023\/10\/393905439_871564357386542_116925549331782798_n-548x365.jpg",548,365,true],"large":["https:\/\/arantv.az\/wp-content\/uploads\/2023\/10\/393905439_871564357386542_116925549331782798_n.jpg",620,413,false],"1536x1536":["https:\/\/arantv.az\/wp-content\/uploads\/2023\/10\/393905439_871564357386542_116925549331782798_n.jpg",620,413,false],"2048x2048":["https:\/\/arantv.az\/wp-content\/uploads\/2023\/10\/393905439_871564357386542_116925549331782798_n.jpg",620,413,false],"post-thumbnail":["https:\/\/arantv.az\/wp-content\/uploads\/2023\/10\/393905439_871564357386542_116925549331782798_n-240x172.jpg",240,172,true],"advps-thumb-one":["https:\/\/arantv.az\/wp-content\/uploads\/2023\/10\/393905439_871564357386542_116925549331782798_n.jpg",620,413,false]},"rttpg_author":{"display_name":"V\u00fcsal Rafiqo\u011flu","author_link":"https:\/\/arantv.az\/?author=2"},"rttpg_comment":0,"rttpg_category":"<a href=\"https:\/\/arantv.az\/?cat=7\" rel=\"category\">D\u00fcnya<\/a>","rttpg_excerpt":"C\u0259nubi Qafqazda n\u0259qliyyat kommunikasiyalar\u0131n\u0131n a\u00e7\u0131lmas\u0131 Erm\u0259nistan-Az\u0259rbaycan m\u00fcnasib\u0259tl\u0259rinin normalla\u015fmas\u0131n\u0131n \u0259sas elementidir. Bunu Rusiya Xarici \u0130\u015fl\u0259r Nazirliyinin r\u0259smi n\u00fcmay\u0259nd\u0259si Mariya Zaxarova deyib. \u201cBu m\u0259s\u0259l\u0259 Rusiya, Az\u0259rbaycan v\u0259 Erm\u0259nistan ba\u015f nazirl\u0259rinin m\u00fcavinl\u0259rinin h\u0259ms\u0259drlik etdiyi \u00dc\u00e7t\u0259r\u0259fli \u0130\u015f\u00e7i Qrupuna h\u0259val\u0259 edilib. Bu g\u00fcn\u0259 kimi \u00dc\u00e7t\u0259r\u0259fli \u0130\u015f\u00e7i Qrupunun 12 iclas\u0131 ke\u00e7irilib. D\u0259mir yolu v\u0259 avtomobil mar\u015frutlar\u0131n\u0131n perspektivi detall\u0131 n\u0259z\u0259rd\u0259n ke\u00e7irilib\u201d, &#8211;\u00a0dey\u0259&hellip;","_links":{"self":[{"href":"https:\/\/arantv.az\/index.php?rest_route=\/wp\/v2\/posts\/646852"}],"collection":[{"href":"https:\/\/arantv.az\/index.php?rest_route=\/wp\/v2\/posts"}],"about":[{"href":"https:\/\/arantv.az\/index.php?rest_route=\/wp\/v2\/types\/post"}],"author":[{"embeddable":true,"href":"https:\/\/arantv.az\/index.php?rest_route=\/wp\/v2\/users\/2"}],"replies":[{"embeddable":true,"href":"https:\/\/arantv.az\/index.php?rest_route=%2Fwp%2Fv2%2Fcomments&post=646852"}],"version-history":[{"count":0,"href":"https:\/\/arantv.az\/index.php?rest_route=\/wp\/v2\/posts\/646852\/revisions"}],"wp:featuredmedia":[{"embeddable":true,"href":"https:\/\/arantv.az\/index.php?rest_route=\/wp\/v2\/media\/646855"}],"wp:attachment":[{"href":"https:\/\/arantv.az\/index.php?rest_route=%2Fwp%2Fv2%2Fmedia&parent=646852"}],"wp:term":[{"taxonomy":"category","embeddable":true,"href":"https:\/\/arantv.az\/index.php?rest_route=%2Fwp%2Fv2%2Fcategories&post=646852"},{"taxonomy":"post_tag","embeddable":true,"href":"https:\/\/arantv.az\/index.php?rest_route=%2Fwp%2Fv2%2Ftags&post=646852"}],"curies":[{"name":"wp","href":"https:\/\/api.w.org\/{rel}","templated":true}]}}