{"id":646854,"date":"2023-10-18T11:35:20","date_gmt":"2023-10-18T07:35:20","guid":{"rendered":"https:\/\/arantv.az\/?p=646854"},"modified":"2023-10-18T11:35:20","modified_gmt":"2023-10-18T07:35:20","slug":"turkiy%c9%99li-nazir-bakiya-g%c9%99lir","status":"publish","type":"post","link":"https:\/\/arantv.az\/?p=646854","title":{"rendered":"T\u00fcrkiy\u0259li nazir Bak\u0131ya g\u0259lir"},"content":{"rendered":"<p>T\u00fcrkiy\u0259nin ail\u0259 v\u0259 sosial xidm\u0259tl\u0259r naziri Mahinur \u00d6zdemir G\u00f6kta\u015f bu g\u00fcn Bak\u0131ya s\u0259f\u0259r ed\u0259c\u0259k.<\/p>\n<p>M\u0259lumata g\u00f6r\u0259, o, Ail\u0259, Qad\u0131n v\u0259 U\u015faq Probleml\u0259ri \u00fczr\u0259 D\u00f6vl\u0259t Komit\u0259sinin s\u0259dri Bahar Muradova, \u0259m\u0259k v\u0259 \u0259halinin sosial m\u00fcdafi\u0259si naziri Sahil Babayev v\u0259 Milli M\u0259clisin s\u0259dri Sahib\u0259 Qafarova il\u0259 g\u00f6r\u00fc\u015f\u0259c\u0259k.<\/p>\n<p>Qeyd ed\u0259k ki, t\u00fcrkiy\u0259li nazir \u015e\u0259hidl\u0259r Xiyaban\u0131n\u0131 ziyar\u0259t ed\u0259c\u0259k.<\/p>\n<p>M\u0259nb\u0259: Anadolu<\/p>\n","protected":false},"excerpt":{"rendered":"<p>T\u00fcrkiy\u0259nin ail\u0259 v\u0259 sosial xidm\u0259tl\u0259r naziri Mahinur \u00d6zdemir G\u00f6kta\u015f bu g\u00fcn Bak\u0131ya s\u0259f\u0259r ed\u0259c\u0259k. M\u0259lumata g\u00f6r\u0259, o, Ail\u0259, Qad\u0131n v\u0259 U\u015faq Probleml\u0259ri \u00fczr\u0259 D\u00f6vl\u0259t Komit\u0259sinin s\u0259dri Bahar Muradova, \u0259m\u0259k v\u0259 \u0259halinin sosial m\u00fcdafi\u0259si naziri Sahil Babayev v\u0259 Milli M\u0259clisin s\u0259dri Sahib\u0259 Qafarova il\u0259 g\u00f6r\u00fc\u015f\u0259c\u0259k. Qeyd ed\u0259k ki, t\u00fcrkiy\u0259li nazir \u015e\u0259hidl\u0259r Xiyaban\u0131n\u0131 ziyar\u0259t ed\u0259c\u0259k. M\u0259nb\u0259: Anadolu<\/p>\n","protected":false},"author":2,"featured_media":646857,"comment_status":"closed","ping_status":"closed","sticky":false,"template":"","format":"standard","meta":{"om_disable_all_campaigns":false,"_monsterinsights_skip_tracking":false,"_monsterinsights_sitenote_active":false,"_monsterinsights_sitenote_note":"","_monsterinsights_sitenote_category":0},"categories":[7],"tags":[],"aioseo_notices":[],"gutentor_comment":0,"rttpg_featured_image_url":{"full":["https:\/\/arantv.az\/wp-content\/uploads\/2023\/10\/FotoJet-2023-10-18T103728.953.jpg",620,413,false],"landscape":["https:\/\/arantv.az\/wp-content\/uploads\/2023\/10\/FotoJet-2023-10-18T103728.953.jpg",620,413,false],"portraits":["https:\/\/arantv.az\/wp-content\/uploads\/2023\/10\/FotoJet-2023-10-18T103728.953.jpg",620,413,false],"thumbnail":["https:\/\/arantv.az\/wp-content\/uploads\/2023\/10\/FotoJet-2023-10-18T103728.953-500x280.jpg",500,280,true],"medium":["https:\/\/arantv.az\/wp-content\/uploads\/2023\/10\/FotoJet-2023-10-18T103728.953-548x365.jpg",548,365,true],"large":["https:\/\/arantv.az\/wp-content\/uploads\/2023\/10\/FotoJet-2023-10-18T103728.953.jpg",620,413,false],"1536x1536":["https:\/\/arantv.az\/wp-content\/uploads\/2023\/10\/FotoJet-2023-10-18T103728.953.jpg",620,413,false],"2048x2048":["https:\/\/arantv.az\/wp-content\/uploads\/2023\/10\/FotoJet-2023-10-18T103728.953.jpg",620,413,false],"post-thumbnail":["https:\/\/arantv.az\/wp-content\/uploads\/2023\/10\/FotoJet-2023-10-18T103728.953-240x172.jpg",240,172,true],"advps-thumb-one":["https:\/\/arantv.az\/wp-content\/uploads\/2023\/10\/FotoJet-2023-10-18T103728.953.jpg",620,413,false]},"rttpg_author":{"display_name":"V\u00fcsal Rafiqo\u011flu","author_link":"https:\/\/arantv.az\/?author=2"},"rttpg_comment":0,"rttpg_category":"<a href=\"https:\/\/arantv.az\/?cat=7\" rel=\"category\">D\u00fcnya<\/a>","rttpg_excerpt":"T\u00fcrkiy\u0259nin ail\u0259 v\u0259 sosial xidm\u0259tl\u0259r naziri Mahinur \u00d6zdemir G\u00f6kta\u015f bu g\u00fcn Bak\u0131ya s\u0259f\u0259r ed\u0259c\u0259k. M\u0259lumata g\u00f6r\u0259, o, Ail\u0259, Qad\u0131n v\u0259 U\u015faq Probleml\u0259ri \u00fczr\u0259 D\u00f6vl\u0259t Komit\u0259sinin s\u0259dri Bahar Muradova, \u0259m\u0259k v\u0259 \u0259halinin sosial m\u00fcdafi\u0259si naziri Sahil Babayev v\u0259 Milli M\u0259clisin s\u0259dri Sahib\u0259 Qafarova il\u0259 g\u00f6r\u00fc\u015f\u0259c\u0259k. Qeyd ed\u0259k ki, t\u00fcrkiy\u0259li nazir \u015e\u0259hidl\u0259r Xiyaban\u0131n\u0131 ziyar\u0259t ed\u0259c\u0259k. M\u0259nb\u0259: Anadolu","_links":{"self":[{"href":"https:\/\/arantv.az\/index.php?rest_route=\/wp\/v2\/posts\/646854"}],"collection":[{"href":"https:\/\/arantv.az\/index.php?rest_route=\/wp\/v2\/posts"}],"about":[{"href":"https:\/\/arantv.az\/index.php?rest_route=\/wp\/v2\/types\/post"}],"author":[{"embeddable":true,"href":"https:\/\/arantv.az\/index.php?rest_route=\/wp\/v2\/users\/2"}],"replies":[{"embeddable":true,"href":"https:\/\/arantv.az\/index.php?rest_route=%2Fwp%2Fv2%2Fcomments&post=646854"}],"version-history":[{"count":0,"href":"https:\/\/arantv.az\/index.php?rest_route=\/wp\/v2\/posts\/646854\/revisions"}],"wp:featuredmedia":[{"embeddable":true,"href":"https:\/\/arantv.az\/index.php?rest_route=\/wp\/v2\/media\/646857"}],"wp:attachment":[{"href":"https:\/\/arantv.az\/index.php?rest_route=%2Fwp%2Fv2%2Fmedia&parent=646854"}],"wp:term":[{"taxonomy":"category","embeddable":true,"href":"https:\/\/arantv.az\/index.php?rest_route=%2Fwp%2Fv2%2Fcategories&post=646854"},{"taxonomy":"post_tag","embeddable":true,"href":"https:\/\/arantv.az\/index.php?rest_route=%2Fwp%2Fv2%2Ftags&post=646854"}],"curies":[{"name":"wp","href":"https:\/\/api.w.org\/{rel}","templated":true}]}}