{"id":646858,"date":"2023-10-18T11:35:53","date_gmt":"2023-10-18T07:35:53","guid":{"rendered":"https:\/\/arantv.az\/?p=646858"},"modified":"2023-10-18T11:35:53","modified_gmt":"2023-10-18T07:35:53","slug":"bmt-komit%c9%99si-q%c9%99rbi-az%c9%99rbaycan-icmasinin-qaldirdigi-m%c9%99s%c9%99l%c9%99l%c9%99rin-icrasini-erm%c9%99nistandan-t%c9%99l%c9%99b-edib","status":"publish","type":"post","link":"https:\/\/arantv.az\/?p=646858","title":{"rendered":"BMT komit\u0259si Q\u0259rbi Az\u0259rbaycan \u0130cmas\u0131n\u0131n qald\u0131rd\u0131\u011f\u0131 m\u0259s\u0259l\u0259l\u0259rin icras\u0131n\u0131 Erm\u0259nistandan t\u0259l\u0259b edib"},"content":{"rendered":"<p>Q\u0259rbi Az\u0259rbaycan \u0130cmas\u0131 Erm\u0259nistan Respublikas\u0131n\u0131n \u0130qtisadi, Sosial v\u0259 M\u0259d\u0259ni H\u00fcquqlar Haqq\u0131nda Beyn\u0259lxalq Pakt\u0131n icras\u0131na dair D\u00f6rd\u00fcnc\u00fc D\u00f6vri Hesabat\u0131 il\u0259 \u0259laq\u0259dar BMT-nin \u0130qtisadi, Sosial v\u0259 M\u0259d\u0259ni H\u00fcquqlar Komit\u0259sin\u0259 geni\u015f\u00a0<a href=\"https:\/\/tbinternet.ohchr.org\/_layouts\/15\/treatybodyexternal\/Download.aspx?symbolno=E%2FC.12%2FARM%2FCO%2F4&amp;Lang=en\" target=\"_blank\" rel=\"noopener\">Paralel Hesabat<\/a>\u00a0t\u0259qdim edib.<\/p>\n<p>Bu bar\u0259d\u0259 Q\u0259rbi Az\u0259rbaycan \u0130cmas\u0131 m\u0259lumat yay\u0131b.<\/p>\n<p>Qeyd edilib ki, icman\u0131n n\u00fcmay\u0259nd\u0259si Kamal C\u0259f\u0259rov komit\u0259nin iclas\u0131nda i\u015ftirak edib.<\/p>\n<p>\u201c\u0130cma s\u00f6z\u00fcged\u0259n paralel hesabat\u0131nda Erm\u0259nistan\u0131n orada ya\u015fam\u0131\u015f az\u0259rbaycanl\u0131lar\u0131 qovmaqla pakt\u0131 v\u0259 dig\u0259r beyn\u0259lxalq insan h\u00fcquqlar\u0131 konvensiyalar\u0131n\u0131 pozmas\u0131 haqq\u0131nda m\u0259lumat vermi\u015f v\u0259 komit\u0259ni insan h\u00fcquqlar\u0131 pozuntular\u0131n\u0131 aradan qald\u0131rmaq \u00fc\u00e7\u00fcn t\u0259cili t\u0259dbirl\u0259r g\u00f6rm\u0259y\u0259 \u00e7a\u011f\u0131r\u0131b.<\/p>\n<p>Bu g\u00fcnl\u0259rd\u0259 komit\u0259 Erm\u0259nistan\u0131n s\u00f6z\u00fcged\u0259n pakt\u0131 icra etm\u0259si il\u0259 ba\u011fl\u0131 yekun q\u0259na\u0259t v\u0259 t\u00f6vsiy\u0259l\u0259rini d\u0259rc edib. \u0130cman\u0131n qald\u0131rd\u0131\u011f\u0131 bir \u00e7ox iradlar, \u0259l\u0259lx\u00fcsus, Erm\u0259nistan\u0131n ayr\u0131-se\u00e7kiliy\u0259 yol verm\u0259si, milli azl\u0131qlar\u0131n h\u00fcquqlar\u0131n\u0131 pozmas\u0131, m\u0259d\u0259ni h\u00fcquqlar\u0131 pozmas\u0131 v\u0259 Az\u0259rbaycan m\u0259d\u0259ni irsinin qorunmas\u0131 sah\u0259sind\u0259 \u00f6hd\u0259likl\u0259rini yerin\u0259 yetirm\u0259m\u0259si v\u0259 qa\u00e7q\u0131nlar\u0131n h\u00fcquqlar\u0131 il\u0259 ba\u011fl\u0131 \u00f6hd\u0259likl\u0259rin\u0259 bigan\u0259 yana\u015fmas\u0131 il\u0259 ba\u011fl\u0131 qald\u0131rd\u0131\u011f\u0131 m\u0259s\u0259l\u0259l\u0259r komit\u0259nin yekun s\u0259n\u0259dind\u0259 \u00f6z \u0259ksini tap\u0131b.<\/p>\n<p>Komit\u0259 Erm\u0259nistan\u0131 milli azl\u0131qlara m\u0259xsus v\u0259 haz\u0131rda yox olmaq t\u0259hl\u00fck\u0259si il\u0259 \u00fczl\u0259\u015f\u0259n m\u0259d\u0259ni v\u0259 dini abid\u0259l\u0259rin reyestrini aparmaq, laz\u0131mi miqdarda maliyy\u0259 v\u0259saiti ay\u0131rmaqla v\u0259 dig\u0259r m\u00fcvafiq t\u0259dbirl\u0259rl\u0259 onlar\u0131 qorumaq \u00fc\u00e7\u00fcn t\u0259dbirl\u0259r g\u00f6rm\u0259y\u0259 \u00e7a\u011f\u0131rm\u0131\u015fd\u0131r.<\/p>\n<p>Komit\u0259, h\u0259m\u00e7inin Erm\u0259nistan\u0131n qanunvericiliyi v\u0259 praktikas\u0131n\u0131n milli azl\u0131qlar\u0131n v\u0259 qa\u00e7q\u0131nlar\u0131n h\u00fcquqlar\u0131n\u0131 pozdu\u011funu bildirib v\u0259 Erm\u0259nistandan bu sah\u0259d\u0259 v\u0259ziyy\u0259ti d\u00fcz\u0259ltm\u0259k \u00fc\u00e7\u00fcn z\u0259ruri t\u0259dbirl\u0259r g\u00f6rm\u0259yi t\u0259l\u0259b edib.<\/p>\n<p>Komit\u0259nin s\u0259n\u0259dind\u0259 Q\u0259rbi Az\u0259rbaycan \u0130cmas\u0131n\u0131n qald\u0131rd\u0131\u011f\u0131 m\u0259s\u0259l\u0259l\u0259rin \u00f6z \u0259ksini tapmas\u0131 Erm\u0259nistandan qovulmu\u015f az\u0259rbaycanl\u0131lar\u0131n beyn\u0259lxalq konvensiyalarla qorunan h\u00fcquqlar\u0131n\u0131n b\u0259rpa edilm\u0259si istiqam\u0259tind\u0259 m\u00fch\u00fcm add\u0131md\u0131r. \u0130cma bu istiqam\u0259td\u0259 s\u0259yl\u0259rini davam etdir\u0259c\u0259k\u201d, &#8211; dey\u0259 m\u0259lumatda vur\u011fulan\u0131b.<\/p>\n","protected":false},"excerpt":{"rendered":"<p>Q\u0259rbi Az\u0259rbaycan \u0130cmas\u0131 Erm\u0259nistan Respublikas\u0131n\u0131n \u0130qtisadi, Sosial v\u0259 M\u0259d\u0259ni H\u00fcquqlar Haqq\u0131nda Beyn\u0259lxalq Pakt\u0131n icras\u0131na dair D\u00f6rd\u00fcnc\u00fc D\u00f6vri Hesabat\u0131 il\u0259 \u0259laq\u0259dar BMT-nin \u0130qtisadi, Sosial v\u0259 M\u0259d\u0259ni H\u00fcquqlar Komit\u0259sin\u0259 geni\u015f\u00a0Paralel Hesabat\u00a0t\u0259qdim edib. Bu bar\u0259d\u0259 Q\u0259rbi Az\u0259rbaycan \u0130cmas\u0131 m\u0259lumat yay\u0131b. Qeyd edilib ki, icman\u0131n n\u00fcmay\u0259nd\u0259si Kamal C\u0259f\u0259rov komit\u0259nin iclas\u0131nda i\u015ftirak edib. \u201c\u0130cma s\u00f6z\u00fcged\u0259n paralel hesabat\u0131nda Erm\u0259nistan\u0131n orada ya\u015fam\u0131\u015f az\u0259rbaycanl\u0131lar\u0131 qovmaqla pakt\u0131 v\u0259 dig\u0259r beyn\u0259lxalq insan h\u00fcquqlar\u0131 konvensiyalar\u0131n\u0131 pozmas\u0131 haqq\u0131nda m\u0259lumat vermi\u015f v\u0259 komit\u0259ni insan h\u00fcquqlar\u0131 pozuntular\u0131n\u0131 aradan qald\u0131rmaq \u00fc\u00e7\u00fcn t\u0259cili t\u0259dbirl\u0259r g\u00f6rm\u0259y\u0259 \u00e7a\u011f\u0131r\u0131b. Bu g\u00fcnl\u0259rd\u0259 komit\u0259 Erm\u0259nistan\u0131n s\u00f6z\u00fcged\u0259n pakt\u0131 icra etm\u0259si il\u0259 ba\u011fl\u0131&hellip;<\/p>\n","protected":false},"author":2,"featured_media":646861,"comment_status":"closed","ping_status":"closed","sticky":false,"template":"","format":"standard","meta":{"om_disable_all_campaigns":false,"_monsterinsights_skip_tracking":false,"_monsterinsights_sitenote_active":false,"_monsterinsights_sitenote_note":"","_monsterinsights_sitenote_category":0},"categories":[4],"tags":[],"aioseo_notices":[],"gutentor_comment":0,"rttpg_featured_image_url":{"full":["https:\/\/arantv.az\/wp-content\/uploads\/2023\/10\/a0a54f98-0d67-3545-a597-7365d7ef9900_850-1-2-1-1.jpg",620,413,false],"landscape":["https:\/\/arantv.az\/wp-content\/uploads\/2023\/10\/a0a54f98-0d67-3545-a597-7365d7ef9900_850-1-2-1-1.jpg",620,413,false],"portraits":["https:\/\/arantv.az\/wp-content\/uploads\/2023\/10\/a0a54f98-0d67-3545-a597-7365d7ef9900_850-1-2-1-1.jpg",620,413,false],"thumbnail":["https:\/\/arantv.az\/wp-content\/uploads\/2023\/10\/a0a54f98-0d67-3545-a597-7365d7ef9900_850-1-2-1-1-500x280.jpg",500,280,true],"medium":["https:\/\/arantv.az\/wp-content\/uploads\/2023\/10\/a0a54f98-0d67-3545-a597-7365d7ef9900_850-1-2-1-1-548x365.jpg",548,365,true],"large":["https:\/\/arantv.az\/wp-content\/uploads\/2023\/10\/a0a54f98-0d67-3545-a597-7365d7ef9900_850-1-2-1-1.jpg",620,413,false],"1536x1536":["https:\/\/arantv.az\/wp-content\/uploads\/2023\/10\/a0a54f98-0d67-3545-a597-7365d7ef9900_850-1-2-1-1.jpg",620,413,false],"2048x2048":["https:\/\/arantv.az\/wp-content\/uploads\/2023\/10\/a0a54f98-0d67-3545-a597-7365d7ef9900_850-1-2-1-1.jpg",620,413,false],"post-thumbnail":["https:\/\/arantv.az\/wp-content\/uploads\/2023\/10\/a0a54f98-0d67-3545-a597-7365d7ef9900_850-1-2-1-1-240x172.jpg",240,172,true],"advps-thumb-one":["https:\/\/arantv.az\/wp-content\/uploads\/2023\/10\/a0a54f98-0d67-3545-a597-7365d7ef9900_850-1-2-1-1.jpg",620,413,false]},"rttpg_author":{"display_name":"V\u00fcsal Rafiqo\u011flu","author_link":"https:\/\/arantv.az\/?author=2"},"rttpg_comment":0,"rttpg_category":"<a href=\"https:\/\/arantv.az\/?cat=4\" rel=\"category\">Siyas\u0259t<\/a>","rttpg_excerpt":"Q\u0259rbi Az\u0259rbaycan \u0130cmas\u0131 Erm\u0259nistan Respublikas\u0131n\u0131n \u0130qtisadi, Sosial v\u0259 M\u0259d\u0259ni H\u00fcquqlar Haqq\u0131nda Beyn\u0259lxalq Pakt\u0131n icras\u0131na dair D\u00f6rd\u00fcnc\u00fc D\u00f6vri Hesabat\u0131 il\u0259 \u0259laq\u0259dar BMT-nin \u0130qtisadi, Sosial v\u0259 M\u0259d\u0259ni H\u00fcquqlar Komit\u0259sin\u0259 geni\u015f\u00a0Paralel Hesabat\u00a0t\u0259qdim edib. Bu bar\u0259d\u0259 Q\u0259rbi Az\u0259rbaycan \u0130cmas\u0131 m\u0259lumat yay\u0131b. Qeyd edilib ki, icman\u0131n n\u00fcmay\u0259nd\u0259si Kamal C\u0259f\u0259rov komit\u0259nin iclas\u0131nda i\u015ftirak edib. \u201c\u0130cma s\u00f6z\u00fcged\u0259n paralel hesabat\u0131nda Erm\u0259nistan\u0131n orada ya\u015fam\u0131\u015f&hellip;","_links":{"self":[{"href":"https:\/\/arantv.az\/index.php?rest_route=\/wp\/v2\/posts\/646858"}],"collection":[{"href":"https:\/\/arantv.az\/index.php?rest_route=\/wp\/v2\/posts"}],"about":[{"href":"https:\/\/arantv.az\/index.php?rest_route=\/wp\/v2\/types\/post"}],"author":[{"embeddable":true,"href":"https:\/\/arantv.az\/index.php?rest_route=\/wp\/v2\/users\/2"}],"replies":[{"embeddable":true,"href":"https:\/\/arantv.az\/index.php?rest_route=%2Fwp%2Fv2%2Fcomments&post=646858"}],"version-history":[{"count":0,"href":"https:\/\/arantv.az\/index.php?rest_route=\/wp\/v2\/posts\/646858\/revisions"}],"wp:featuredmedia":[{"embeddable":true,"href":"https:\/\/arantv.az\/index.php?rest_route=\/wp\/v2\/media\/646861"}],"wp:attachment":[{"href":"https:\/\/arantv.az\/index.php?rest_route=%2Fwp%2Fv2%2Fmedia&parent=646858"}],"wp:term":[{"taxonomy":"category","embeddable":true,"href":"https:\/\/arantv.az\/index.php?rest_route=%2Fwp%2Fv2%2Fcategories&post=646858"},{"taxonomy":"post_tag","embeddable":true,"href":"https:\/\/arantv.az\/index.php?rest_route=%2Fwp%2Fv2%2Ftags&post=646858"}],"curies":[{"name":"wp","href":"https:\/\/api.w.org\/{rel}","templated":true}]}}