{"id":64686,"date":"2019-06-07T11:10:21","date_gmt":"2019-06-07T08:10:21","guid":{"rendered":"http:\/\/arantv.az\/?p=64686"},"modified":"2019-06-07T11:10:21","modified_gmt":"2019-06-07T08:10:21","slug":"qazdan-boguldugu-deyilirdi-intihar-edibmis-2-usaq-anasi-olan-sevincin-yeni-fotolari","status":"publish","type":"post","link":"https:\/\/arantv.az\/?p=64686","title":{"rendered":"Qazdan bo\u011fuldu\u011fu deyilirdi, \u0130NT\u0130HAR ED\u0130BM\u0130\u015e &#8211; 2 u\u015faq anas\u0131 olan Sevincin YEN\u0130 FOTOLARI"},"content":{"rendered":"<p>X\u0259b\u0259r verdiyimiz kimi, Bak\u0131da d\u0259m qaz\u0131ndan \u00f6ld\u00fcy\u00fc bildiril\u0259n 42 ya\u015fl\u0131 Sevinc Orucovan\u0131n intihar etdiyi m\u0259lum olub.<\/p>\n<p>Oxu.Az-\u0131n \u0259ld\u0259 etdiyi m\u0259lumata g\u00f6r\u0259, hadis\u0259 Yasamal rayonu \u0259razisind\u0259 ba\u015f verib.<\/p>\n<p>Bel\u0259 ki, S.Orucova iyunun 5-d\u0259 \u00f6z\u00fcn\u00fc evd\u0259 asaraq, h\u0259yat\u0131na son qoyub.<\/p>\n<div id=\"AdviadNativeVideo0\" class=\"AdviadNativeVideo\"><\/div>\n<p>Onun hans\u0131 s\u0259b\u0259bd\u0259n intihar etdiyi h\u0259l\u0259 m\u0259lum deyil.<\/p>\n<p><b>ARANTV.AZ\u00a0<\/b>\u00a0Sevinc Orucovan\u0131n yeni fotolar\u0131n\u0131 t\u0259qdim edir:<\/p>\n<p><img class=\"imgbcodecent\" src=\"https:\/\/upload.az\/foto\/arxiv\/43145689_2112231752143046_14578243296213.jpg\" alt=\"Qazdan bo\u011fuldu\u011fu deyilirdi, \u0130NT\u0130HAR ED\u0130BM\u0130\u015e - 2 u\u015faq anas\u0131 olan Sevincin YEN\u0130 FOTOLARI\" \/><br \/>\n<img class=\"imgbcodecent\" src=\"https:\/\/upload.az\/foto\/arxiv\/56601000_2395371950495690_47771934421722.jpg\" alt=\"Qazdan bo\u011fuldu\u011fu deyilirdi, \u0130NT\u0130HAR ED\u0130BM\u0130\u015e - 2 u\u015faq anas\u0131 olan Sevincin YEN\u0130 FOTOLARI\" \/><\/p>\n","protected":false},"excerpt":{"rendered":"<p>X\u0259b\u0259r verdiyimiz kimi, Bak\u0131da d\u0259m qaz\u0131ndan \u00f6ld\u00fcy\u00fc bildiril\u0259n 42 ya\u015fl\u0131 Sevinc Orucovan\u0131n intihar etdiyi m\u0259lum olub. Oxu.Az-\u0131n \u0259ld\u0259 etdiyi m\u0259lumata g\u00f6r\u0259, hadis\u0259 Yasamal rayonu \u0259razisind\u0259 ba\u015f verib. Bel\u0259 ki, S.Orucova iyunun 5-d\u0259 \u00f6z\u00fcn\u00fc evd\u0259 asaraq, h\u0259yat\u0131na son qoyub. Onun hans\u0131 s\u0259b\u0259bd\u0259n intihar etdiyi h\u0259l\u0259 m\u0259lum deyil. ARANTV.AZ\u00a0\u00a0Sevinc Orucovan\u0131n yeni fotolar\u0131n\u0131 t\u0259qdim edir:<\/p>\n","protected":false},"author":2,"featured_media":64687,"comment_status":"closed","ping_status":"closed","sticky":false,"template":"","format":"standard","meta":{"om_disable_all_campaigns":false,"_monsterinsights_skip_tracking":false,"_monsterinsights_sitenote_active":false,"_monsterinsights_sitenote_note":"","_monsterinsights_sitenote_category":0},"categories":[5],"tags":[],"aioseo_notices":[],"gutentor_comment":0,"rttpg_featured_image_url":{"full":["https:\/\/arantv.az\/wp-content\/uploads\/2019\/06\/Snimok_91559893444.jpg",599,456,false],"landscape":["https:\/\/arantv.az\/wp-content\/uploads\/2019\/06\/Snimok_91559893444.jpg",599,456,false],"portraits":["https:\/\/arantv.az\/wp-content\/uploads\/2019\/06\/Snimok_91559893444.jpg",599,456,false],"thumbnail":["https:\/\/arantv.az\/wp-content\/uploads\/2019\/06\/Snimok_91559893444-150x150.jpg",150,150,true],"medium":["https:\/\/arantv.az\/wp-content\/uploads\/2019\/06\/Snimok_91559893444-300x228.jpg",300,228,true],"large":["https:\/\/arantv.az\/wp-content\/uploads\/2019\/06\/Snimok_91559893444.jpg",599,456,false],"1536x1536":["https:\/\/arantv.az\/wp-content\/uploads\/2019\/06\/Snimok_91559893444.jpg",599,456,false],"2048x2048":["https:\/\/arantv.az\/wp-content\/uploads\/2019\/06\/Snimok_91559893444.jpg",599,456,false],"post-thumbnail":["https:\/\/arantv.az\/wp-content\/uploads\/2019\/06\/Snimok_91559893444-240x172.jpg",240,172,true],"advps-thumb-one":["https:\/\/arantv.az\/wp-content\/uploads\/2019\/06\/Snimok_91559893444.jpg",599,456,false]},"rttpg_author":{"display_name":"V\u00fcsal Rafiqo\u011flu","author_link":"https:\/\/arantv.az\/?author=2"},"rttpg_comment":0,"rttpg_category":"<a href=\"https:\/\/arantv.az\/?cat=5\" rel=\"category\">Hadis\u0259<\/a>","rttpg_excerpt":"X\u0259b\u0259r verdiyimiz kimi, Bak\u0131da d\u0259m qaz\u0131ndan \u00f6ld\u00fcy\u00fc bildiril\u0259n 42 ya\u015fl\u0131 Sevinc Orucovan\u0131n intihar etdiyi m\u0259lum olub. Oxu.Az-\u0131n \u0259ld\u0259 etdiyi m\u0259lumata g\u00f6r\u0259, hadis\u0259 Yasamal rayonu \u0259razisind\u0259 ba\u015f verib. Bel\u0259 ki, S.Orucova iyunun 5-d\u0259 \u00f6z\u00fcn\u00fc evd\u0259 asaraq, h\u0259yat\u0131na son qoyub. Onun hans\u0131 s\u0259b\u0259bd\u0259n intihar etdiyi h\u0259l\u0259 m\u0259lum deyil. ARANTV.AZ\u00a0\u00a0Sevinc Orucovan\u0131n yeni fotolar\u0131n\u0131 t\u0259qdim edir:","_links":{"self":[{"href":"https:\/\/arantv.az\/index.php?rest_route=\/wp\/v2\/posts\/64686"}],"collection":[{"href":"https:\/\/arantv.az\/index.php?rest_route=\/wp\/v2\/posts"}],"about":[{"href":"https:\/\/arantv.az\/index.php?rest_route=\/wp\/v2\/types\/post"}],"author":[{"embeddable":true,"href":"https:\/\/arantv.az\/index.php?rest_route=\/wp\/v2\/users\/2"}],"replies":[{"embeddable":true,"href":"https:\/\/arantv.az\/index.php?rest_route=%2Fwp%2Fv2%2Fcomments&post=64686"}],"version-history":[{"count":0,"href":"https:\/\/arantv.az\/index.php?rest_route=\/wp\/v2\/posts\/64686\/revisions"}],"wp:featuredmedia":[{"embeddable":true,"href":"https:\/\/arantv.az\/index.php?rest_route=\/wp\/v2\/media\/64687"}],"wp:attachment":[{"href":"https:\/\/arantv.az\/index.php?rest_route=%2Fwp%2Fv2%2Fmedia&parent=64686"}],"wp:term":[{"taxonomy":"category","embeddable":true,"href":"https:\/\/arantv.az\/index.php?rest_route=%2Fwp%2Fv2%2Fcategories&post=64686"},{"taxonomy":"post_tag","embeddable":true,"href":"https:\/\/arantv.az\/index.php?rest_route=%2Fwp%2Fv2%2Ftags&post=64686"}],"curies":[{"name":"wp","href":"https:\/\/api.w.org\/{rel}","templated":true}]}}